{"id":836762,"date":"2026-03-02T07:25:12","date_gmt":"2026-03-02T07:25:12","guid":{"rendered":"https:\/\/www.europesays.com\/de\/836762\/"},"modified":"2026-03-02T07:25:12","modified_gmt":"2026-03-02T07:25:12","slug":"mittwinter-theaterkritik-metropoltheater-muenchen","status":"publish","type":"post","link":"https:\/\/www.europesays.com\/de\/836762\/","title":{"rendered":"Mittwinter \u2013 Theaterkritik | Metropoltheater M\u00fcnchen"},"content":{"rendered":"<p>Krieg ist nie aus. Er macht nicht nur Landschaften und H\u00e4user kaputt und t\u00f6tet Menschen, schlimmer noch, er l\u00e4sst die Menschen verrohen und zerst\u00f6rt ihre Seelen. Soldaten wie Zivilisten, Alte wie Junge, M\u00e4nner wie Frauen. Nachhaltig. \u00dcber Generationen hinweg. Davon handelt das Theaterst\u00fcck &#8222;Mittwinter&#8220; der britischen Erfolgsautorin Zinnie Harris, 2004 in London uraufgef\u00fchrt, das jetzt, 22 Jahre sp\u00e4ter, am M\u00fcnchner Metropoltheater Premiere hatte und mehr denn je von beklemmender Aktualit\u00e4t ist.<\/p>\n<p>Blut, Gammelfleisch und ein stummer Junge: So beginnt der Krieg im Innern<\/p>\n<p>F\u00fcnf Personen symbolisieren in starken Bildern, welche (Aus)Wirkungen Krieg auf den einzelnen und die zwischenmenschlichen Beziehungen hat. Schon die erste Szene setzt den Ton. In einer d\u00fcsteren Tr\u00fcmmerw\u00fcste aus Teerschwarzen Brettern irgendwo im Nirgendwo macht sich Maud wie ein wildes Tier daran, mit einem Messer aus dem Bauch eines vergammelnden Pferdekadavers blutige Fleischfetzen herauszurei\u00dfen und gierig vor Hunger in ihren Bluttriefenden Mund zu stopfen. So ist das im Krieg. Erst einmal geht es ums eigene \u00dcberleben, dann, sobald ein anderer Mensch auftaucht, geht es um deals.<\/p>\n<p>Und die, das wei\u00df man auf den Zuschauerst\u00fchlen vom Geschehen auf der Weltb\u00fchne nur allzu gut, sind nie ohne Hintergedanken. Im fiktiven Kriegszustand auf der kleinen B\u00fchne des Metropoltheaters wird, nicht weniger brutal, Gammelfleisch gegen Kind getauscht, das mit seinem Gro\u00dfvater vom &#8222;Geruch des Fleischs&#8220; angezogen wurde. Es geht, man ahnt es, nicht ums Kind, sondern um die Vorstellung von &#8222;Familie&#8220;, die Maud gern h\u00e4tte. Da ist ihr der stumme, scheinbar zur\u00fcckgebliebene Junge (ph\u00e4nomenal mimisch und gestisch verk\u00f6rpert von Anna Graenzer) nur recht, den sie wie ein Haustier f\u00fcr ihre eigenen Bed\u00fcrfnisse instrumentalisiert.<\/p>\n<p>Kurz darauf klopft es an der buchst\u00e4blichen Bretterbude, die vom Heim \u00fcbrig geblieben ist, und der totgesagte Soldat Grenville steht in der T\u00fcr. \u00a0Wieder ein Schock, wieder macht Maud sich und dem anderen etwas vor. Verw\u00fcstung \u00fcberall, innen wie au\u00dfen.<\/p>\n","protected":false},"excerpt":{"rendered":"Krieg ist nie aus. Er macht nicht nur Landschaften und H\u00e4user kaputt und t\u00f6tet Menschen, schlimmer noch, er&hellip;\n","protected":false},"author":2,"featured_media":836763,"comment_status":"","ping_status":"","sticky":false,"template":"","format":"standard","meta":{"footnotes":"","_share_on_mastodon":"0"},"categories":[1827],"tags":[186774,772,29,30,186772,123674,186770,186768,1268,186773,186771,186769],"class_list":["post-836762","post","type-post","status-publish","format-standard","has-post-thumbnail","category-muenchen","tag-bayerisches-staatsschauspiel","tag-bayern","tag-deutschland","tag-germany","tag-jochen-schoelch","tag-kammerspiel","tag-metropoltheater-muenchen","tag-mittwinter","tag-muenchen","tag-premiere-2026","tag-theaterkritik-muenchen","tag-zinnie-harris"],"share_on_mastodon":{"url":"https:\/\/pubeurope.com\/@de\/116158393704487227","error":""},"_links":{"self":[{"href":"https:\/\/www.europesays.com\/de\/wp-json\/wp\/v2\/posts\/836762","targetHints":{"allow":["GET"]}}],"collection":[{"href":"https:\/\/www.europesays.com\/de\/wp-json\/wp\/v2\/posts"}],"about":[{"href":"https:\/\/www.europesays.com\/de\/wp-json\/wp\/v2\/types\/post"}],"author":[{"embeddable":true,"href":"https:\/\/www.europesays.com\/de\/wp-json\/wp\/v2\/users\/2"}],"replies":[{"embeddable":true,"href":"https:\/\/www.europesays.com\/de\/wp-json\/wp\/v2\/comments?post=836762"}],"version-history":[{"count":0,"href":"https:\/\/www.europesays.com\/de\/wp-json\/wp\/v2\/posts\/836762\/revisions"}],"wp:featuredmedia":[{"embeddable":true,"href":"https:\/\/www.europesays.com\/de\/wp-json\/wp\/v2\/media\/836763"}],"wp:attachment":[{"href":"https:\/\/www.europesays.com\/de\/wp-json\/wp\/v2\/media?parent=836762"}],"wp:term":[{"taxonomy":"category","embeddable":true,"href":"https:\/\/www.europesays.com\/de\/wp-json\/wp\/v2\/categories?post=836762"},{"taxonomy":"post_tag","embeddable":true,"href":"https:\/\/www.europesays.com\/de\/wp-json\/wp\/v2\/tags?post=836762"}],"curies":[{"name":"wp","href":"https:\/\/api.w.org\/{rel}","templated":true}]}}