{"id":83730,"date":"2025-05-04T12:49:11","date_gmt":"2025-05-04T12:49:11","guid":{"rendered":"https:\/\/www.europesays.com\/de\/83730\/"},"modified":"2025-05-04T12:49:11","modified_gmt":"2025-05-04T12:49:11","slug":"premiere-am-9-mai-in-den-cammerspielen-nonsense-%c2%b7-leipziger-zeitung","status":"publish","type":"post","link":"https:\/\/www.europesays.com\/de\/83730\/","title":{"rendered":"Premiere am 9. Mai in den Cammerspielen: Nonsense \u00b7 Leipziger Zeitung"},"content":{"rendered":"<p>Am Freitag, 9. Mai, hat das Bewegungsst\u00fcck \u201eNonsense\u201c Premiere in den Cammerspielen. So ungef\u00e4hr l\u00e4uft das ab: ICH F\u00dcHLS tippt man ins Display, bewegungslos, stumm. Dann scrollt man sich tiefer und tiefer hinein. Die Gedanken hetzen dem flimmernden Licht hinterher. Das alles findet gleichzeitig statt. ALLES ist m\u00f6glich, ALLES bist du! Ein K\u00f6rper taumelt und zerf\u00e4llt in tausend Datenpunkte. Ein zweiter baut ihn wieder auf; besser, sch\u00f6ner, leistungsf\u00e4higer. Beide atmen. Solange sie atmen, sp\u00fcren sie sich. Was sp\u00fcren sie da?<\/p>\n<p>Was machen Tanz-\/Kriegs-\/Bastelvideos von weit entfernten Menschen mit uns, die wir stumm und bewegungslos vor einem Bildschirm sitzen? Wie kommen wir mit all der Gleichzeitigkeit und der Geschwindigkeit zurecht? Wie verarbeiten wir all das Emotionale, Sinnliche, Sch\u00f6ne, das online geschieht? Welchen Sinn haben unsere Sinne? Welche Bedeutung hat ein K\u00e4sebrot? Und was wei\u00df ChatGPT dar\u00fcber?<\/p>\n<p>Unter den aufmerksamen Augen von Algorithmen, Bots und anderen k\u00f6rperlosen Wesen feiert \u201eNonsense\u201c die Empfindsamkeit und das Zeitalter der absoluten Absurdit\u00e4t.<\/p>\n<p>Das St\u00fcck ist das Ergebnis einer k\u00fcnstlerischen Forschung zu K\u00f6rperwissen und K\u00f6rperbewusstsein und eine \u00e4sthetische Erfahrung f\u00fcr alle, die sich regelm\u00e4\u00dfig online bewegen. Ob Du als Bot, K\u00f6rper, Intelligenz oder Gef\u00fchl zuschauen m\u00f6chtest, ist Dir ganz freigestellt. In der Performance zu erleben sind Cara Laureen Remke und Marsha Maria Miessner. Die K\u00fcnstlerische Leitung hat Lena K\u00e4stner.<\/p>\n<p>Premiere feiert \u201eNonsense\u201c am Freitag, 9. Mai, um 20 Uhr in den <a href=\"http:\/\/www.cammerspiele.de\" target=\"_blank\" rel=\"noopener\">Cammerspielen Leipzig<\/a> (Kochstra\u00dfe 132, 04277 Leipzig)<\/p>\n<p>Weitere Termine: Samstag, 10. Mai, 20 Uhr, und Sonntag, 11. Mai, 18 Uhr<\/p>\n","protected":false},"excerpt":{"rendered":"Am Freitag, 9. Mai, hat das Bewegungsst\u00fcck \u201eNonsense\u201c Premiere in den Cammerspielen. So ungef\u00e4hr l\u00e4uft das ab: ICH&hellip;\n","protected":false},"author":2,"featured_media":83731,"comment_status":"","ping_status":"","sticky":false,"template":"","format":"standard","meta":{"footnotes":""},"categories":[1832],"tags":[31954,3364,29,30,71,859],"class_list":{"0":"post-83730","1":"post","2":"type-post","3":"status-publish","4":"format-standard","5":"has-post-thumbnail","7":"category-leipzig","8":"tag-cammerspiele","9":"tag-de","10":"tag-deutschland","11":"tag-germany","12":"tag-leipzig","13":"tag-sachsen"},"share_on_mastodon":{"url":"https:\/\/pubeurope.com\/@de\/114449649815065624","error":""},"_links":{"self":[{"href":"https:\/\/www.europesays.com\/de\/wp-json\/wp\/v2\/posts\/83730","targetHints":{"allow":["GET"]}}],"collection":[{"href":"https:\/\/www.europesays.com\/de\/wp-json\/wp\/v2\/posts"}],"about":[{"href":"https:\/\/www.europesays.com\/de\/wp-json\/wp\/v2\/types\/post"}],"author":[{"embeddable":true,"href":"https:\/\/www.europesays.com\/de\/wp-json\/wp\/v2\/users\/2"}],"replies":[{"embeddable":true,"href":"https:\/\/www.europesays.com\/de\/wp-json\/wp\/v2\/comments?post=83730"}],"version-history":[{"count":0,"href":"https:\/\/www.europesays.com\/de\/wp-json\/wp\/v2\/posts\/83730\/revisions"}],"wp:featuredmedia":[{"embeddable":true,"href":"https:\/\/www.europesays.com\/de\/wp-json\/wp\/v2\/media\/83731"}],"wp:attachment":[{"href":"https:\/\/www.europesays.com\/de\/wp-json\/wp\/v2\/media?parent=83730"}],"wp:term":[{"taxonomy":"category","embeddable":true,"href":"https:\/\/www.europesays.com\/de\/wp-json\/wp\/v2\/categories?post=83730"},{"taxonomy":"post_tag","embeddable":true,"href":"https:\/\/www.europesays.com\/de\/wp-json\/wp\/v2\/tags?post=83730"}],"curies":[{"name":"wp","href":"https:\/\/api.w.org\/{rel}","templated":true}]}}