{"id":837924,"date":"2026-03-02T18:19:12","date_gmt":"2026-03-02T18:19:12","guid":{"rendered":"https:\/\/www.europesays.com\/de\/837924\/"},"modified":"2026-03-02T18:19:12","modified_gmt":"2026-03-02T18:19:12","slug":"klimawandel-mehr-hitzetage-in-berlin-aeltere-sind-besonders-gefaehrdet","status":"publish","type":"post","link":"https:\/\/www.europesays.com\/de\/837924\/","title":{"rendered":"Klimawandel: Mehr Hitzetage in Berlin &#8211; \u00c4ltere sind besonders gef\u00e4hrdet"},"content":{"rendered":"<p class=\"paragraph article__item\">In <a class=\"rtr-entity\" href=\"https:\/\/www.zeit.de\/thema\/berlin\" rel=\"nofollow noopener\" target=\"_blank\">Berlin<\/a> ist der Klimawandel Experten zufolge bereits heute ein ernstzunehmendes Risiko f\u00fcr die menschliche Gesundheit. Als dicht besiedelte Metropole sei die Stadt in besonderem Ma\u00dfe von klimabedingten Belastungen betroffen, hei\u00dft es in der \u00abKlimarisikoanalyse Berlin\u00bb, die die Umweltverwaltung vorgelegt hat.\u00a0\n<\/p>\n<p>Aktuelles<\/p>\n<p>                <a href=\"https:\/\/www.zeit.de\/wissen\/umwelt\/2026-02\/klimawandel-folgen-hitzetage-kaffeeanbau-arabica-gxe\" data-ct-label=\"Folgen der Erderw\u00e4rmung: Klimawandel gef\u00e4hrdet weltweite Kaffeeproduktion\" data-uuid=\"7b0ec36a-67b6-405d-bdc9-02138a3d0af1\" rel=\"nofollow noopener\" target=\"_blank\"><\/p>\n<p>                        Folgen der Erderw\u00e4rmung:<br \/>\n                        Klimawandel gef\u00e4hrdet weltweite Kaffeeproduktion<\/p>\n<p>                <\/a><\/p>\n<p>                <a href=\"https:\/\/www.zeit.de\/gesellschaft\/zeitgeschehen\/2026-02\/flughafen-berlin-ber-fluege-eis-enteisung-gxe\" data-ct-label=\"Flughafen Berlin: Starts am Berliner Flughafen vor\u00fcbergehend gestoppt\" data-uuid=\"c65d1ba7-fc57-4d05-8d65-9d9ea1a8fbcb\" rel=\"nofollow noopener\" target=\"_blank\"><\/p>\n<p>                        Flughafen Berlin:<br \/>\n                        Starts am Berliner Flughafen vor\u00fcbergehend gestoppt<\/p>\n<p>                <\/a><\/p>\n<p>                <a href=\"https:\/\/www.zeit.de\/wissen\/2026-02\/temperatur-unterschiede-deutschand-winter-wetter\" data-ct-label=\"Temperaturunterschiede in Deutschland: Winterchaos und Fr\u00fchlingsgef\u00fchle\" data-uuid=\"9a4ff149-04b5-46cf-a278-f2ae6ba0866e\" rel=\"nofollow noopener\" target=\"_blank\"><\/p>\n<p>        Z+ (abopflichtiger Inhalt);<\/p>\n<p>    Temperaturunterschiede in Deutschland:<br \/>\n                        Winterchaos und Fr\u00fchlingsgef\u00fchle<\/p>\n<p>                <\/a><\/p>\n<p class=\"paragraph article__item\">Unter anderem haben hitzebedingte Todesf\u00e4lle nach Einsch\u00e4tzung des <a class=\"rtr-entity\" href=\"https:\/\/www.zeit.de\/thema\/rki\" rel=\"nofollow noopener\" target=\"_blank\">Robert Koch-Instituts<\/a> (RKI) in Deutschland eine relevante Gr\u00f6\u00dfenordnung erreicht und sind in Gro\u00dfst\u00e4dten besonders ausgepr\u00e4gt.\u00a0\n<\/p>\n<p>                F\u00fcnf der zehn vergangenen Jahre waren hei\u00dfeste \u00fcberhaupt        <\/p>\n<p class=\"paragraph article__item\">Die Hitzebelastung der Bev\u00f6lkerung hat den Daten zufolge zugenommen. So gab es in Berlin in den 30 Jahren von 1991 bis 2020 verglichen mit fr\u00fcheren Vergleichszeitr\u00e4umen eine deutliche Erw\u00e4rmung.\u00a0\n<\/p>\n<p class=\"paragraph article__item\">Die Jahresmitteltemperatur ist im Vergleich zum Zeitraum von 1971 bis 2000 um 0,7 Grad und sogar um 2,1 Grad Celsius bezogen auf die Periode nach Beginn der Aufzeichnungen von 1881 bis 1910 gestiegen. Au\u00dferdem fallen die f\u00fcnf w\u00e4rmsten Jahre seit 1881 alle in den vergangenen zehn Jahre.\n<\/p>\n<p>                Deutlich mehr Tage mit Temperaturen \u00fcber 30 Grad        <\/p>\n<p class=\"paragraph article__item\">Auch die Anzahl an Sommertagen mit H\u00f6chsttemperaturen von mindestens 25 Grad und Hei\u00dfen Tagen mit Werten von mindestens 30 Grad ist in Berlin den Angaben zufolge gestiegen.\u00a0\n<\/p>\n<p class=\"paragraph article__item\">Im Vergleich des Zeitraums von 1991 bis 2020 zu dem von 1971 bis 2000 nahm die mittlere Anzahl der Sommertage von 39 auf 49 pro Jahr und der Hei\u00dfen Tage von 8 auf 13 zu. Die Zahl der Tropenn\u00e4chte, in denen die Temperatur nicht unter 20 Grad f\u00e4llt, ist von 1,1 auf 1,3 gestiegen. Nach den in der \u00abKlimarisikoanalyse\u00bb genannten Daten ging die Zahl der Eistage von 20 auf 17 pro Jahr zur\u00fcck.\n<\/p>\n<p>        Besonders vulnerable Gruppen wachsen in Berlin        <\/p>\n<p class=\"paragraph article__item\">Hitzebelastung wirkt sich den Angaben zufolge besonders stark auf vulnerable Bev\u00f6lkerungsgruppen wie \u00e4ltere Menschen, solche mit Vorerkrankungen und Kleinkinder, aus.\u00a0\n<\/p>\n<p class=\"paragraph article__item\">Berlin hatte laut dem Amt f\u00fcr Statistik Berlin-Brandenburg Ende 2024 rund 3,7 Millionen Einwohner. Die Gruppe der \u00fcber 65-J\u00e4hrigen umfasste etwa 707.400 Menschen. Es wird erwartet, dass die Bev\u00f6lkerung Berlins weiterhin leicht w\u00e4chst, wobei die Gruppen der \u00c4lteren st\u00e4rker zunehmen als die der J\u00fcngeren und damit auch die vulnerable Bev\u00f6lkerung gr\u00f6\u00dfer wird.\n<\/p>\n<p class=\"paragraph article__item\">\u00a9 dpa-infocom, dpa:260302-930-759299\/1<\/p>\n","protected":false},"excerpt":{"rendered":"In Berlin ist der Klimawandel Experten zufolge bereits heute ein ernstzunehmendes Risiko f\u00fcr die menschliche Gesundheit. Als dicht&hellip;\n","protected":false},"author":2,"featured_media":837925,"comment_status":"","ping_status":"","sticky":false,"template":"","format":"standard","meta":{"footnotes":"","_share_on_mastodon":"0"},"categories":[1825],"tags":[1941,1939,296,1937,29,30,60973,952,1940,15,1938,16256,3533],"class_list":["post-837924","post","type-post","status-publish","format-standard","has-post-thumbnail","category-berlin","tag-aktuelle-nachrichten-aus-berlin","tag-aktuelle-news-aus-berlin","tag-berlin","tag-berlin-news","tag-deutschland","tag-germany","tag-hitzetag","tag-klimawandel","tag-nachrichten-aus-berlin","tag-news","tag-news-aus-berlin","tag-rki","tag-todesfall"],"share_on_mastodon":{"url":"https:\/\/pubeurope.com\/@de\/116160965419180120","error":""},"_links":{"self":[{"href":"https:\/\/www.europesays.com\/de\/wp-json\/wp\/v2\/posts\/837924","targetHints":{"allow":["GET"]}}],"collection":[{"href":"https:\/\/www.europesays.com\/de\/wp-json\/wp\/v2\/posts"}],"about":[{"href":"https:\/\/www.europesays.com\/de\/wp-json\/wp\/v2\/types\/post"}],"author":[{"embeddable":true,"href":"https:\/\/www.europesays.com\/de\/wp-json\/wp\/v2\/users\/2"}],"replies":[{"embeddable":true,"href":"https:\/\/www.europesays.com\/de\/wp-json\/wp\/v2\/comments?post=837924"}],"version-history":[{"count":0,"href":"https:\/\/www.europesays.com\/de\/wp-json\/wp\/v2\/posts\/837924\/revisions"}],"wp:featuredmedia":[{"embeddable":true,"href":"https:\/\/www.europesays.com\/de\/wp-json\/wp\/v2\/media\/837925"}],"wp:attachment":[{"href":"https:\/\/www.europesays.com\/de\/wp-json\/wp\/v2\/media?parent=837924"}],"wp:term":[{"taxonomy":"category","embeddable":true,"href":"https:\/\/www.europesays.com\/de\/wp-json\/wp\/v2\/categories?post=837924"},{"taxonomy":"post_tag","embeddable":true,"href":"https:\/\/www.europesays.com\/de\/wp-json\/wp\/v2\/tags?post=837924"}],"curies":[{"name":"wp","href":"https:\/\/api.w.org\/{rel}","templated":true}]}}