{"id":837940,"date":"2026-03-02T18:28:22","date_gmt":"2026-03-02T18:28:22","guid":{"rendered":"https:\/\/www.europesays.com\/de\/837940\/"},"modified":"2026-03-02T18:28:22","modified_gmt":"2026-03-02T18:28:22","slug":"sarah-engels-beim-esc-experten-ueben-scharfe-kritik","status":"publish","type":"post","link":"https:\/\/www.europesays.com\/de\/837940\/","title":{"rendered":"Sarah Engels beim ESC: Experten \u00fcben scharfe Kritik"},"content":{"rendered":"<p class=\"text-18 leading-17 user-text-lg:text-22 user-text-xl:text-24\">Stober f\u00fcrchtet jedoch, Deutschland k\u00f6nne in Wien erneut in eine bekannte Falle tappen. Er glaube, &#8222;dass wir mit Sarah Engels so ein bisschen in diese Lord-Of-The-Lost-Falle tappen, dass wir wieder das Argument haben: &#8218;Ja, aber das hat Deutschland doch noch nie zum ESC geschickt&#8216;, was stimmt. Aber international gab es das halt doch schon ein bisschen h\u00e4ufiger. Und vielleicht auch ein bisschen frischer.&#8220; Die Glamrock-Band Lord Of The Lost hatte 2023 f\u00fcr Deutschland den letzten Platz belegt.<\/p>\n<p class=\"text-18 leading-17 user-text-lg:text-22 user-text-xl:text-24\">Auch Mohr erkl\u00e4rte in dem Podcast, man habe Vergleichbares &#8222;oft schon besser&#8220; gesehen. Deutschland komme damit &#8222;vielleicht auch tats\u00e4chlich einige Jahre zu sp\u00e4t. Vor 20 Jahren h\u00e4tte ich mich dar\u00fcber sehr gefreut.&#8220; Ob sich die Skepsis der Experten bewahrheitet, wird sich im Mai zeigen. Fest steht: Vorschusslorbeeren aus der ESC-Fachwelt gibt es f\u00fcr Sarah Engels derzeit nicht.<\/p>\n","protected":false},"excerpt":{"rendered":"Stober f\u00fcrchtet jedoch, Deutschland k\u00f6nne in Wien erneut in eine bekannte Falle tappen. Er glaube, &#8222;dass wir mit&hellip;\n","protected":false},"author":2,"featured_media":837941,"comment_status":"","ping_status":"","sticky":false,"template":"","format":"standard","meta":{"footnotes":"","_share_on_mastodon":"0"},"categories":[1772],"tags":[29,214,4631,30,1420,166066,1779,810,438,11969,57689,215,6296],"class_list":["post-837940","post","type-post","status-publish","format-standard","has-post-thumbnail","category-musik","tag-deutschland","tag-entertainment","tag-eurovision-song-contest","tag-germany","tag-koeln","tag-marcel-stober","tag-music","tag-musik","tag-ndr","tag-sarah-engels","tag-thomas-mohr","tag-unterhaltung","tag-wien"],"share_on_mastodon":{"url":"https:\/\/pubeurope.com\/@de\/116161000648667747","error":""},"_links":{"self":[{"href":"https:\/\/www.europesays.com\/de\/wp-json\/wp\/v2\/posts\/837940","targetHints":{"allow":["GET"]}}],"collection":[{"href":"https:\/\/www.europesays.com\/de\/wp-json\/wp\/v2\/posts"}],"about":[{"href":"https:\/\/www.europesays.com\/de\/wp-json\/wp\/v2\/types\/post"}],"author":[{"embeddable":true,"href":"https:\/\/www.europesays.com\/de\/wp-json\/wp\/v2\/users\/2"}],"replies":[{"embeddable":true,"href":"https:\/\/www.europesays.com\/de\/wp-json\/wp\/v2\/comments?post=837940"}],"version-history":[{"count":0,"href":"https:\/\/www.europesays.com\/de\/wp-json\/wp\/v2\/posts\/837940\/revisions"}],"wp:featuredmedia":[{"embeddable":true,"href":"https:\/\/www.europesays.com\/de\/wp-json\/wp\/v2\/media\/837941"}],"wp:attachment":[{"href":"https:\/\/www.europesays.com\/de\/wp-json\/wp\/v2\/media?parent=837940"}],"wp:term":[{"taxonomy":"category","embeddable":true,"href":"https:\/\/www.europesays.com\/de\/wp-json\/wp\/v2\/categories?post=837940"},{"taxonomy":"post_tag","embeddable":true,"href":"https:\/\/www.europesays.com\/de\/wp-json\/wp\/v2\/tags?post=837940"}],"curies":[{"name":"wp","href":"https:\/\/api.w.org\/{rel}","templated":true}]}}