{"id":838495,"date":"2026-03-02T23:36:11","date_gmt":"2026-03-02T23:36:11","guid":{"rendered":"https:\/\/www.europesays.com\/de\/838495\/"},"modified":"2026-03-02T23:36:11","modified_gmt":"2026-03-02T23:36:11","slug":"von-wegen-schlechtes-image-junge-bau-firma-aus-kernen-macht-vieles-ganz-anders-nachrichten-aus-kernen","status":"publish","type":"post","link":"https:\/\/www.europesays.com\/de\/838495\/","title":{"rendered":"Von wegen schlechtes Image: Junge Bau-Firma aus Kernen macht vieles ganz anders &#8211; Nachrichten aus Kernen"},"content":{"rendered":"<p><strong>Kernen.<\/strong> Wer gr\u00e4bt die Stra\u00dfe auf? Wer bringt neue Leitungen in die Erde oder \u00fcbernimmt die Erschlie\u00dfungsarbeiten f\u00fcrs neue Gewerbegebiet? Wenn in Kernen solche Arbeiten vergeben werden,  f\u00e4llt nicht selten der Namen einer in Rommelshausen ans\u00e4ssigen Firma: HSE-Bau.  Hinter dem Betrieb stecken ein junges Team und ein fast genauso junger Gesch\u00e4ftsf\u00fchrer, der sich eine Sache fest vorgenommen hat: Dem schlechten Image des Bau-Gewerbes etwas entgegensetzen.<\/p>\n<p>Beim <\/p>\n","protected":false},"excerpt":{"rendered":"Kernen. Wer gr\u00e4bt die Stra\u00dfe auf? Wer bringt neue Leitungen in die Erde oder \u00fcbernimmt die Erschlie\u00dfungsarbeiten f\u00fcrs&hellip;\n","protected":false},"author":2,"featured_media":838496,"comment_status":"","ping_status":"","sticky":false,"template":"","format":"standard","meta":{"footnotes":"","_share_on_mastodon":"0"},"categories":[1830],"tags":[187035,3886,1634,6399,187036,3364,29,30,617,80361,187037,14435,120072,187038,7387,1441,8461],"class_list":["post-838495","post","type-post","status-publish","format-standard","has-post-thumbnail","category-stuttgart","tag-aubildungsberufe","tag-ausbildung","tag-baden-wuerttemberg","tag-bau","tag-baufirma","tag-de","tag-deutschland","tag-germany","tag-handwerk","tag-hangweide","tag-hse-bau","tag-kernen","tag-lange-aecker-iii","tag-schlechtes-image","tag-strassenbau","tag-stuttgart","tag-tiefbau"],"share_on_mastodon":{"url":"https:\/\/pubeurope.com\/@de\/116162211721390855","error":""},"_links":{"self":[{"href":"https:\/\/www.europesays.com\/de\/wp-json\/wp\/v2\/posts\/838495","targetHints":{"allow":["GET"]}}],"collection":[{"href":"https:\/\/www.europesays.com\/de\/wp-json\/wp\/v2\/posts"}],"about":[{"href":"https:\/\/www.europesays.com\/de\/wp-json\/wp\/v2\/types\/post"}],"author":[{"embeddable":true,"href":"https:\/\/www.europesays.com\/de\/wp-json\/wp\/v2\/users\/2"}],"replies":[{"embeddable":true,"href":"https:\/\/www.europesays.com\/de\/wp-json\/wp\/v2\/comments?post=838495"}],"version-history":[{"count":0,"href":"https:\/\/www.europesays.com\/de\/wp-json\/wp\/v2\/posts\/838495\/revisions"}],"wp:featuredmedia":[{"embeddable":true,"href":"https:\/\/www.europesays.com\/de\/wp-json\/wp\/v2\/media\/838496"}],"wp:attachment":[{"href":"https:\/\/www.europesays.com\/de\/wp-json\/wp\/v2\/media?parent=838495"}],"wp:term":[{"taxonomy":"category","embeddable":true,"href":"https:\/\/www.europesays.com\/de\/wp-json\/wp\/v2\/categories?post=838495"},{"taxonomy":"post_tag","embeddable":true,"href":"https:\/\/www.europesays.com\/de\/wp-json\/wp\/v2\/tags?post=838495"}],"curies":[{"name":"wp","href":"https:\/\/api.w.org\/{rel}","templated":true}]}}