{"id":839220,"date":"2026-03-03T06:23:15","date_gmt":"2026-03-03T06:23:15","guid":{"rendered":"https:\/\/www.europesays.com\/de\/839220\/"},"modified":"2026-03-03T06:23:15","modified_gmt":"2026-03-03T06:23:15","slug":"vfb-stuttgart-im-dfb-pokal-tickets-fuer-das-halbfinale-gegen-freiburg-so-laeuft-der-verkauf","status":"publish","type":"post","link":"https:\/\/www.europesays.com\/de\/839220\/","title":{"rendered":"VfB Stuttgart im DFB-Pokal: Tickets f\u00fcr das Halbfinale gegen Freiburg \u2013 so l\u00e4uft der Verkauf"},"content":{"rendered":"<p>\t\t\t\t\t\t\t\t\t\t\t\t\t\t\t\t\t\t\t\t\t\t\t\t\t\t\t\t      \t\t            \t\t             \t\t\t\t   \t\t\t\t\t   <img decoding=\"async\" id=\"article-image\" fetchpriority=\"high\" alt=\"VfB Stuttgart im DFB-Pokal: Tickets f\u00fcr das Halbfinale gegen Freiburg \u2013 so l\u00e4uft der Verkauf\" title=\"VfB Stuttgart im DFB-Pokal: Tickets f\u00fcr das Halbfinale gegen Freiburg \u2013 so l\u00e4uft der Verkauf\" src=\"https:\/\/www.europesays.com\/de\/wp-content\/uploads\/2026\/03\/media.media.c3e86ac3-6884-447d-82a5-02667ff6f0b2.16x9_700.jpg\" data-linkto=\"https:\/\/www.stuttgarter-nachrichten.de\/javascript:void(0);\"\/>\t\t\t\t\t\t\t\t\t\t\t\t\t\t\t\t\t\t\t\t\t\t\t\tIm Pokal-Halbfinale gegen den SC Freiburg ist mit einer ausverkauften MHP-Arena zu rechnen.\u00a0Foto: Baumann\/Hansi Britsch\t\t\t<\/p>\n<p>Dauerkarten-Inhaber haben ein Vorkaufsrecht f\u00fcr die Partie gegen den SC, ehe in knapp zwei Wochen die Mitglieder zum Zug kommen. Die Einzelheiten zum Ablauf.<\/p>\n<p>In dieser Woche beginnt der <a href=\"https:\/\/www.stuttgarter-nachrichten.de\/thema\/VfB_Stuttgart\" title=\"VfB Stuttgart\" class=\"art_thema\" rel=\"nofollow noopener\" target=\"_blank\">VfB Stuttgart<\/a> mit dem Ticket-Verkauf f\u00fcr das Halbfinale im <a href=\"https:\/\/www.stuttgarter-nachrichten.de\/thema\/DFB-Pokal\" title=\"DFB-Pokal\" class=\"art_thema\" rel=\"nofollow noopener\" target=\"_blank\">DFB-Pokal<\/a> gegen den SC Freiburg (21.\/22. April). Dabei k\u00f6nnen zun\u00e4chst Dauerkarten-Inhaber von Mittwoch bis kommenden Montag ihren Stammplatz f\u00fcr das Heimspiel gegen die Breisgauer buchen \u2013 der Zeitpunkt spielt dabei innerhalb des vorgegebenen Fensters keine Rolle.<\/p>\n<p>Bislang ist kein freier Verkauf von <a href=\"https:\/\/www.stuttgarter-nachrichten.de\/thema\/Tickets\" title=\"Tickets\" class=\"art_thema\" rel=\"nofollow noopener\" target=\"_blank\">Tickets<\/a> f\u00fcr das Halbfinale angek\u00fcndigt <\/p>\n<p>Am 16. M\u00e4rz (Montag) startet dann der Mitgliederverkauf \u2013 nicht \u00fcber ein Losverfahren, sondern mit einem fixen Startzeitpunkt um 9 Uhr. Wer sich vorher einw\u00e4hlt, bekommt in der virtuellen Warteschlange einen Platz zugewiesen. Jedes Mitglied kann maximal zwei Karten erwerben.<\/p>\n<p>  <img decoding=\"async\" loading=\"lazy\" src=\"https:\/\/www.europesays.com\/de\/wp-content\/uploads\/2026\/03\/media.media.09cd2b31-15ee-46af-9a23-f0ec3fe3fd52.original1024.media.jpeg\"\/>     Sebastian Hoene\u00df und der VfB sind Titelverteidiger im DFB-Pokal.    Foto: Baumann\/Hansi Britsch    <\/p>\n<p>Ein freier Verkauf ist bislang nicht angek\u00fcndigt \u2013 und es w\u00e4re keine \u00dcberraschung, wenn alle Pl\u00e4tze schon nach dem Mitgliederverkauf komplett vergriffen sein sollten.<\/p>\n","protected":false},"excerpt":{"rendered":"Im Pokal-Halbfinale gegen den SC Freiburg ist mit einer ausverkauften MHP-Arena zu rechnen.\u00a0Foto: Baumann\/Hansi Britsch Dauerkarten-Inhaber haben ein&hellip;\n","protected":false},"author":2,"featured_media":839221,"comment_status":"","ping_status":"","sticky":false,"template":"","format":"standard","meta":{"footnotes":"","_share_on_mastodon":"0"},"categories":[1830],"tags":[1634,3364,29,1264,30,3403,1441,1406,2915,187144],"class_list":["post-839220","post","type-post","status-publish","format-standard","has-post-thumbnail","category-stuttgart","tag-baden-wuerttemberg","tag-de","tag-deutschland","tag-dfb-pokal","tag-germany","tag-gewinnerbleibt","tag-stuttgart","tag-tickets","tag-vfb-stuttgart","tag-vfbscf"],"share_on_mastodon":{"url":"https:\/\/pubeurope.com\/@de\/116163812289018021","error":""},"_links":{"self":[{"href":"https:\/\/www.europesays.com\/de\/wp-json\/wp\/v2\/posts\/839220","targetHints":{"allow":["GET"]}}],"collection":[{"href":"https:\/\/www.europesays.com\/de\/wp-json\/wp\/v2\/posts"}],"about":[{"href":"https:\/\/www.europesays.com\/de\/wp-json\/wp\/v2\/types\/post"}],"author":[{"embeddable":true,"href":"https:\/\/www.europesays.com\/de\/wp-json\/wp\/v2\/users\/2"}],"replies":[{"embeddable":true,"href":"https:\/\/www.europesays.com\/de\/wp-json\/wp\/v2\/comments?post=839220"}],"version-history":[{"count":0,"href":"https:\/\/www.europesays.com\/de\/wp-json\/wp\/v2\/posts\/839220\/revisions"}],"wp:featuredmedia":[{"embeddable":true,"href":"https:\/\/www.europesays.com\/de\/wp-json\/wp\/v2\/media\/839221"}],"wp:attachment":[{"href":"https:\/\/www.europesays.com\/de\/wp-json\/wp\/v2\/media?parent=839220"}],"wp:term":[{"taxonomy":"category","embeddable":true,"href":"https:\/\/www.europesays.com\/de\/wp-json\/wp\/v2\/categories?post=839220"},{"taxonomy":"post_tag","embeddable":true,"href":"https:\/\/www.europesays.com\/de\/wp-json\/wp\/v2\/tags?post=839220"}],"curies":[{"name":"wp","href":"https:\/\/api.w.org\/{rel}","templated":true}]}}