{"id":839371,"date":"2026-03-03T07:47:20","date_gmt":"2026-03-03T07:47:20","guid":{"rendered":"https:\/\/www.europesays.com\/de\/839371\/"},"modified":"2026-03-03T07:47:20","modified_gmt":"2026-03-03T07:47:20","slug":"kann-said-el-mala-die-erwartungen-erfuellen","status":"publish","type":"post","link":"https:\/\/www.europesays.com\/de\/839371\/","title":{"rendered":"Kann Said El Mala die Erwartungen erf\u00fcllen?"},"content":{"rendered":"<p>Dass die Formkurve des jungen Talents nicht weiter ungebremst in die H\u00f6he schie\u00dfen w\u00fcrde, war abzusehen. Die von vielen erwartete und erhoffte Entwicklung kann der Youngster aktuell nicht immer konstant nachweisen \u2013 jedenfalls noch nicht.<\/p>\n<p><a href=\"https:\/\/www.europesays.com\/de\/wp-content\/uploads\/2026\/03\/said-el-mala-mixed-1-fc-koeln.jpg\"><img loading=\"lazy\" decoding=\"async\" width=\"1600\" height=\"1200\" data-id=\"64990\" src=\"https:\/\/www.europesays.com\/de\/wp-content\/uploads\/2026\/03\/said-el-mala-mixed-1-fc-koeln.jpg\" alt=\"Said El Mala beim Spiel des 1. FC K\u00f6ln\" class=\"wp-image-64990\"  \/><\/a>Said El Mala beim Spiel des 1. FC K\u00f6ln<\/p>\n<p>Wir wollen weiter wachsen. Folgt uns auf\u00a0<a href=\"https:\/\/www.instagram.com\/comeonfccom\/\" rel=\"nofollow noopener\" target=\"_blank\">Instagram<\/a>\u00a0und\u00a0<a href=\"http:\/\/www.facebook.com\/comeonfccom\" rel=\"nofollow noopener\" target=\"_blank\">Facebook<\/a>. Unter den ersten 5000 Instagram Followern verlost come-on-fc.com einen Gutschein im Wert von 50 Euro f\u00fcr den FC Fanshop. ** Zu den\u00a0<a href=\"https:\/\/come-on-fc.com\/datenschutzerklaerung\/\" rel=\"nofollow noopener\" target=\"_blank\">Teilnahmebedingungen<\/a> und <a href=\"https:\/\/come-on-fc.com\/\" rel=\"nofollow noopener\" target=\"_blank\">come-on-fc.com<\/a>.<\/p>\n<p><img decoding=\"async\" style=\"width: 15px;\" src=\"https:\/\/www.europesays.com\/de\/wp-content\/uploads\/2025\/04\/whatsapp-logo.webp.webp\" alt=\"\"\/>\u00a0Ihr wollt immer aktuell informiert sein? Folgt dem <a href=\"https:\/\/whatsapp.com\/channel\/0029VaCxFqM8vd1GzNMmCM2w\" rel=\"nofollow noopener\" target=\"_blank\">WhatsApp-Kanal von come-on-fc.com<\/a>.<\/p>\n<p> <img loading=\"lazy\" decoding=\"async\" src=\"https:\/\/www.europesays.com\/de\/wp-content\/uploads\/2026\/03\/f675f707b5f24bc8b78a7186158d703f.gif\" width=\"1\" height=\"1\" alt=\"\"\/>Teil\u2019 diesen Beitrag mit deinen Freunden:<\/p>\n<p>Es ist noch gar nicht so lange her, da stellte Lukas Kwasniok auf einer Pressekonferenz im Vorfeld eines Ligaspiels belustigt fest, dass zum ersten Mal keine Frage zu Said El Mala gestellt worden sei. Der Hype um den K\u00f6lner Shootingstar hat die erste Delle erhalten. Das kam nicht sonderlich \u00fcberraschend, immerhin war der sportliche Aufstieg besonders rasant. Newcomer 3. Liga, Startdeb\u00fct Bundesliga, erstes Tor Bundesliga, erster Startelf-Einsatz, Nominierung Nationalmannschaft, Topscorer der Gei\u00dfb\u00f6cke, Millionenangebote aus England, das alles in wenigen Monaten \u2013 schon naturgem\u00e4\u00df war es nur eine Frage der Zeit, bis die Kurve das erste Mal nicht mehr nur steil bergauf gehen w\u00fcrde. Wom\u00f6glich hatten sich viele Fans des Shootingstars diesen Moment erst nach einer glorreichen WM erhofft, bei der der Youngster vielleicht eine entscheidende Rolle eingenommen h\u00e4tte.<\/p>\n<p>\u201eDas ist zu wenig\u201c<\/p>\n<p>Ob der K\u00f6lner Offensivspieler am Endturnier in den USA, in Mexiko und Kanada teilnehmen wird, ist aktuell mindestens fraglich, wenn nicht sogar unwahrscheinlich. Julian Nagelsmann hat im \u201eKicker\u201c ziemlich klare Worte gefunden. Schon im November vergangenen Jahres hatte der Bundestrainer dem K\u00f6lner Talent die Hausaufgabe mitgegeben, Stammspieler zu werden. Vier Monate sp\u00e4ter hat der 19-J\u00e4hrige das noch nicht geschafft. \u201e50 Prozent seien zu wenig\u201c, so der Tenor von Nagelsmann. Zu der Stammplatzfrage geh\u00f6ren bekanntlich immer zwei Parteien. Zum einen der Trainer, der Woche f\u00fcr Woche die beste Aufstellung finden soll, auf der anderen Seite der Spieler, der sich diese mit Leistung erarbeiten und rechtfertigen muss. In den Sozialen Medien wird schon seit Wochen oder Monaten \u00fcber die richtige Rolle von Said El Mala diskutiert. Die meisten Kommentatoren w\u00fcnschen sich mehr Spielzeit, mehr Eins\u00e4tze von Beginn an.<\/p>\n<p>So auch am vergangenen Freitag, als der Youngster wieder nicht in der Startelf stand. Wenn auch aus gutem Grund, wie Lukas Kwasniok nach dem Spiel erkl\u00e4rte. Immerhin hatte der 19-J\u00e4hrige unter der Woche aufgrund muskul\u00e4rer Probleme nicht voll trainieren k\u00f6nnen. Kwasniok erkl\u00e4rte, dass mehr als 30 Minuten einfach nicht drin gewesen w\u00e4ren. Eine verst\u00e4ndliche und logische Entscheidung. Eine Entscheidung, die angesichts der aktuellen Verletzungsmisere notwendig erschien. Und doch kochten auch nach dem trostlosen Auftritt gegen den FCA die Kritiken f\u00fcr die Ma\u00dfnahme hoch. Fakt ist, El Mala ist der Topscorer der K\u00f6lner, war an vielen Punkten ma\u00dfgeblich beteiligt, vielleicht sogar so etwas wie ein Punktelieferant, eine Art Lebensversicherung der Hinrunde. Die Qualit\u00e4t des Youngsters ist jedenfalls unumstritten. Der Wunsch der Fans ist also durchaus verst\u00e4ndlich.<\/p>\n<p>Eine Erziehungsma\u00dfnahme?<\/p>\n<p>Ob er deswegen berechtigt ist, ist von au\u00dfen nicht zu beantworten. Genauso wenig, die Frage nach der effektiveren Rolle. Beim FC ist man bem\u00fcht, die richtigen Schritte f\u00fcr die beste Entwicklung zu finden. Vor einigen Wochen wurde kolportiert, dass Trainer und Spieler dabei m\u00f6glicherweise anderer Ansicht seien. Im Doppelpass brachte Moderatorin Valentina Maceri noch eine weitere Sichtweise ins Spiel: \u201eMan hat das Gef\u00fchl, er versucht, El Mala zu erziehen \u2013 was ja auch okay ist. Aber wenn ich in so einer Situation stecke wie K\u00f6ln, dann muss ich einfach die besten Spieler auflaufen lassen, die mir die Punkte holen k\u00f6nnen\u201c, sagte die ehemalige Fu\u00dfballerin. \u201eDa muss man vielleicht manchmal auch auf diese Erziehungsma\u00dfnahmen verzichten, weil der Spieler einfach die Leistung bringt.\u201c<\/p>\n<p>Diese Einsch\u00e4tzung teilt der Bundestrainer jedenfalls nicht. \u201eWenn Lukas sich darauf verlassen kann, dass Said immer dasselbe Niveau spielt, warum soll er ihn nicht spielen lassen? Er ist einer der schnellsten Spieler im Kader, hat einen super Schuss, ist torgef\u00e4hrlich. Ein Trainer verzichtet nicht freiwillig auf seinen Top-Spieler, sondern er tut dies, wenn er denkt, dass dieser ihm vielleicht manchmal nicht das gibt, was er f\u00fcr das jeweilige Spiel braucht\u201c, erkl\u00e4rte Nagelsmann. Man sollte durchaus davon ausgehen, dass Lukas Kwasniok die prek\u00e4re Lage bei den Gei\u00dfb\u00f6cken richtig einordnet und er demnach die aus seiner Sicht beste Elf aufstellt \u2013 wohlgemerkt aus seiner Sicht. Eher unwahrscheinlich ist es, dass Gesch\u00e4ftsf\u00fchrer Thomas Kessler eine \u201eErziehungsma\u00dfnahme\u201c durchwinken w\u00fcrde.<\/p>\n<p>El Mala in der Leistungsdelle?<\/p>\n<p>Tats\u00e4chlich scheinen sich Bundestrainer und FC-Coach auch in der Bewertung des Spielers einig. Denn beide monierten bereits, dass El Mala gerade in der Defensive, beim Spiel gegen den Ball seine Defizite habe. Der K\u00f6lner Shootingstar arbeite nicht ausreichend mit zur\u00fcck, so sind die \u00c4u\u00dferungen zu verstehen. Tats\u00e4chlich f\u00e4llt der Youngster zudem immer mal wieder durch einen gewissen Eigensinn auf. Vielleicht ein entscheidender Faktor eines Highlight-Spielers, vielleicht ein Grund f\u00fcr seine St\u00e4rke, seinen Erfolg. Insgesamt waren die Leistungen gerade in der Offensivbewegung im Jahr 2026 aber eher durchwachsen. Mal abgesehen von dem Spiel gegen die TSG Hoffenheim gl\u00e4nzte der Youngster zuletzt eher selten, kommt in diesem Jahr auf zwei Tore, einen Assist. Sicher auch, weil sich die Gegner auf die Spielweise des geb\u00fcrtigen Krefelders eingestellt haben. Aber vielleicht nicht nur.<\/p>\n<p>Noch in der Hinrunde war El Mala einer der Dribbelk\u00f6nige der Liga (46 Dribblings). Nur Yan Diomande (54) und Michael Olise (48) gingen knapp \u00f6fter in \u00e4hnliche Situationen. Der K\u00f6lner setzte sich in 26 F\u00e4llen durch \u2013 ebenfalls ein Topwert. In der R\u00fcckrunde kommt El Mala auf neun Dribblings (vier erfolgreiche), Diomande auf 36. Der K\u00f6lner belegt ab dem 18. Spieltag in dieser Statistik \u201enur\u201c noch den 22. Rang. In der Hinrunde hatte der 19-J\u00e4hrige 33 Mal den Abschluss gesucht, hatte dabei sieben Treffer erzielt, obwohl der xGoals-Wert nur vier bis f\u00fcnf Tore erwarten lie\u00df. In der R\u00fcckrunde waren laut xGoals-Wert zwei Treffer m\u00f6glich, bislang steht einer zu Buche \u2013 bei etwa prozentual gleicher Spielzeit. Es ist nicht von der Hand zu weisen, dass es der Youngster zurzeit schwerer hat oder sich schwerer tut. \u201eEs wird der n\u00e4chste Step sein, das unter erschwerten Bedingungen abzurufen\u201c, erkl\u00e4rte Kwasniok vor einigen Wochen.<\/p>\n<p>Said El Mala ist 19 Jahre alt<\/p>\n<p>Insgesamt wirkt es so, als ginge ein nicht ganz unwichtiger Punkt bei der ganzen Diskussion im Netz des \u00d6fteren unter. Said El Mala ist 19 Jahre alt. 19! Ein Youngster, der sportlichen Schwankungen ausgesetzt ist, der ganz sicher noch nicht sein volles Potenzial aussch\u00f6pfen kann, der sich noch mitten in seiner fu\u00dfballerischen Entwicklung befindet. Und ein Youngster, der diese enorme Erwartungshaltung auch erst einmal wegstecken muss. Und dennoch wird Kwasniok \u2013 anders als Julian Nagelsmann \u2013 nur schwer auf den Punktelieferant verzichten k\u00f6nnen. Der Bundestrainer brachte das Kriterium f\u00fcr mehr Spielzeit und damit die Chance auf die WM haargenau auf den Punkt. \u201eEs liegt an ihm selbst\u201c, sagte der Bundestrainer. Bringt El Mala (auch defensiv) die Leistung, wird er beim FC spielen. Spielt er ausreichend, steigt die Chance auf eine WM. Und dann werden die Fragen um den Youngster wieder ganz von alleine kommen.<\/p>\n<p><script async src=\"\/\/www.instagram.com\/embed.js\"><\/script><\/p>\n","protected":false},"excerpt":{"rendered":"Dass die Formkurve des jungen Talents nicht weiter ungebremst in die H\u00f6he schie\u00dfen w\u00fcrde, war abzusehen. Die von&hellip;\n","protected":false},"author":2,"featured_media":839372,"comment_status":"","ping_status":"","sticky":false,"template":"","format":"standard","meta":{"footnotes":"","_share_on_mastodon":"0"},"categories":[1828],"tags":[623,25651,30908,30909,187163,187164,29,25655,7579,25656,30,1420,1209,96014],"class_list":["post-839371","post","type-post","status-publish","format-standard","has-post-thumbnail","category-koeln","tag-1-fc-koeln","tag-1-fc-koeln-kader","tag-1-fc-koeln-nachrichten","tag-1-fc-koeln-news","tag-1-fc-koeln-said-el-mala","tag-1-fc-koeln-wm","tag-deutschland","tag-effzeh","tag-fc","tag-fc-koeln","tag-germany","tag-koeln","tag-nordrhein-westfalen","tag-said-el-mala"],"share_on_mastodon":{"url":"https:\/\/pubeurope.com\/@de\/116164142697087553","error":""},"_links":{"self":[{"href":"https:\/\/www.europesays.com\/de\/wp-json\/wp\/v2\/posts\/839371","targetHints":{"allow":["GET"]}}],"collection":[{"href":"https:\/\/www.europesays.com\/de\/wp-json\/wp\/v2\/posts"}],"about":[{"href":"https:\/\/www.europesays.com\/de\/wp-json\/wp\/v2\/types\/post"}],"author":[{"embeddable":true,"href":"https:\/\/www.europesays.com\/de\/wp-json\/wp\/v2\/users\/2"}],"replies":[{"embeddable":true,"href":"https:\/\/www.europesays.com\/de\/wp-json\/wp\/v2\/comments?post=839371"}],"version-history":[{"count":0,"href":"https:\/\/www.europesays.com\/de\/wp-json\/wp\/v2\/posts\/839371\/revisions"}],"wp:featuredmedia":[{"embeddable":true,"href":"https:\/\/www.europesays.com\/de\/wp-json\/wp\/v2\/media\/839372"}],"wp:attachment":[{"href":"https:\/\/www.europesays.com\/de\/wp-json\/wp\/v2\/media?parent=839371"}],"wp:term":[{"taxonomy":"category","embeddable":true,"href":"https:\/\/www.europesays.com\/de\/wp-json\/wp\/v2\/categories?post=839371"},{"taxonomy":"post_tag","embeddable":true,"href":"https:\/\/www.europesays.com\/de\/wp-json\/wp\/v2\/tags?post=839371"}],"curies":[{"name":"wp","href":"https:\/\/api.w.org\/{rel}","templated":true}]}}