{"id":839500,"date":"2026-03-03T09:03:12","date_gmt":"2026-03-03T09:03:12","guid":{"rendered":"https:\/\/www.europesays.com\/de\/839500\/"},"modified":"2026-03-03T09:03:12","modified_gmt":"2026-03-03T09:03:12","slug":"brand-in-kernen-unbekannte-zuenden-wahlplakat-in-stetten-an-hecke-faengt-feuer-news","status":"publish","type":"post","link":"https:\/\/www.europesays.com\/de\/839500\/","title":{"rendered":"Brand in Kernen: Unbekannte z\u00fcnden Wahlplakat in Stetten an \u2013 Hecke f\u00e4ngt Feuer &#8211; News"},"content":{"rendered":"<p>\t\t\t\t\t\t\t\t\t\t\t\t\t\t\t\t\t\t\t\t\t\t\t\t\t\t\t\t\t\t\t\t\t\t\t\t   \t\t\t\t\t \t\t\t\t   \t      \t\t\t\t   <img decoding=\"async\" id=\"article-image\" fetchpriority=\"high\" alt=\"Brand in Kernen: Unbekannte z\u00fcnden Wahlplakat in Stetten an \u2013 Hecke f\u00e4ngt Feuer\" title=\"Brand in Kernen: Unbekannte z\u00fcnden Wahlplakat in Stetten an \u2013 Hecke f\u00e4ngt Feuer\" src=\"https:\/\/www.europesays.com\/de\/wp-content\/uploads\/2026\/03\/media.media.35b787f6-c941-4ea9-ad0a-22873ad8b29f.original700.jpg\" data-linkto=\"https:\/\/www.esslinger-zeitung.de\/javascript:void(0);\"\/>\t\t\t\t\t\t\t\t\t\t\t\t\t\t\t\t\t\t\t\t\t\t\t\tIn Kernen haben Unbekannte ein Wahlplakat angez\u00fcndet (Symbolbild).\u00a0Foto: dpa\/dpaweb\t\t\t<\/p>\n<p>Mitten in der Nacht brennt in der Schlo\u00dfstra\u00dfe in Kernen-Stettten ein Wahlplakat \u2013 die Flammen greifen auf eine Hecke \u00fcber. Die Polizei ermittelt wegen Sachbesch\u00e4digung.<\/p>\n<p>Es ist kurz nach ein Uhr nachts, die Schlo\u00dfstra\u00dfe in Kernen-Stetten (Rems-Murr-Kreis) liegt im Dunkeln. Da brennt pl\u00f6tzlich nicht nur die Debatte, sondern ein Wahlplakat. Unbekannte z\u00fcnden es an. Das Plakat st\u00fcrzt, f\u00e4llt in eine Hecke \u2013 und setzt sie gleich mit in <a href=\"https:\/\/www.esslinger-zeitung.de\/thema\/Brand\" title=\"Brand\" class=\"art_thema\" rel=\"nofollow noopener\" target=\"_blank\">Brand<\/a>. Zur\u00fcck bleibt verkohltes Gr\u00fcn und ein Schaden von mehreren hundert Euro.<\/p>\n<p>Wie das Polizeipr\u00e4sidium Aalen mitteilt, ereignete sich der Vorfall in der Nacht auf Dienstag. Das zust\u00e4ndige Polizeirevier Fellbach hat die Ermittlungen aufgenommen und bittet unter der Telefonnummer 0711\/57720 um Hinweise aus der Bev\u00f6lkerung.<\/p>\n<p>Straftatbestand statt demokratischer Auseinandersetzung <\/p>\n<p>Wahlkampfzeiten sind Hochzeiten der Meinungen. Plakate s\u00e4umen Stra\u00dfen, Laternenpf\u00e4hle tragen Parolen wie Orden. Doch wenn Argumente fehlen und stattdessen Feuer gelegt wird, endet die demokratische Auseinandersetzung im Straftatbestand. <\/p>\n<p>Die <a href=\"https:\/\/www.esslinger-zeitung.de\/thema\/Polizei\" title=\"Polizei\" class=\"art_thema\" rel=\"nofollow noopener\" target=\"_blank\">Polizei<\/a> sucht deshalb nun Zeugen. Wer in der Nacht auf Dienstag verd\u00e4chtige Beobachtungen gemacht hat, wird gebeten, sich beim Polizeirevier Fellbach zu melden. Denn Demokratie vertr\u00e4gt hitzige Diskussionen \u2013 aber keine Flammen. <\/p>\n","protected":false},"excerpt":{"rendered":"In Kernen haben Unbekannte ein Wahlplakat angez\u00fcndet (Symbolbild).\u00a0Foto: dpa\/dpaweb Mitten in der Nacht brennt in der Schlo\u00dfstra\u00dfe in&hellip;\n","protected":false},"author":2,"featured_media":839501,"comment_status":"","ping_status":"","sticky":false,"template":"","format":"standard","meta":{"footnotes":"","_share_on_mastodon":"0"},"categories":[1830],"tags":[1634,2919,3364,29,30,67834,121,3440,1441,7437],"class_list":["post-839500","post","type-post","status-publish","format-standard","has-post-thumbnail","category-stuttgart","tag-baden-wuerttemberg","tag-brand","tag-de","tag-deutschland","tag-germany","tag-kernen-stetten","tag-polizei","tag-polizeibericht-region-stuttgart","tag-stuttgart","tag-wahlplakat"],"share_on_mastodon":{"url":"https:\/\/pubeurope.com\/@de\/116164441320805186","error":""},"_links":{"self":[{"href":"https:\/\/www.europesays.com\/de\/wp-json\/wp\/v2\/posts\/839500","targetHints":{"allow":["GET"]}}],"collection":[{"href":"https:\/\/www.europesays.com\/de\/wp-json\/wp\/v2\/posts"}],"about":[{"href":"https:\/\/www.europesays.com\/de\/wp-json\/wp\/v2\/types\/post"}],"author":[{"embeddable":true,"href":"https:\/\/www.europesays.com\/de\/wp-json\/wp\/v2\/users\/2"}],"replies":[{"embeddable":true,"href":"https:\/\/www.europesays.com\/de\/wp-json\/wp\/v2\/comments?post=839500"}],"version-history":[{"count":0,"href":"https:\/\/www.europesays.com\/de\/wp-json\/wp\/v2\/posts\/839500\/revisions"}],"wp:featuredmedia":[{"embeddable":true,"href":"https:\/\/www.europesays.com\/de\/wp-json\/wp\/v2\/media\/839501"}],"wp:attachment":[{"href":"https:\/\/www.europesays.com\/de\/wp-json\/wp\/v2\/media?parent=839500"}],"wp:term":[{"taxonomy":"category","embeddable":true,"href":"https:\/\/www.europesays.com\/de\/wp-json\/wp\/v2\/categories?post=839500"},{"taxonomy":"post_tag","embeddable":true,"href":"https:\/\/www.europesays.com\/de\/wp-json\/wp\/v2\/tags?post=839500"}],"curies":[{"name":"wp","href":"https:\/\/api.w.org\/{rel}","templated":true}]}}