{"id":839675,"date":"2026-03-03T10:39:14","date_gmt":"2026-03-03T10:39:14","guid":{"rendered":"https:\/\/www.europesays.com\/de\/839675\/"},"modified":"2026-03-03T10:39:14","modified_gmt":"2026-03-03T10:39:14","slug":"guenther-jauch-verplappert-sich-und-verraet-antwort","status":"publish","type":"post","link":"https:\/\/www.europesays.com\/de\/839675\/","title":{"rendered":"G\u00fcnther Jauch verplappert sich und verr\u00e4t Antwort"},"content":{"rendered":"<p>Fauxpas bei &#8222;Wer wird Million\u00e4r?&#8220; <\/p>\n<p>G\u00fcnther Jauch: &#8222;Es ist mir kalt den R\u00fccken runtergelaufen&#8220;<\/p>\n<p>Aktualisiert am 03.03.2026 &#8211; 10:22 UhrLesedauer: 2 Min.<\/p>\n<p><a href=\"#focus-0\" class=\"transition-colors duration-200 block text-current relative\" data-sctrack=\"FocusGalleryImage.Reference\"><img fetchpriority=\"high\" data-testid=\"Opener.Image\" style=\"--lqipURL:url('https:\/\/images.t-online.de\/2026\/03\/urVPbboRpnHo\/767x280:2707x1523\/fit-in\/150x0\/filters:blur(25)\/guenther-jauch-er-hat-in-der-neuesten-wwm-folge-mehr-gesagt-als-er-wollte.jpg')\"   loading=\"eager\" src=\"https:\/\/www.europesays.com\/de\/wp-content\/uploads\/2026\/03\/guenther-jauch-er-hat-in-der-neuesten-wwm-folge-mehr-gesagt-als-er-wollte.jpg\" alt=\"G\u00fcnther Jauch: Er hat in der neuesten WWM-Folge mehr gesagt, als er wollte.\" title=\"G\u00fcnther Jauch: Er hat in der neuesten WWM-Folge mehr gesagt, als er wollte.\" width=\"2707\" height=\"1523\" class=\"bg-[url:var(--lqipURL)] bg-cover bg-center flex h-full w-full max-w-full\" decoding=\"async\"\/><img style=\"--width:32;--height:32\" loading=\"lazy\" src=\"https:\/\/www.t-online.de\/s\/paper\/_next\/static\/media\/zoom-in.f7dae02f.svg\" alt=\"Vergr\u00f6\u00dfern des Bildes\" title=\"Vergr\u00f6\u00dfern des Bildes\" class=\"block h-[calc(var(--height)_\/_16_*_1rem)] w-[calc(var(--width)_\/_16_*_1rem)] max-w-none absolute bottom-8 right-8 rounded-4 bg-snow p-8\" decoding=\"async\"\/><\/a><\/p>\n<p>G\u00fcnther Jauch: Er hat in der neuesten WWM-Folge mehr gesagt, als er wollte. (Quelle: RTL \/ Stefan Gregorowius)<\/p>\n<p class=\"font-bold text-18 leading-17 user-text-lg:text-22 user-text-xl:text-24\">Es ist logisch, dass der Moderator bei &#8222;Wer wird Million\u00e4r?&#8220; keine Antworten verr\u00e4t. In der neuesten Folge l\u00e4uft allerdings etwas schief. G\u00fcnther Jauch verplappert sich.<\/p>\n<p class=\"text-18 leading-17 user-text-lg:text-22 user-text-xl:text-24\">Kandidatin Nadine Christmann war sich bei der 8.000-Euro-Frage unsicher und w\u00e4hlte einen Joker. Dabei hatte &#8222;Wer wird Million\u00e4r?&#8220;-Gastgeber <a class=\"transition-colors duration-200 cursor-pointer text-inherit no-underline text-salemsfur md:hover:text-magenta md:hover:border-magenta md:focus:text-magenta border-current border-b border-solid break-words\" href=\"https:\/\/www.t-online.de\/themen\/guenther-jauch\/\" data-sctrack=\"BodyAnchor\" rel=\"nofollow noopener\" target=\"_blank\">G\u00fcnther Jauch<\/a> die Antwort eigentlich l\u00e4ngst verraten.<\/p>\n<p class=\"text-18 leading-17 user-text-lg:text-22 user-text-xl:text-24\">Die Frage lautete n\u00e4mlich: &#8222;Reem Alabali-Radovan wurde 2025 Mitglied der &#8230;?&#8220; Folgende vier Antwortm\u00f6glichkeiten standen zur Auswahl: &#8222;A: DFB-Nationalelf, B: <a class=\"transition-colors duration-200 cursor-pointer text-inherit no-underline text-salemsfur md:hover:text-magenta md:hover:border-magenta md:focus:text-magenta border-current border-b border-solid break-words\" href=\"https:\/\/www.t-online.de\/themen\/bundesregierung\/\" data-sctrack=\"BodyAnchor\" rel=\"nofollow noopener\" target=\"_blank\">Bundesregierung<\/a>, C: DSDS-Jury oder D: Deutschen Bischofskonferenz.&#8220; Nachdem Jauch die m\u00f6glichen Antworten vorgelesen hatte, erkl\u00e4rte die Kandidatin, den Namen Reem Alabali-Radovan noch nie geh\u00f6rt zu haben.<\/p>\n<p class=\"text-18 leading-17 user-text-lg:text-22 user-text-xl:text-24\">Sie z\u00f6gerte also, sodass Jauch auf die vorgezogene <a class=\"transition-colors duration-200 cursor-pointer text-inherit no-underline text-salemsfur md:hover:text-magenta md:hover:border-magenta md:focus:text-magenta border-current border-b border-solid break-words\" href=\"https:\/\/www.t-online.de\/nachrichten\/deutschland\/bundestagswahl\/\" data-sctrack=\"BodyAnchor\" rel=\"nofollow noopener\" target=\"_blank\">Bundestagswahl<\/a> im Februar 2025 verwies: &#8222;Die Ampel ist ja geplatzt.&#8220; Dann sagte der 69-J\u00e4hrige sogar noch: &#8222;Das ist jetzt schon ein gutes Jahr.&#8220; Damit hatte er die Antwort bereits preisgegeben.<\/p>\n<p class=\"text-18 leading-17 user-text-lg:text-22 user-text-xl:text-24\">Zun\u00e4chst blieb der Patzer aber offenbar unbemerkt. Nadine Christmann entschied sich f\u00fcr den Zusatzjoker, wodurch eine Person aus dem Publikum nach der richtigen Antwort gefragt wurde. Jauch daraufhin: &#8222;Ja, das ist jetzt nicht mehr so schwer.&#8220; Dennoch erhoben sich nur sechs Personen. Jauch kommentierte das mit den Worten: &#8222;Prima, dass mir hier niemand zuh\u00f6rt, hab mich ja eben schon verplappert.&#8220;<\/p>\n<p class=\"text-18 leading-17 user-text-lg:text-22 user-text-xl:text-24\">Schlie\u00dflich kl\u00e4rte ein Zuschauer aus dem Publikum auf: Reem Alabali-Radovan ist Bundesministerin. Er sei sich &#8222;sehr sicher&#8220; \u2013 und hatte recht. Jauchs Reaktion auf seinen eigenen Fauxpas folgte schnell: &#8222;Ich Depp habe mich doch noch verplappert. In dem Moment ist es mir kalt den R\u00fccken runtergelaufen.&#8220; Er erg\u00e4nzte: &#8222;Alle pennen hier weiter und nur sechs stehen auf! Mensch, Mensch, Mensch! Das ist wie zu Hause. Ich rede gegen W\u00e4nde.&#8220;<\/p>\n","protected":false},"excerpt":{"rendered":"Fauxpas bei &#8222;Wer wird Million\u00e4r?&#8220; G\u00fcnther Jauch: &#8222;Es ist mir kalt den R\u00fccken runtergelaufen&#8220; Aktualisiert am 03.03.2026 &#8211;&hellip;\n","protected":false},"author":2,"featured_media":839676,"comment_status":"","ping_status":"","sticky":false,"template":"","format":"standard","meta":{"footnotes":"","_share_on_mastodon":"0"},"categories":[1776],"tags":[722,17161,522,1173,424,1801,22648,29,481,11704,214,15060,30,10512,187213,1802,36314,215,10511],"class_list":["post-839675","post","type-post","status-publish","format-standard","has-post-thumbnail","category-prominente","tag-722","tag-17161","tag-522","tag-bundesregierung","tag-bundestagswahl","tag-celebrities","tag-deutsche-bischofskonferenz","tag-deutschland","tag-dfb","tag-dsds","tag-entertainment","tag-fauxpas","tag-germany","tag-guenther-jauch","tag-nadine-christmann","tag-prominente","tag-reem-alabali-radovan","tag-unterhaltung","tag-wer-wird-millionaer"],"share_on_mastodon":{"url":"https:\/\/pubeurope.com\/@de\/116164818909163276","error":""},"_links":{"self":[{"href":"https:\/\/www.europesays.com\/de\/wp-json\/wp\/v2\/posts\/839675","targetHints":{"allow":["GET"]}}],"collection":[{"href":"https:\/\/www.europesays.com\/de\/wp-json\/wp\/v2\/posts"}],"about":[{"href":"https:\/\/www.europesays.com\/de\/wp-json\/wp\/v2\/types\/post"}],"author":[{"embeddable":true,"href":"https:\/\/www.europesays.com\/de\/wp-json\/wp\/v2\/users\/2"}],"replies":[{"embeddable":true,"href":"https:\/\/www.europesays.com\/de\/wp-json\/wp\/v2\/comments?post=839675"}],"version-history":[{"count":0,"href":"https:\/\/www.europesays.com\/de\/wp-json\/wp\/v2\/posts\/839675\/revisions"}],"wp:featuredmedia":[{"embeddable":true,"href":"https:\/\/www.europesays.com\/de\/wp-json\/wp\/v2\/media\/839676"}],"wp:attachment":[{"href":"https:\/\/www.europesays.com\/de\/wp-json\/wp\/v2\/media?parent=839675"}],"wp:term":[{"taxonomy":"category","embeddable":true,"href":"https:\/\/www.europesays.com\/de\/wp-json\/wp\/v2\/categories?post=839675"},{"taxonomy":"post_tag","embeddable":true,"href":"https:\/\/www.europesays.com\/de\/wp-json\/wp\/v2\/tags?post=839675"}],"curies":[{"name":"wp","href":"https:\/\/api.w.org\/{rel}","templated":true}]}}