{"id":839708,"date":"2026-03-03T10:57:20","date_gmt":"2026-03-03T10:57:20","guid":{"rendered":"https:\/\/www.europesays.com\/de\/839708\/"},"modified":"2026-03-03T10:57:20","modified_gmt":"2026-03-03T10:57:20","slug":"klinikum-braunschweig-startet-mit-neuer-doppelspitze","status":"publish","type":"post","link":"https:\/\/www.europesays.com\/de\/839708\/","title":{"rendered":"Klinikum Braunschweig startet mit neuer Doppelspitze"},"content":{"rendered":"<p>Jan-Olaf Klok hat die kaufm\u00e4nnische Gesch\u00e4ftsf\u00fchrung des St\u00e4dtischen Klinikum Braunschweig \u00fcbernommen.\u00a0Zugleich hat er den Vorsitz der k\u00fcnftigen gesch\u00e4ftsf\u00fchrenden Doppelspitze inne.\u00a0<\/p>\n<p>Wie die Klinik mitteilt, folgt Klok auf <a href=\"https:\/\/www.bibliomedmanager.de\/news\/sascha-altendorf-wird-interimgeschaeftsfuehrer-in-braunschweig\" target=\"_self\" rel=\"nofollow noopener\">Sascha Altendorf<\/a>, der das Klinikum seit Sommer 2025 interimsweise geleitet hat und demn\u00e4chst ausscheidet.<\/p>\n<p>Altendorf war\u00a0kurzfristig neuer Gesch\u00e4ftsf\u00fchrer neben Andreas Goepfert geworden. Kurz darauf vermeldete das Klinikum, dass<a href=\"https:\/\/www.bibliomedmanager.de\/news\/klinikum-braunschweig-goepfert-ruecktritt-2025\" target=\"_self\" rel=\"nofollow noopener\"> Andreas Goepfert, seit 2016 Gesch\u00e4ftsf\u00fchrer<\/a>, seine T\u00e4tigkeit zum Jahresende 2025 auf eigenen Wunsch beenden wolle. Die Stadt Braunschweig und der Aufsichtsrat h\u00e4tten dem einvernehmlichen Aufhebungsvertrag zugestimmt.\u00a0<\/p>\n<p>Jan-Olaf Klok ist 53 Jahre alt und Diplom-Betriebswirt. Er war zuvor in leitender Funktion bei den M\u00fchlenkreiskliniken im Kreis Minden-L\u00fcbbecke t\u00e4tig.<\/p>\n<p>Neue medizinische Gesch\u00e4ftsf\u00fchrerin<\/p>\n<p>Zum 1. Mai \u00fcbernimmt Alina Dahmen die medizinische Gesch\u00e4ftsf\u00fchrung. Gemeinsam mit Klok wird sie die neue Doppelspitze bilden.<\/p>\n<p>Die Stadt hatte die neue Struktur im Herbst 2025 und Anfang 2026 in den politischen Gremien vorbereitet und die entsprechenden Beschl\u00fcsse gefasst. Die Gesellschafterversammlung folgte den Entscheidungen.\u00a0<\/p>\n<p>Das Klinikum Braunschweig verf\u00fcgt \u00fcber 1.475 vollstation\u00e4re und 24 teilstation\u00e4re Betten. Rund 4.500 Mitarbeitende arbeiten im Krankenhaus, fast 5.000 inklusive Tochtergesellschaften. Als Maximalversorger behandelt das Klinikum j\u00e4hrlich mehr als 50.000 station\u00e4re und rund 200.000 ambulante Patienten. Es betreibt 22 Kliniken, zehn selbstst\u00e4ndige klinische Abteilungen und acht Institute.<\/p>\n<p>Zum Klinikum geh\u00f6ren die Standorte Salzdahlumer Stra\u00dfe und Celler Stra\u00dfe, ein Reha-Sportzentrum sowie ein Sozialp\u00e4diatrisches Zentrum. Der Jahresumsatz liegt bei etwa 460 Millionen Euro.<\/p>\n<p>cs<\/p>\n","protected":false},"excerpt":{"rendered":"Jan-Olaf Klok hat die kaufm\u00e4nnische Gesch\u00e4ftsf\u00fchrung des St\u00e4dtischen Klinikum Braunschweig \u00fcbernommen.\u00a0Zugleich hat er den Vorsitz der k\u00fcnftigen gesch\u00e4ftsf\u00fchrenden&hellip;\n","protected":false},"author":2,"featured_media":494807,"comment_status":"","ping_status":"","sticky":false,"template":"","format":"standard","meta":{"footnotes":"","_share_on_mastodon":"0"},"categories":[1850],"tags":[187220,68538,6429,3364,29,45003,68540,68539,27507,548,663,3934,187219,30,187221,4612,290,27502,13,187218,20069,4344,76916,3263,10701,27503,166,837,68541,71148,27505,14,15,1411,12],"class_list":["post-839708","post","type-post","status-publish","format-standard","has-post-thumbnail","category-braunschweig","tag-alina-dahmen","tag-bibliomed","tag-braunschweig","tag-de","tag-deutschland","tag-doppelspitze","tag-drg","tag-drg-forum","tag-e-health","tag-eu","tag-europa","tag-europe","tag-fuehrungswechsel-krankenhaus","tag-germany","tag-geschaeftsfuehrung-2026","tag-gesundheitspolitik","tag-gesundheitswesen","tag-gesundheitswirtschaft","tag-headlines","tag-jan-olaf-klok","tag-klinik","tag-kliniken","tag-klinikum-braunschweig","tag-krankenhaus","tag-krankenhaeuser","tag-krankenhausmanagement","tag-krankenkassen","tag-medizin","tag-medizincontrolling","tag-medizinische-geschaeftsfuehrung","tag-medizintechnik","tag-nachrichten","tag-news","tag-niedersachsen","tag-schlagzeilen"],"share_on_mastodon":{"url":"","error":"Validation failed: Text character limit of 500 exceeded"},"_links":{"self":[{"href":"https:\/\/www.europesays.com\/de\/wp-json\/wp\/v2\/posts\/839708","targetHints":{"allow":["GET"]}}],"collection":[{"href":"https:\/\/www.europesays.com\/de\/wp-json\/wp\/v2\/posts"}],"about":[{"href":"https:\/\/www.europesays.com\/de\/wp-json\/wp\/v2\/types\/post"}],"author":[{"embeddable":true,"href":"https:\/\/www.europesays.com\/de\/wp-json\/wp\/v2\/users\/2"}],"replies":[{"embeddable":true,"href":"https:\/\/www.europesays.com\/de\/wp-json\/wp\/v2\/comments?post=839708"}],"version-history":[{"count":0,"href":"https:\/\/www.europesays.com\/de\/wp-json\/wp\/v2\/posts\/839708\/revisions"}],"wp:featuredmedia":[{"embeddable":true,"href":"https:\/\/www.europesays.com\/de\/wp-json\/wp\/v2\/media\/494807"}],"wp:attachment":[{"href":"https:\/\/www.europesays.com\/de\/wp-json\/wp\/v2\/media?parent=839708"}],"wp:term":[{"taxonomy":"category","embeddable":true,"href":"https:\/\/www.europesays.com\/de\/wp-json\/wp\/v2\/categories?post=839708"},{"taxonomy":"post_tag","embeddable":true,"href":"https:\/\/www.europesays.com\/de\/wp-json\/wp\/v2\/tags?post=839708"}],"curies":[{"name":"wp","href":"https:\/\/api.w.org\/{rel}","templated":true}]}}