{"id":839793,"date":"2026-03-03T11:45:16","date_gmt":"2026-03-03T11:45:16","guid":{"rendered":"https:\/\/www.europesays.com\/de\/839793\/"},"modified":"2026-03-03T11:45:16","modified_gmt":"2026-03-03T11:45:16","slug":"kino-im-si-centrum-stuttgart-nach-rohrbruch-cinemaxx-seit-monaten-dicht-betreiber-halten-sich-bedeckt-startseite","status":"publish","type":"post","link":"https:\/\/www.europesays.com\/de\/839793\/","title":{"rendered":"Kino im SI-Centrum Stuttgart: Nach Rohrbruch: Cinemaxx seit Monaten dicht \u2013 Betreiber halten sich bedeckt &#8211; Startseite"},"content":{"rendered":"<p>\t\t\t\t\t\t\t\t\t\t\t\t\t\t\t\t\t\t\t\t\t\t\t\t\t\t\t\t\t\t\t\t\t\t\t\t   \t\t\t\t\t \t\t\t\t   \t      \t\t\t\t   <img decoding=\"async\" id=\"article-image\" fetchpriority=\"high\" alt=\"Kino im SI-Centrum Stuttgart: Nach Rohrbruch: Cinemaxx seit Monaten dicht \u2013 Betreiber halten sich bedeckt\" title=\"Kino im SI-Centrum Stuttgart: Nach Rohrbruch: Cinemaxx seit Monaten dicht \u2013 Betreiber halten sich bedeckt\" src=\"https:\/\/www.europesays.com\/de\/wp-content\/uploads\/2026\/03\/media.media.e7fdc68b-8981-4f41-8cbc-9777a2612a5e.original700.jpg\" data-linkto=\"https:\/\/www.krzbb.de\/javascript:void(0);\"\/>\t\t\t\t\t\t\t\t\t\t\t\t\t\t\t\t\t\t\t\t\t\t\t\tAn der Fassade des SI-Centrum steht in gro\u00dfen Lettern \u201eCinemaxx\u201c, doch das Kino ist geschlossen.\u00a0Foto: Katrin Maier-Sohn\t\t\t<\/p>\n<p>Das Cinemaxx in M\u00f6hringen ist seit \u00fcber einem halben Jahr geschlossen. Ein Rohrbruch legte den Betrieb lahm. Wann es wieder losgeht, bleibt weiterhin offen.<\/p>\n<p>An der Scheibe, die <a href=\"https:\/\/www.krzbb.de\/thema\/Kino\" title=\"Kino\" class=\"art_thema\" rel=\"nofollow noopener\" target=\"_blank\">Kino<\/a> und Eingangshalle trennt, h\u00e4ngt immer noch ein Plakat von \u201eThe Fantastic Four: First Steps\u201c. Ein Film, der im Juli 2025 in die deutschen Kinos kam. Mitte Juli 2025 war es auch, als die Feuerwehr zum Stuttgarter <a href=\"https:\/\/www.krzbb.de\/inhalt.landtagswahl-baden-wuerttemberg-9-millionen-bienen-und-730-gebaeude-was-es-ohne-land-in-stuttgart-nicht-gaebe.cab63eca-2e35-43bb-8fd1-8fa81bd8da72.html\" target=\"_blank\" rel=\"nofollow noopener\">SI-Centrum in M\u00f6hringen<\/a> gerufen wurde. Durch einen Rohrbruch war Wasser ins Kino sowie in die Tiefgarage gelaufen. Schuld an dem Schaden war eine defekte Wasserleitung. Seitdem ist das Cinemaxx-Kino geschlossen.<\/p>\n<p>Informationen dar\u00fcber, wann das Kino wiederer\u00f6ffnet werden soll und warum die Bauarbeiten nun schon seit \u00fcber einem halben Jahr andauern, teilt das Kinounternehmen trotz mehrmaliger Nachfrage nicht mit. Ein Sprecher sagte unserer Redaktion lediglich, dass weiterhin mit Hochdruck an der Wiederer\u00f6ffnung gearbeitet werde und man dieser \u201egebannt entgegenblicke\u201c.<\/p>\n<p>Das Kino im SI-Centrum umfasste mehr als 1500 Sitzpl\u00e4tze und sechs S\u00e4le. Ein <a href=\"https:\/\/www.krzbb.de\/inhalt.ausgezeichnetes-programm-von-arthouse-bis-kinderfreundlich-13-top-kinos-in-der-region-stuttgart.253a13e9-d193-4e32-8c16-cc563e7e2cc3.html\" target=\"_blank\" rel=\"nofollow noopener\">weiteres Cinemaxx-Kino<\/a> befindet sich am Robert-Bosch-Platz in der Stuttgarter Innenstadt.<\/p>\n","protected":false},"excerpt":{"rendered":"An der Fassade des SI-Centrum steht in gro\u00dfen Lettern \u201eCinemaxx\u201c, doch das Kino ist geschlossen.\u00a0Foto: Katrin Maier-Sohn Das&hellip;\n","protected":false},"author":2,"featured_media":839794,"comment_status":"","ping_status":"","sticky":false,"template":"","format":"standard","meta":{"footnotes":"","_share_on_mastodon":"0"},"categories":[1830],"tags":[4657,1634,74712,3364,29,30,95,123883,1441,3399,92814],"class_list":["post-839793","post","type-post","status-publish","format-standard","has-post-thumbnail","category-stuttgart","tag-stadtreporter","tag-baden-wuerttemberg","tag-cinemaxx","tag-de","tag-deutschland","tag-germany","tag-kino","tag-si-centrum","tag-stuttgart","tag-stuttgart-moehringen","tag-topt"],"share_on_mastodon":{"url":"https:\/\/pubeurope.com\/@de\/116165078258177201","error":""},"_links":{"self":[{"href":"https:\/\/www.europesays.com\/de\/wp-json\/wp\/v2\/posts\/839793","targetHints":{"allow":["GET"]}}],"collection":[{"href":"https:\/\/www.europesays.com\/de\/wp-json\/wp\/v2\/posts"}],"about":[{"href":"https:\/\/www.europesays.com\/de\/wp-json\/wp\/v2\/types\/post"}],"author":[{"embeddable":true,"href":"https:\/\/www.europesays.com\/de\/wp-json\/wp\/v2\/users\/2"}],"replies":[{"embeddable":true,"href":"https:\/\/www.europesays.com\/de\/wp-json\/wp\/v2\/comments?post=839793"}],"version-history":[{"count":0,"href":"https:\/\/www.europesays.com\/de\/wp-json\/wp\/v2\/posts\/839793\/revisions"}],"wp:featuredmedia":[{"embeddable":true,"href":"https:\/\/www.europesays.com\/de\/wp-json\/wp\/v2\/media\/839794"}],"wp:attachment":[{"href":"https:\/\/www.europesays.com\/de\/wp-json\/wp\/v2\/media?parent=839793"}],"wp:term":[{"taxonomy":"category","embeddable":true,"href":"https:\/\/www.europesays.com\/de\/wp-json\/wp\/v2\/categories?post=839793"},{"taxonomy":"post_tag","embeddable":true,"href":"https:\/\/www.europesays.com\/de\/wp-json\/wp\/v2\/tags?post=839793"}],"curies":[{"name":"wp","href":"https:\/\/api.w.org\/{rel}","templated":true}]}}