{"id":840060,"date":"2026-03-03T14:12:29","date_gmt":"2026-03-03T14:12:29","guid":{"rendered":"https:\/\/www.europesays.com\/de\/840060\/"},"modified":"2026-03-03T14:12:29","modified_gmt":"2026-03-03T14:12:29","slug":"was-beim-abbrennen-von-osterfeuern-zu-beachten-ist","status":"publish","type":"post","link":"https:\/\/www.europesays.com\/de\/840060\/","title":{"rendered":"Was beim Abbrennen von Osterfeuern zu beachten ist"},"content":{"rendered":"<p class=\"text_ohne_einzug richtext text-em-55 !leading-serif mx-6 desktop:mx-0\">  Die Anzeige von Osterfeuern beim Fachdienst Ordnung der Stadt <a href=\"https:\/\/rp-online.de\/thema\/moers\/\" rel=\"nofollow noopener\" target=\"_blank\">Moers<\/a> ist noch bis Freitag, 27. M\u00e4rz, m\u00f6glich. Die Daten k\u00f6nnen online \u00fcbermittelt werden, teilte die Stadt mit. Erlaubt sind nur Veranstaltungen zur Brauchtumspflege von eingetragenen Vereinen, Organisationen und Glaubensgemeinschaften. Das Ordnungsamt f\u00fchre stichprobenartig Kontrollen durch. Verst\u00f6\u00dfe k\u00f6nnen mit einer Geldbu\u00dfe geahndet werden.<\/p>\n","protected":false},"excerpt":{"rendered":"Die Anzeige von Osterfeuern beim Fachdienst Ordnung der Stadt Moers ist noch bis Freitag, 27. M\u00e4rz, m\u00f6glich. Die&hellip;\n","protected":false},"author":2,"featured_media":840061,"comment_status":"","ping_status":"","sticky":false,"template":"","format":"standard","meta":{"footnotes":"","_share_on_mastodon":"0"},"categories":[1838],"tags":[3807,6027,32286,3364,29,3715,18898,987,30,3297,1209,22953,8982,187270],"class_list":["post-840060","post","type-post","status-publish","format-standard","has-post-thumbnail","category-duisburg","tag-moers","tag-ordnungsamt","tag-beachten","tag-de","tag-deutschland","tag-duisburg","tag-erlaubt","tag-feuer","tag-germany","tag-holz","tag-nordrhein-westfalen","tag-ordnung","tag-osterfeuer","tag-osterfeuern"],"share_on_mastodon":{"url":"https:\/\/pubeurope.com\/@de\/116165656457987196","error":""},"_links":{"self":[{"href":"https:\/\/www.europesays.com\/de\/wp-json\/wp\/v2\/posts\/840060","targetHints":{"allow":["GET"]}}],"collection":[{"href":"https:\/\/www.europesays.com\/de\/wp-json\/wp\/v2\/posts"}],"about":[{"href":"https:\/\/www.europesays.com\/de\/wp-json\/wp\/v2\/types\/post"}],"author":[{"embeddable":true,"href":"https:\/\/www.europesays.com\/de\/wp-json\/wp\/v2\/users\/2"}],"replies":[{"embeddable":true,"href":"https:\/\/www.europesays.com\/de\/wp-json\/wp\/v2\/comments?post=840060"}],"version-history":[{"count":0,"href":"https:\/\/www.europesays.com\/de\/wp-json\/wp\/v2\/posts\/840060\/revisions"}],"wp:featuredmedia":[{"embeddable":true,"href":"https:\/\/www.europesays.com\/de\/wp-json\/wp\/v2\/media\/840061"}],"wp:attachment":[{"href":"https:\/\/www.europesays.com\/de\/wp-json\/wp\/v2\/media?parent=840060"}],"wp:term":[{"taxonomy":"category","embeddable":true,"href":"https:\/\/www.europesays.com\/de\/wp-json\/wp\/v2\/categories?post=840060"},{"taxonomy":"post_tag","embeddable":true,"href":"https:\/\/www.europesays.com\/de\/wp-json\/wp\/v2\/tags?post=840060"}],"curies":[{"name":"wp","href":"https:\/\/api.w.org\/{rel}","templated":true}]}}