{"id":840071,"date":"2026-03-03T14:18:18","date_gmt":"2026-03-03T14:18:18","guid":{"rendered":"https:\/\/www.europesays.com\/de\/840071\/"},"modified":"2026-03-03T14:18:18","modified_gmt":"2026-03-03T14:18:18","slug":"e-scooter-bolt-jetzt-auch-in-dresden-dawo","status":"publish","type":"post","link":"https:\/\/www.europesays.com\/de\/840071\/","title":{"rendered":"E-Scooter Bolt jetzt auch in Dresden &#8211; DAWO!"},"content":{"rendered":"<p><img decoding=\"async\" src=\"https:\/\/www.europesays.com\/de\/wp-content\/uploads\/2026\/03\/E-Scooter-Bolt1_PT-Bolt-678x381.jpg\" alt=\"S Scooter\" title=\"E-Scooter Bolt1_PT Bolt\" class=\"lazyload\" style=\"--smush-placeholder-width: 678px; --smush-placeholder-aspect-ratio: 678\/381;\"\/><br \/>\n&#8222;Bolt 4&#8220; ist ab jetzt in Dresden unterwegs. Foto: PR Bolt<\/p>\n<p><strong>Mikromobilit\u00e4t ist angesagt und in Dresden weiter auf dem Vormarsch. Denn am 1. M\u00e4rz startete auch hier das Unternehmen Bolt seinen E-Scooter-Service. Eigenen Angaben zufolge stehen \u201emehrere Hundert Roller\u201c bereit. \u201eDresden hat das richtige Umfeld daf\u00fcr \u2013 dynamisch, offen und in Bewegung\u201c, sagt Balthasar Scheder von Bolt.<\/strong><\/p>\n<p>Damit gibt es nun drei Anbieter f\u00fcr ausleihbare E-Scooter in Dresden \u2013 neben Bolt sind das VOI und RideMovi. Sie d\u00fcrfen jeweils bis zu 833 Fahrzeuge in der Stadt anbieten. Damit ist die Zahl der E-Scooter auf rund 2500 begrenzt. Die Stadt hatte zum 1. August letzten Jahres ihr Sharing-Angebot neu aufgestellt und deutlich erweitert.<\/p>\n<p>Um den \u00f6ffentlichen Raum in Dresden zu sch\u00fctzen, setzt Bolt auf einen 360\u00b0-Parkansatz, der bereits in \u00fcber 60 deutschen St\u00e4dten angewendet wird. So sind mit der Stadtverwaltung Parkverbotszonen festgelegt worden, zum Beispiel rund um Schulen, Pflegeeinrichtungen oder enge Altstadtbereiche. Daf\u00fcr gibt es Quoten, wonach die Zahl der Fahrzeuge in der Innenstadt begrenzt wird. Fahrer m\u00fcssen dar\u00fcber hinaus per Foto dokumentieren, wie sie ihre Roller abstellen. Zudem habe Bolt Teams im Einsatz, um \u201egeordnete Verh\u00e4ltnisse sicherzustellen\u201c.<\/p>\n<p>Die Scooter Bolt 4, der jetzt auf Dresdens Stra\u00dfen kommt, verf\u00fcgt \u00fcber Geofencing, ein integriertes Display f\u00fcr Geschwindigkeits- und Zoneninformationen sowie eine wechselbare Batterie mit bis zu 40 Kilometer Reichweite. Um die Roller zu mieten, werden ein Smartphone und die App des jeweiligen Anbieters ben\u00f6tigt. Die Kosten sind unterschiedlich.<\/p>\n<p>&#13;<br \/>\n\t\t\t\t Post Views: 33&#13;\n\t\t\t<\/p>\n","protected":false},"excerpt":{"rendered":"&#8222;Bolt 4&#8220; ist ab jetzt in Dresden unterwegs. Foto: PR Bolt Mikromobilit\u00e4t ist angesagt und in Dresden weiter&hellip;\n","protected":false},"author":2,"featured_media":840072,"comment_status":"","ping_status":"","sticky":false,"template":"","format":"standard","meta":{"footnotes":"","_share_on_mastodon":"0"},"categories":[1835],"tags":[11080,3364,29,2386,8367,30,859],"class_list":["post-840071","post","type-post","status-publish","format-standard","has-post-thumbnail","category-dresden","tag-bolt","tag-de","tag-deutschland","tag-dresden","tag-e-scooter","tag-germany","tag-sachsen"],"share_on_mastodon":{"url":"https:\/\/pubeurope.com\/@de\/116165680093012177","error":""},"_links":{"self":[{"href":"https:\/\/www.europesays.com\/de\/wp-json\/wp\/v2\/posts\/840071","targetHints":{"allow":["GET"]}}],"collection":[{"href":"https:\/\/www.europesays.com\/de\/wp-json\/wp\/v2\/posts"}],"about":[{"href":"https:\/\/www.europesays.com\/de\/wp-json\/wp\/v2\/types\/post"}],"author":[{"embeddable":true,"href":"https:\/\/www.europesays.com\/de\/wp-json\/wp\/v2\/users\/2"}],"replies":[{"embeddable":true,"href":"https:\/\/www.europesays.com\/de\/wp-json\/wp\/v2\/comments?post=840071"}],"version-history":[{"count":0,"href":"https:\/\/www.europesays.com\/de\/wp-json\/wp\/v2\/posts\/840071\/revisions"}],"wp:featuredmedia":[{"embeddable":true,"href":"https:\/\/www.europesays.com\/de\/wp-json\/wp\/v2\/media\/840072"}],"wp:attachment":[{"href":"https:\/\/www.europesays.com\/de\/wp-json\/wp\/v2\/media?parent=840071"}],"wp:term":[{"taxonomy":"category","embeddable":true,"href":"https:\/\/www.europesays.com\/de\/wp-json\/wp\/v2\/categories?post=840071"},{"taxonomy":"post_tag","embeddable":true,"href":"https:\/\/www.europesays.com\/de\/wp-json\/wp\/v2\/tags?post=840071"}],"curies":[{"name":"wp","href":"https:\/\/api.w.org\/{rel}","templated":true}]}}