{"id":840327,"date":"2026-03-03T16:37:23","date_gmt":"2026-03-03T16:37:23","guid":{"rendered":"https:\/\/www.europesays.com\/de\/840327\/"},"modified":"2026-03-03T16:37:23","modified_gmt":"2026-03-03T16:37:23","slug":"emotionen-in-bielefeld-arminia-gegen-paderborn-und-sie-koennen-tickets-gewinnen","status":"publish","type":"post","link":"https:\/\/www.europesays.com\/de\/840327\/","title":{"rendered":"Emotionen in Bielefeld: Arminia gegen Paderborn \u2013 und Sie k\u00f6nnen Tickets gewinnen"},"content":{"rendered":"<p id=\"absatz1\" class=\"em_text\">Bielefeld. Jetzt liegt Derbystimmung in der Luft: Wenn am 14. M\u00e4rz die Fu\u00dfball-Zweitligisten von Arminia Bielefeld und dem SC Paderborn aufeinandertreffen, geht es f\u00fcr beide Mannschaften und die Fans aus Ostwestfalen ums Prestige. L\u00e4ngst ist das Nachbarschaftsduell in der Sch\u00fcco-Arena ausverkauft.<\/p>\n<p id=\"absatz2\" class=\"em_text\">Trotzdem k\u00f6nnen Sie mittendrin sein, wenn die Fanges\u00e4nge starten. <a href=\"http:\/\/nw.de\" rel=\"nofollow noopener\" target=\"_blank\">nw.de<\/a> verlost einmal zwei Karten f\u00fcr das Ostwestfalen-Derby. Fans k\u00f6nnen noch bis zum 8. M\u00e4rz an der Verlosung teilnehmen \u2013 und mit etwas Gl\u00fcck sitzen Sie am 26. Spieltag auf der Alm. Einfach unten auf \u201eJetzt teilnehmen\u201c klicken und loslegen.<\/p>\n<p id=\"absatz3\" class=\"em_text\">Arminia hat nach einer durchwachsenen Phase zuletzt wieder Boden gut gemacht. Das Team von Trainer Mitch Kniat will deshalb jetzt auch Revanche f\u00fcr das Hinspiel, als sich Paderborn <a href=\"https:\/\/www.nw.de\/sport\/sc_paderborn_07\/24196188_SC-Paderborn-gewinnt-ein-verruecktes-OWL-Derby-gegen-Arminia-Bielefeld.html\" rel=\"nofollow noopener\" target=\"_blank\">in einem verr\u00fcckten Derby am Ende knapp mit 4:3<\/a> durchsetzte.<\/p>\n<p>Arminia im Aufschwung \u2013 Paderborn trotzdem Favorit?<\/p>\n<p class=\"em_text\">F\u00fcr den SC hingegen l\u00e4uft es nach einer tollen Saison, pl\u00f6tzlich nicht mehr ganz so rund. Trotzdem schielen die Domst\u00e4dter weiterhin sogar in Richtung Aufstiegspl\u00e4tze. Auch deshalb ist die Mannschaft unter Ralf Kettemann leichter Favorit. Doch grau ist alle Theorie \u2013 und wenn im M\u00e4rz die Alm kocht, steht ohnehin etwas anderes auf dem Spiel: die Derby-Ehre.<\/p>\n","protected":false},"excerpt":{"rendered":"Bielefeld. Jetzt liegt Derbystimmung in der Luft: Wenn am 14. M\u00e4rz die Fu\u00dfball-Zweitligisten von Arminia Bielefeld und dem&hellip;\n","protected":false},"author":2,"featured_media":840328,"comment_status":"","ping_status":"","sticky":false,"template":"","format":"standard","meta":{"footnotes":"","_share_on_mastodon":"0"},"categories":[1841],"tags":[2368,1605,12433,103287,3364,5098,187310,29,30,5927,4281,16465,1606,1609,729,2378,126648,736,2380,16467,1209,3144,187311,22059,727,3135,1406],"class_list":["post-840327","post","type-post","status-publish","format-standard","has-post-thumbnail","category-bielefeld","tag-arminia-bielefeld","tag-bielefeld","tag-bielefelder-alm","tag-cnt_mittel","tag-de","tag-derby","tag-derbystimmung","tag-deutschland","tag-germany","tag-gewinn","tag-label_arminia","tag-label_hilf-mir","tag-label_m-80","tag-label_plus-ok","tag-label_s-50","tag-label_umfrage","tag-meta_artikelklasse_advertorial_service","tag-meta_copyrights_nw","tag-meta_themen_arminia_bielefeld","tag-meta_userneeds_hilfmir","tag-nordrhein-westfalen","tag-ostwestfalen","tag-ostwestfalen-derby","tag-owl","tag-paderborn","tag-sc-paderborn","tag-tickets"],"share_on_mastodon":{"url":"","error":"Validation failed: Text character limit of 500 exceeded"},"_links":{"self":[{"href":"https:\/\/www.europesays.com\/de\/wp-json\/wp\/v2\/posts\/840327","targetHints":{"allow":["GET"]}}],"collection":[{"href":"https:\/\/www.europesays.com\/de\/wp-json\/wp\/v2\/posts"}],"about":[{"href":"https:\/\/www.europesays.com\/de\/wp-json\/wp\/v2\/types\/post"}],"author":[{"embeddable":true,"href":"https:\/\/www.europesays.com\/de\/wp-json\/wp\/v2\/users\/2"}],"replies":[{"embeddable":true,"href":"https:\/\/www.europesays.com\/de\/wp-json\/wp\/v2\/comments?post=840327"}],"version-history":[{"count":0,"href":"https:\/\/www.europesays.com\/de\/wp-json\/wp\/v2\/posts\/840327\/revisions"}],"wp:featuredmedia":[{"embeddable":true,"href":"https:\/\/www.europesays.com\/de\/wp-json\/wp\/v2\/media\/840328"}],"wp:attachment":[{"href":"https:\/\/www.europesays.com\/de\/wp-json\/wp\/v2\/media?parent=840327"}],"wp:term":[{"taxonomy":"category","embeddable":true,"href":"https:\/\/www.europesays.com\/de\/wp-json\/wp\/v2\/categories?post=840327"},{"taxonomy":"post_tag","embeddable":true,"href":"https:\/\/www.europesays.com\/de\/wp-json\/wp\/v2\/tags?post=840327"}],"curies":[{"name":"wp","href":"https:\/\/api.w.org\/{rel}","templated":true}]}}