{"id":840401,"date":"2026-03-03T17:15:16","date_gmt":"2026-03-03T17:15:16","guid":{"rendered":"https:\/\/www.europesays.com\/de\/840401\/"},"modified":"2026-03-03T17:15:16","modified_gmt":"2026-03-03T17:15:16","slug":"s-bahn-zum-flughafen-frankfurt-wegen-bauarbeiten-dicht","status":"publish","type":"post","link":"https:\/\/www.europesays.com\/de\/840401\/","title":{"rendered":"S-Bahn zum Flughafen Frankfurt wegen Bauarbeiten dicht"},"content":{"rendered":"<p>Bauarbeiten im Rhein-Main-Gebiet <\/p>\n<p>Bahn-Chaos: Flughafen wochenlang nur eingeschr\u00e4nkt erreichbar<\/p>\n<p>03.03.2026 &#8211; 17:57 UhrLesedauer: 2 Min.<\/p>\n<p><a href=\"#focus-0\" class=\"transition-colors duration-200 block text-current relative\" data-sctrack=\"FocusGalleryImage.Reference\"><img fetchpriority=\"high\" data-testid=\"Opener.Image\" style=\"--lqipURL:url('https:\/\/images.t-online.de\/2026\/03\/LcFR9kYwisWP\/0x171:4000x2250\/fit-in\/150x0\/filters:blur(25)\/bruecke-an-der-camberger-strasse-galluswarte-deutsche-bahn-gleise-und-zuege-frankfurt-am-main-hessen-deutschland-bridge-at-camberger-strasse-galluswarte-deutsche-bahn-tracks-and-trains-frankfurt-am-main-hesse-germany-copyright-imagebroker-karl-heinzxspremberg-iblkhs14331397-jpg.jpg')\"   loading=\"eager\" src=\"https:\/\/www.europesays.com\/de\/wp-content\/uploads\/2026\/03\/bruecke-an-der-camberger-strasse-galluswarte-deutsche-bahn-gleise-und-zuege-frankfurt-am-main-hessen.jpeg\" alt=\"imago images 0826315876\" title=\"imago images 0826315876\" width=\"4000\" height=\"2250\" class=\"bg-[url:var(--lqipURL)] bg-cover bg-center flex h-full w-full max-w-full\" decoding=\"async\"\/><img style=\"--width:32;--height:32\" loading=\"lazy\" src=\"https:\/\/frankfurt.t-online.de\/s\/paper\/_next\/static\/media\/zoom-in.f7dae02f.svg\" alt=\"Vergr\u00f6\u00dfern des Bildes\" title=\"Vergr\u00f6\u00dfern des Bildes\" class=\"block h-[calc(var(--height)_\/_16_*_1rem)] w-[calc(var(--width)_\/_16_*_1rem)] max-w-none absolute bottom-8 right-8 rounded-4 bg-snow p-8\" decoding=\"async\"\/><\/a><\/p>\n<p>S-Bahnen auf dem Abstellgleis in Frankfurt (Archivbild): Im Rhein-Main-Gebiet brauchen Pendler weiterhin stare Nerven. (Quelle: IMAGO\/imageBROKER\/Karl-Heinz Spremberg\/imago)<\/p>\n<p class=\"font-bold text-18 leading-17 user-text-lg:text-22 user-text-xl:text-24\">Sperrungen, Umleitungen, Zugausf\u00e4lle: Im Rhein-Main-Gebiet dauert das Bahn-Chaos an. Besonders die Verbindung zum Frankfurter Flughafen wird abgeklemmt.<\/p>\n<p class=\"text-18 leading-17 user-text-lg:text-22 user-text-xl:text-24\">Bahnfahrg\u00e4ste im Rhein-Main-Gebiet brauchen weiterhin Nerven aus Stahl. Bis Mitte Mai kommt es auf zentralen Strecken rund um Mainz zu Sperrungen, Umleitungen und Zugausf\u00e4llen. Besonders betroffen ist die Verbindung zum <a class=\"transition-colors duration-200 cursor-pointer text-inherit no-underline text-salemsfur md:hover:text-magenta md:hover:border-magenta md:focus:text-magenta border-current border-b border-solid break-words\" href=\"https:\/\/www.t-online.de\/themen\/flughafen-frankfurt\/\" data-sctrack=\"BodyAnchor\" rel=\"nofollow noopener\" target=\"_blank\">Frankfurter Flughafen<\/a>.<\/p>\n<p class=\"text-18 leading-17 user-text-lg:text-22 user-text-xl:text-24\">Die Deutsche Bahn modernisiert seit Dezember den Eisenbahnknoten Mainz. Erneuert werden Gleise, Weichen, Oberleitungen und Stellwerkstechnik. Zudem werden Strecken f\u00fcr k\u00fcnftige Umleitungen vorbereitet. Die Einschr\u00e4nkungen gelten vorerst bis zum 15. Mai.<\/p>\n<p class=\"text-18 leading-17 user-text-lg:text-22 user-text-xl:text-24\">Noch bis zum 13. M\u00e4rz entfallen die S-Bahnen der Linien S8 und S9 zwischen Kelsterbach und Wiesbaden Hauptbahnhof. Damit ist die direkte <strong class=\"font-bold\">S-Bahn-Verbindung von Wiesbaden und Mainz zum Frankfurter Flughafen<\/strong> vorerst gekappt \u2013 eine der wichtigsten Pendler- und Flughafenachsen im Rhein-Main-Gebiet. Fahrg\u00e4ste m\u00fcssen weiterhin auf Ersatzbusse oder alternative Routen ausweichen.<\/p>\n<p class=\"text-18 leading-17 user-text-lg:text-22 user-text-xl:text-24\">Vom 14. M\u00e4rz bis 23. April f\u00e4hrt die S8 nicht zwischen Mainz und Wiesbaden. Zwischen Kelsterbach und Mainz verkehrt sie tags\u00fcber wieder. Ab dem 23. April bis 15. Mai ist die S8 tags\u00fcber auf der kompletten Strecke unterwegs, nachts jedoch weiter eingeschr\u00e4nkt.<\/p>\n<p class=\"text-18 leading-17 user-text-lg:text-22 user-text-xl:text-24\">Die S9 f\u00e4hrt vom 14. M\u00e4rz bis 3. April sowie vom 1. bis 15. Mai tags\u00fcber regul\u00e4r. Nachts entf\u00e4llt sie zwischen Kelsterbach und Wiesbaden. Ersatzbusse bleiben im Einsatz.<\/p>\n<p class=\"text-18 leading-17 user-text-lg:text-22 user-text-xl:text-24\">Eine zus\u00e4tzliche Belastung kommt mit der Totalsperrung der Kaiserbr\u00fccke zwischen Mainz und Wiesbaden. Sie wird vom Abend des 13. M\u00e4rz bis zum Morgen des 23. April komplett gesperrt. Das hat Folgen f\u00fcr Fern- und Regionalz\u00fcge.<\/p>\n<p class=\"text-18 leading-17 user-text-lg:text-22 user-text-xl:text-24\">Im Fernverkehr werden Z\u00fcge in der Regel umgeleitet oder fallen zwischen Frankfurt und Mainz beziehungsweise Wiesbaden aus. Es kommt zu l\u00e4ngeren Fahrzeiten und einzelnen Halteausf\u00e4llen.<\/p>\n<p class=\"text-18 leading-17 user-text-lg:text-22 user-text-xl:text-24\">Bei den Regionalexpress-Linien RE2 und RE3 gibt es Umleitungen und n\u00e4chtliche Ausf\u00e4lle zwischen Mainz und Frankfurt. Auch die RB58 zwischen Frankfurt Flughafen und R\u00fcsselsheim entf\u00e4llt noch bis 13. M\u00e4rz auf diesem Abschnitt. Am Wochenende vom 20. bis 22. M\u00e4rz f\u00e4llt sie zwischen Hanau und R\u00fcsselsheim komplett aus.<\/p>\n<p class=\"text-18 leading-17 user-text-lg:text-22 user-text-xl:text-24\">Zwischen Worms, Mainz und Frankfurt entfallen die Linien RE4 und RE14 zeitweise nachts, zwischen Mitte M\u00e4rz und 22. April sogar ganzt\u00e4gig auf dem Abschnitt Mainz\u2013Frankfurt. Die RB75 wird ebenfalls \u00fcber Wochen umgeleitet.<\/p>\n<p class=\"text-18 leading-17 user-text-lg:text-22 user-text-xl:text-24\">Die Bahn empfiehlt, sich kurz vor Fahrtantritt \u00fcber bahn.de oder den DB Navigator zu informieren. Wie es nach dem 15. Mai weitergeht, will das Unternehmen zu einem sp\u00e4teren Zeitpunkt mitteilen.<\/p>\n","protected":false},"excerpt":{"rendered":"Bauarbeiten im Rhein-Main-Gebiet Bahn-Chaos: Flughafen wochenlang nur eingeschr\u00e4nkt erreichbar 03.03.2026 &#8211; 17:57 UhrLesedauer: 2 Min. S-Bahnen auf dem&hellip;\n","protected":false},"author":2,"featured_media":840402,"comment_status":"","ping_status":"","sticky":false,"template":"","format":"standard","meta":{"footnotes":"","_share_on_mastodon":"0"},"categories":[1829],"tags":[522,3092,224,2030,29,2109,3089,2050,2051,30,2052,11467,1427,4125,16803,2224,939,4073,4544,6427],"class_list":["post-840401","post","type-post","status-publish","format-standard","has-post-thumbnail","category-frankfurt-am-main","tag-522","tag-3092","tag-abstellgleis","tag-deutsche-bahn","tag-deutschland","tag-flughafen","tag-flughafen-frankfurt","tag-frankfurt","tag-frankfurt-am-main","tag-germany","tag-hessen","tag-kelsterbach","tag-mainz","tag-pendler","tag-rhein-main-gebiet","tag-sperrung","tag-stahl","tag-umleitung","tag-wiesbaden","tag-zugausfall"],"share_on_mastodon":{"url":"https:\/\/pubeurope.com\/@de\/116166376044956123","error":""},"_links":{"self":[{"href":"https:\/\/www.europesays.com\/de\/wp-json\/wp\/v2\/posts\/840401","targetHints":{"allow":["GET"]}}],"collection":[{"href":"https:\/\/www.europesays.com\/de\/wp-json\/wp\/v2\/posts"}],"about":[{"href":"https:\/\/www.europesays.com\/de\/wp-json\/wp\/v2\/types\/post"}],"author":[{"embeddable":true,"href":"https:\/\/www.europesays.com\/de\/wp-json\/wp\/v2\/users\/2"}],"replies":[{"embeddable":true,"href":"https:\/\/www.europesays.com\/de\/wp-json\/wp\/v2\/comments?post=840401"}],"version-history":[{"count":0,"href":"https:\/\/www.europesays.com\/de\/wp-json\/wp\/v2\/posts\/840401\/revisions"}],"wp:featuredmedia":[{"embeddable":true,"href":"https:\/\/www.europesays.com\/de\/wp-json\/wp\/v2\/media\/840402"}],"wp:attachment":[{"href":"https:\/\/www.europesays.com\/de\/wp-json\/wp\/v2\/media?parent=840401"}],"wp:term":[{"taxonomy":"category","embeddable":true,"href":"https:\/\/www.europesays.com\/de\/wp-json\/wp\/v2\/categories?post=840401"},{"taxonomy":"post_tag","embeddable":true,"href":"https:\/\/www.europesays.com\/de\/wp-json\/wp\/v2\/tags?post=840401"}],"curies":[{"name":"wp","href":"https:\/\/api.w.org\/{rel}","templated":true}]}}