{"id":840620,"date":"2026-03-03T19:13:14","date_gmt":"2026-03-03T19:13:14","guid":{"rendered":"https:\/\/www.europesays.com\/de\/840620\/"},"modified":"2026-03-03T19:13:14","modified_gmt":"2026-03-03T19:13:14","slug":"unfaelle-ausfaelle-und-verspaetungen-von-bus-und-bahn-im-ueberblick-4","status":"publish","type":"post","link":"https:\/\/www.europesays.com\/de\/840620\/","title":{"rendered":"Unf\u00e4lle, Ausf\u00e4lle und Versp\u00e4tungen von Bus und Bahn im \u00dcberblick"},"content":{"rendered":"<p>            Dienstag, 3. M\u00e4rz<\/p>\n<p class=\"mb-6 text-xs md:text-m lg:text-l font-serif group-[.font-sans]:font-sans \">\n    <strong class=\"font-bold\">Linie 106, 222<\/strong><br \/>Aufgrund von Bauarbeiten muss die <strong class=\"font-bold\">Haltestelle \u201eM\u00f6rsch R\u00f6sselsbr\u00fcnnle\u201c von Dienstag, 3. M\u00e4rz bis Dienstag, 17. M\u00e4rz <\/strong>mit einer Ersatzhaltestelle in der inneren Rappenw\u00f6rthstra\u00dfe auf die westliche Seite der Stra\u00dfenbahnstrecke verlegt werden.\n  <\/p>\n<p>            Montag, 2. M\u00e4rz<\/p>\n<p class=\"mb-6 text-xs md:text-m lg:text-l font-serif group-[.font-sans]:font-sans \">\n    <strong class=\"font-bold\">Linien 2, 3, 4<\/strong><br \/>In der Nacht von Montag, 2. M\u00e4rz, auf Dienstag, 3.\u00a0M\u00e4rz, wird der s\u00fcdliche oberirdische <strong class=\"font-bold\">Bahnsteig am Europaplatz gesperrt<\/strong>. Grund daf\u00fcr sind Wartungsarbeiten am Gleis 6. Gesperrt wird von <strong class=\"font-bold\">19.30 Uhr bis 4.20 Uhr<\/strong>. Alle weiteren Informationen haben wir hier bereits zusammengefasst: <a href=\"https:\/\/www.ka-news.de\/karlsruhe\/verkehr\/sperrung-der-haltestelle-karlsruhe-europaplatz-linien-2-und-4-halten-nur-in-der-karlstrasse-2-3-26-113566095\" target=\"_self\" class=\"underline \" rel=\"nofollow noopener\">Haltestelle Europaplatz kurzzeitig aufgehoben<\/a>\n  <\/p>\n<p>            Freitag, 27. Februar<\/p>\n<p class=\"mb-6 text-xs md:text-m lg:text-l font-serif group-[.font-sans]:font-sans \">\n    <strong class=\"font-bold\">Linie 70:<\/strong><br \/>Auf der Linie 70 kommt es wegen einer Fahrzeugst\u00f6rung zu einzelnen Fahrtausf\u00e4llen. Betroffen ist der Bereich zwischen <strong class=\"font-bold\"><a href=\"https:\/\/www.ka-news.de\/karlsruhe\" target=\"_self\" class=\"underline \" rel=\"nofollow noopener\">Karlsruhe<\/a> Entenfang <\/strong>und <strong class=\"font-bold\">Karlsruhe Heidehof<\/strong>.\n  <\/p>\n<p>            Dienstag, 24. Februar<\/p>\n<p class=\"mb-6 text-xs md:text-m lg:text-l font-serif group-[.font-sans]:font-sans \">\n    <strong class=\"font-bold\">Linie S4:<\/strong><br \/>Auf der <strong class=\"font-bold\">Linie S4 <\/strong>kommt es wegen Engp\u00e4ssen beim Fahrpersonal der AVG zu <strong class=\"font-bold\">Fahrtausf\u00e4llen<\/strong>. Betroffen ist der Bereich zwischen <strong class=\"font-bold\">Karlsruhe Tullastra\u00dfe\/Alter Schlachthof<\/strong> und<strong class=\"font-bold\"> Karlsruhe Albtalbahnhof. <\/strong>Nach jetzigem Stand (24. Februar, 17 Uhr) sind folgende Fahrten von einem (Teil-)Ausfall betroffen:\n  <\/p>\n<ul rel=\"\" class=\"[&amp;&gt;li]:relative list-none  [&amp;&gt;li]:pl-[1.2em] [&amp;&gt;li]:marker:text-[0] [&amp;&gt;li]:relative [&amp;&gt;li]:before:absolute [&amp;&gt;li]:before:w-3 [&amp;&gt;li]:before:h-3 [&amp;&gt;li]:before:bg-brand [&amp;&gt;li]:before:left-0 [&amp;&gt;li]:before:top-[8px] [&amp;&gt;li]:before:rounded-full  my-5\">\n<li class=\" mb-3 text-xs md:text-m lg:text-l\">Heilbronn Willy-Brandt-Platz (20:36 Uhr) &#8211; \u00d6hringen Cappel (21:22 Uhr)<\/li>\n<li class=\" mb-3 text-xs md:text-m lg:text-l\">\u00d6hringen Cappel (21.32 Uhr) &#8211; Schwaigern West (22:40 Uhr)<\/li>\n<li class=\" mb-3 text-xs md:text-m lg:text-l\">Schwaigern West (23:15 Uhr) &#8211; Heilbronn Pf\u00fchlpark (23:45 Uhr)<\/li>\n<li class=\" mb-3 text-xs md:text-m lg:text-l\">Heilbronn Willy-Brandt-Platz (00:18 Uhr) &#8211; Heilbronn Kaufland (00:33 Uhr)<\/li>\n<\/ul>\n<p class=\"mb-6 text-xs md:text-m lg:text-l font-serif group-[.font-sans]:font-sans \">\n    <strong class=\"font-bold\">Linien S5 und S6:<\/strong><br \/>Auf den <strong class=\"font-bold\">Linien S5 und S6<\/strong> kommt es wegen Engp\u00e4ssen beim Fahrpersonal der AVG zu Fahrtausf\u00e4llen. Betroffen ist der Bereich zwischen <strong class=\"font-bold\">W\u00f6rth Badepark<\/strong> und <strong class=\"font-bold\">Bad Wildbad Kurpark<\/strong>. Folgende Fahrten fallen aus:\n  <\/p>\n<ul rel=\"\" class=\"[&amp;&gt;li]:relative list-none  [&amp;&gt;li]:pl-[1.2em] [&amp;&gt;li]:marker:text-[0] [&amp;&gt;li]:relative [&amp;&gt;li]:before:absolute [&amp;&gt;li]:before:w-3 [&amp;&gt;li]:before:h-3 [&amp;&gt;li]:before:bg-brand [&amp;&gt;li]:before:left-0 [&amp;&gt;li]:before:top-[8px] [&amp;&gt;li]:before:rounded-full  my-5\">\n<li class=\" mb-3 text-xs md:text-m lg:text-l\">Karlsruhe Albtalbahnhof 04:22 Uhr &#8211; S\u00f6llingen Bf. 04:56 Uhr<\/li>\n<li class=\" mb-3 text-xs md:text-m lg:text-l\">S\u00f6llingen Bf. 05:01 Uhr &#8211; W\u00f6rth Bf. 05:55 Uhr<\/li>\n<li class=\" mb-3 text-xs md:text-m lg:text-l\">W\u00f6rth Bf. 06:01 Uhr &#8211; Pforzheim Bf. 07:20 Uhr<\/li>\n<li class=\" mb-3 text-xs md:text-m lg:text-l\">Pforzheim Bf. 07:47 Uhr &#8211; Bad Wildbad Kurpark 08:22 Uhr<\/li>\n<li class=\" mb-3 text-xs md:text-m lg:text-l\">Pforzheim Bf. 10:46 Uhr &#8211; Karlsruhe Entenfang 10:45 Uhr<\/li>\n<li class=\" mb-3 text-xs md:text-m lg:text-l\">Karlsruhe Tullastr. 04:36 Uhr &#8211; W\u00f6rth Badepark 05:21 Uhr<\/li>\n<li class=\" mb-3 text-xs md:text-m lg:text-l\">W\u00f6rth Badepark 05:45 Uhr &#8211; S\u00f6llingen Bf. 06:47 Uhr<\/li>\n<li class=\" mb-3 text-xs md:text-m lg:text-l\">S\u00f6llingen Bf. 07:18 Uhr &#8211; Karlsruhe Rheinbergstr. 08:04 Uhr<\/li>\n<li class=\" mb-3 text-xs md:text-m lg:text-l\">Karlsruhe Rheinbergstr. 08:32 Uhr &#8211; Karlsruhe Tullastr. 09:01 Uhr<\/li>\n<li class=\" mb-3 text-xs md:text-m lg:text-l\">Karlsruhe Rheinbergstr. 05:32 Uhr &#8211; S\u00f6llingen Bf. 06:18 Uhr<\/li>\n<li class=\" mb-3 text-xs md:text-m lg:text-l\">S\u00f6llingen Bf. 07:08 Uhr &#8211; W\u00f6rth Badepark 08:15 Uhr<\/li>\n<li class=\" mb-3 text-xs md:text-m lg:text-l\">W\u00f6rth Badepark 08:23 Uhr &#8211; Karlsruhe Tullastr. 09:07 Uhr<\/li>\n<\/ul>\n<p>            Montag, 23. Februar<\/p>\n<p class=\"mb-6 text-xs md:text-m lg:text-l font-serif group-[.font-sans]:font-sans \">\n    <strong class=\"font-bold\">Linie 62: <\/strong><br \/>Auf der <strong class=\"font-bold\">Linie 62<\/strong> kommt es wegen einer Fahrzeugst\u00f6rung zu einzelnen Fahrtausf\u00e4llen. Betroffen ist der Bereich zwischen <strong class=\"font-bold\">Karlsruhe Entenfang<\/strong> und <strong class=\"font-bold\">Karlsruhe Hauptbahnhof Vorplatz<\/strong>.\n  <\/p>\n<p>            Freitag, 20. Februar<\/p>\n<p class=\"mb-6 text-xs md:text-m lg:text-l font-serif group-[.font-sans]:font-sans \">\n    <strong class=\"font-bold\">Linien S1 und S11: <\/strong><br \/>Auf den <strong class=\"font-bold\">Linien S1 und S11<\/strong> kommt es wegen Engp\u00e4ssen beim Fahrpersonal der AVG zu Fahrtausf\u00e4llen. Betroffen ist der Bereich zwischen <strong class=\"font-bold\">Hochstetten<\/strong> und <strong class=\"font-bold\">Ittersbach Rathaus<\/strong>. Folgende Fahrten fallen aus:\n  <\/p>\n<ul rel=\"\" class=\"[&amp;&gt;li]:relative list-none  [&amp;&gt;li]:pl-[1.2em] [&amp;&gt;li]:marker:text-[0] [&amp;&gt;li]:relative [&amp;&gt;li]:before:absolute [&amp;&gt;li]:before:w-3 [&amp;&gt;li]:before:h-3 [&amp;&gt;li]:before:bg-brand [&amp;&gt;li]:before:left-0 [&amp;&gt;li]:before:top-[8px] [&amp;&gt;li]:before:rounded-full  my-5\">\n<li class=\" mb-3 text-xs md:text-m lg:text-l\">Ettlingen Algaubad (12:34 Uhr) &#8211; Hochstten (13:46 Uhr)<\/li>\n<li class=\" mb-3 text-xs md:text-m lg:text-l\">Hochstetten (13:23 Uhr) &#8211; Ettlingen Stadt (14:28 Uhr)<\/li>\n<li class=\" mb-3 text-xs md:text-m lg:text-l\">Hochstetten (13:52 Uhr) &#8211; Ettlingen Stadt (14:58 Uhr)<\/li>\n<li class=\" mb-3 text-xs md:text-m lg:text-l\">Ettlingen Stadt (15:18 Uhr) &#8211; Ittersbach Rathaus (15:45 Uhr)<\/li>\n<li class=\" mb-3 text-xs md:text-m lg:text-l\">Ittersbach Rathaus (15:51 Uhr) &#8211; Hochstetten (17:26 Uhr)<\/li>\n<li class=\" mb-3 text-xs md:text-m lg:text-l\">Hochstetten (17:32 Uhr) &#8211; Ettlingen Albgaubad (18:42 Uhr)<\/li>\n<li class=\" mb-3 text-xs md:text-m lg:text-l\">Ettlingen Albgaubad (18:54 Uhr) &#8211; Hochstetten (20:06 Uhr)<br \/>\n\u00a0<\/li>\n<\/ul>\n<p class=\"mb-6 text-xs md:text-m lg:text-l font-serif group-[.font-sans]:font-sans \">\n    <strong class=\"font-bold\">Linie S5: <\/strong><br \/>Auf der <strong class=\"font-bold\">Linie S5<\/strong> kommt es wegen Engp\u00e4ssen beim Fahrpersonal der AVG zu Fahrtausf\u00e4llen. Betroffen ist der Bereich zwischen <strong class=\"font-bold\">Pforzheim Hauptbahnhof<\/strong> und <strong class=\"font-bold\">W\u00f6rth Badepark. <\/strong>Folgende Fahrten fallen aus:\n  <\/p>\n<ul rel=\"\" class=\"[&amp;&gt;li]:relative list-none  [&amp;&gt;li]:pl-[1.2em] [&amp;&gt;li]:marker:text-[0] [&amp;&gt;li]:relative [&amp;&gt;li]:before:absolute [&amp;&gt;li]:before:w-3 [&amp;&gt;li]:before:h-3 [&amp;&gt;li]:before:bg-brand [&amp;&gt;li]:before:left-0 [&amp;&gt;li]:before:top-[8px] [&amp;&gt;li]:before:rounded-full  my-5\">\n<li class=\" mb-3 text-xs md:text-m lg:text-l\">KA Tullastra\u00dfe (12:06 Uhr) &#8211; Pforzheim Hbf. (12:50 Uhr)<\/li>\n<li class=\" mb-3 text-xs md:text-m lg:text-l\">Pforzheim Hbf. (13:06 Uhr) &#8211; KA Tullastra\u00dfe (13:50 Uhr) \u2013 wird um 13:51 Uhr an KA Tullastra\u00dfe wieder eingesetzt<\/li>\n<li class=\" mb-3 text-xs md:text-m lg:text-l\">KA Tullastra\u00dfe (14:10 Uhr) &#8211; W\u00f6rth Badepark (14:53 Uhr)<\/li>\n<li class=\" mb-3 text-xs md:text-m lg:text-l\">W\u00f6rth Badepark (15:05 Uhr) &#8211; S\u00f6llingen Bf. (16:09 Uhr)<\/li>\n<li class=\" mb-3 text-xs md:text-m lg:text-l\">Albtalbahnhof (16:26 Uhr) &#8211; Pforzheim Hbf. (17:20 Uhr)<\/li>\n<li class=\" mb-3 text-xs md:text-m lg:text-l\">S\u00f6llingen Bf. (16:38 Uhr) &#8211; KA Tullastra\u00dfe (17:00 Uhr) \u2013 wird um 17:01 Uhr an KA Tullastra\u00dfe wieder eingesetzt<\/li>\n<li class=\" mb-3 text-xs md:text-m lg:text-l\">Pforzheim Hbf. (17:37 Uhr) &#8211; Karlsruhe Hbf. (18:11 Uhr)<\/li>\n<li class=\" mb-3 text-xs md:text-m lg:text-l\">KA Tullastra\u00dfe (18:10 Uhr) &#8211; W\u00f6rth Badepark (18:53 Uhr)<\/li>\n<li class=\" mb-3 text-xs md:text-m lg:text-l\">W\u00f6rth Badepark (19:05 Uhr) &#8211; KA Tullastra\u00dfe (19:47 Uhr)<\/li>\n<\/ul>\n<p class=\"mb-6 text-xs md:text-m lg:text-l font-serif group-[.font-sans]:font-sans \">\n    <strong class=\"font-bold\">Linien 62 und 70:<\/strong><br \/>Auf den<strong class=\"font-bold\"> Linien 62 und 70<\/strong> kommt es zu einzelnen Fahrtausf\u00e4llen. Betroffen ist der Bereich zwischen <strong class=\"font-bold\">Karlsruhe Hardecksiedlung<\/strong> und<strong class=\"font-bold\"> Karlsruhe Hauptbahnhof<\/strong>. Wie die Polizei Karlruhe der Redaktion mitteilt, kam es in diesem Bereich zu einem Verkehrsunfall zwischen einem Linienbus und einem <a href=\"https:\/\/www.ka-news.de\/auto\" target=\"_self\" class=\"underline \" rel=\"nofollow noopener\">Auto<\/a>. Nach derzeitiger Kenntnislage gibt es keine Verletzten. Die Ma\u00dfnahmen vor Ort wurden kurz vor 11 Uhr abgeschlossen.\n  <\/p>\n<p>            Dienstag, 17. Februar<\/p>\n<p class=\"mb-6 text-xs md:text-m lg:text-l font-serif group-[.font-sans]:font-sans \">\n    <strong class=\"font-bold\">Linien S12, 2, 3, 4, 5<\/strong><br \/>Aufgrund des <a href=\"https:\/\/www.ka-news.de\/karlsruhe\/freizeit-und-veranstaltungen\/fastnachtsumzug-karlsruhe-2026-alle-infos-im-live-ticker-route-bilder-und-stimmen-18-02-26-113428106\" target=\"_self\" class=\"underline \" rel=\"nofollow noopener\">Karlsruher Fastnachtsumzugs 2026<\/a> k\u00fcndigt der VBK Fahrplan\u00e4nderungen in Karlsruhe an. Der Umzug beginnt um 14.11 Uhr. Alle Streckenabschnitte, die w\u00e4hrend des Umzugs in beiden Fahrtrichtungen f\u00fcr den Schienenverkehr gesperrt sind, haben wir in diesem Artikel zusammengefasst: <a href=\"https:\/\/www.ka-news.de\/karlsruhe\/verkehr\/fasching-in-karlsruhe-alle-sperrungen-und-fahrplanaenderungen-im-oepnv-im-ueberblick-17-2-26-113444549\" target=\"_self\" class=\"underline \" rel=\"nofollow noopener\">Fasching! Karlsruhes Stra\u00dfenbahn f\u00e4hrt anders<\/a>\n  <\/p>\n<p>            Montag, 16. Februar<\/p>\n<p class=\"mb-6 text-xs md:text-m lg:text-l font-serif group-[.font-sans]:font-sans \">\n    <strong class=\"font-bold\">Linie 5 und 55<\/strong><br \/>Nach einem <strong class=\"font-bold\"><a href=\"https:\/\/www.ka-news.de\/karlsruhe\/verkehr\/strassenbahnunfall-in-karlsruhe-linie-5-und-55-betroffen-113497173\" target=\"_self\" class=\"underline \" rel=\"nofollow noopener\">Stra\u00dfenbahnunfall in der Karlsruhe Kriegsstra\u00dfe<\/a><\/strong> zwischen Karlsruhe H\u00fcbschstra\u00dfe und Karlsruhe Weinbrennerplatz in Richtung Stadtmitte werden die Linien 5 und 55 umgeleitet. VBK erwarten laut Verkehrssticker ein <strong class=\"font-bold\">St\u00f6rungsende bis zirka 9 Uhr<\/strong>.\n  <\/p>\n<p>            Freitag, 13. Februar<\/p>\n<p class=\"mb-6 text-xs md:text-m lg:text-l font-serif group-[.font-sans]:font-sans \">\n    <strong class=\"font-bold\">Linie S4: <\/strong><br \/>Auf der Linie S4 kommt es wegen Engp\u00e4ssen beim Fahrpersonal der AVG zu Fahrtausf\u00e4llen. Betroffen ist der Bereich zwischen <strong class=\"font-bold\">Karlsruhe Albtalbahnhof<\/strong> und <strong class=\"font-bold\">Flehingen Bahnhof<\/strong>. Folgende Fahrten Fallen aus:\n  <\/p>\n<ul rel=\"\" class=\"[&amp;&gt;li]:relative list-none  [&amp;&gt;li]:pl-[1.2em] [&amp;&gt;li]:marker:text-[0] [&amp;&gt;li]:relative [&amp;&gt;li]:before:absolute [&amp;&gt;li]:before:w-3 [&amp;&gt;li]:before:h-3 [&amp;&gt;li]:before:bg-brand [&amp;&gt;li]:before:left-0 [&amp;&gt;li]:before:top-[8px] [&amp;&gt;li]:before:rounded-full  my-5\">\n<li class=\" mb-3 text-xs md:text-m lg:text-l\">Bretten Bf (17:39 Uhr) &#8211; Karlsruhe Albtalbahnhof (18:22 Uhr)<\/li>\n<li class=\" mb-3 text-xs md:text-m lg:text-l\">Karlsruhe Albtalbahnhof (19:35 Uhr) &#8211; Flehingen Bf (20:37 Uhr)<\/li>\n<li class=\" mb-3 text-xs md:text-m lg:text-l\">Flehingen Bf (21:20 Uhr) &#8211; Bretten Bf (21:36 Uhr)<\/li>\n<li class=\" mb-3 text-xs md:text-m lg:text-l\">Karlsruhe Albtalbahnhof (21:31 Uhr) &#8211; Bretten Bf (22:18 Uhr)<\/li>\n<li class=\" mb-3 text-xs md:text-m lg:text-l\">Bretten Bf (21:59 Uhr) &#8211; Karlsruhe Albtalbahnhof (22:42 Uhr)<\/li>\n<li class=\" mb-3 text-xs md:text-m lg:text-l\">Karlsruhe Tullastra\u00dfe (23:27 Uhr) &#8211; Karlsruhe Albtalbahnhof (23:42 Uhr)<\/li>\n<li class=\" mb-3 text-xs md:text-m lg:text-l\">Karlsruhe Albtalbahnhof (00:11 Uhr) &#8211; Karlsruhe Tullastra\u00dfe (00:29 Uhr)<\/li>\n<\/ul>\n<p class=\"mb-6 text-xs md:text-m lg:text-l font-serif group-[.font-sans]:font-sans \">\n    <strong class=\"font-bold\">Linie S1: <\/strong><br \/>Auf der <strong class=\"font-bold\">Linie S1<\/strong> kommt es wegen Engp\u00e4ssen beim Fahrpersonal der AVG zu Fahrtausf\u00e4llen. Betroffen ist der Bereich zwischen <strong class=\"font-bold\">Neureut Kirchfeld<\/strong> und <strong class=\"font-bold\">Bad Herrenalb Bahnhof<\/strong>.\u00a0Folgende Fahrten fallen aus:\n  <\/p>\n<ul rel=\"\" class=\"[&amp;&gt;li]:relative list-none  [&amp;&gt;li]:pl-[1.2em] [&amp;&gt;li]:marker:text-[0] [&amp;&gt;li]:relative [&amp;&gt;li]:before:absolute [&amp;&gt;li]:before:w-3 [&amp;&gt;li]:before:h-3 [&amp;&gt;li]:before:bg-brand [&amp;&gt;li]:before:left-0 [&amp;&gt;li]:before:top-[8px] [&amp;&gt;li]:before:rounded-full  my-5\">\n<li class=\" mb-3 text-xs md:text-m lg:text-l\">Neureut Kirchfeld (17:25 Uhr) &#8211; Bad Herrenalb Bf (18:33 Uhr)<\/li>\n<\/ul>\n<p class=\"mb-6 text-xs md:text-m lg:text-l font-serif group-[.font-sans]:font-sans \">\n    <strong class=\"font-bold\">Linie S11:<\/strong> <br \/>Auf der <strong class=\"font-bold\">Linie S11<\/strong> kommt es wegen Engp\u00e4ssen beim Fahrpersonal der AVG zu Fahrtausf\u00e4llen. Betroffen ist der Bereich zwischen <strong class=\"font-bold\">Ettlingen Stadt<\/strong> und <strong class=\"font-bold\">Ittersbach Rathaus<\/strong>. Folgende Fahrten fallen aus:\n  <\/p>\n<ul rel=\"\" class=\"[&amp;&gt;li]:relative list-none  [&amp;&gt;li]:pl-[1.2em] [&amp;&gt;li]:marker:text-[0] [&amp;&gt;li]:relative [&amp;&gt;li]:before:absolute [&amp;&gt;li]:before:w-3 [&amp;&gt;li]:before:h-3 [&amp;&gt;li]:before:bg-brand [&amp;&gt;li]:before:left-0 [&amp;&gt;li]:before:top-[8px] [&amp;&gt;li]:before:rounded-full  my-5\">\n<li class=\" mb-3 text-xs md:text-m lg:text-l\">Ettlingen Stadt (21:21 Uhr) &#8211; Ittersbach Rathaus (21:45 Uhr)<\/li>\n<\/ul>\n<p class=\"mb-6 text-xs md:text-m lg:text-l font-serif group-[.font-sans]:font-sans \">\n    <strong class=\"font-bold\">Linien S31\/S32: <\/strong><br \/>Fahrzeugst\u00f6rung im Bereich <strong class=\"font-bold\">Karlsruhe Hbf<\/strong>. Auf den <strong class=\"font-bold\">Linien S31 und S32<\/strong> kommt es in beiden Richtungen zu Versp\u00e4tungen sowie einzelnen Zugausf\u00e4llen.\n  <\/p>\n<p class=\"mb-6 text-xs md:text-m lg:text-l font-serif group-[.font-sans]:font-sans \">\n    <strong class=\"font-bold\">Linie S51: <\/strong><br \/>Auf der <strong class=\"font-bold\">Linie S51<\/strong> kommt es wegen Engp\u00e4ssen beim Fahrpersonal der AVG zu Fahrtausf\u00e4llen. Betroffen ist der Bereich zwischen <strong class=\"font-bold\">Karlsruhe Tullastra\u00dfe\/Alter Schlachthof<\/strong> und <strong class=\"font-bold\">Germersheim Bahnhof<\/strong>. Folgende Fahrten fallen aus:\n  <\/p>\n<ul rel=\"\" class=\"[&amp;&gt;li]:relative list-none  [&amp;&gt;li]:pl-[1.2em] [&amp;&gt;li]:marker:text-[0] [&amp;&gt;li]:relative [&amp;&gt;li]:before:absolute [&amp;&gt;li]:before:w-3 [&amp;&gt;li]:before:h-3 [&amp;&gt;li]:before:bg-brand [&amp;&gt;li]:before:left-0 [&amp;&gt;li]:before:top-[8px] [&amp;&gt;li]:before:rounded-full  my-5\">\n<li class=\" mb-3 text-xs md:text-m lg:text-l\">Karlsruhe Tullastra\u00dfe \/ Alter Schlachthof (10:01 Uhr) &#8211; Germersheim (11:07 Uhr)<\/li>\n<li class=\" mb-3 text-xs md:text-m lg:text-l\">Germersheim (11:50 Uhr) &#8211; Karlsruhe Tullastra\u00dfe \/ Alter Schlachthof (12:56 Uhr)<\/li>\n<\/ul>\n<p class=\"mb-6 text-xs md:text-m lg:text-l font-serif group-[.font-sans]:font-sans \">\n    <strong class=\"font-bold\">Linie S5: <\/strong><br \/>Auf der<strong class=\"font-bold\"> Linie S5<\/strong> kommt es wegen Engp\u00e4ssen beim Fahrpersonal der AVG zu Fahrtausf\u00e4llen. Betroffen ist der Bereich zwischen <strong class=\"font-bold\">W\u00f6rth Badepark<\/strong> und <strong class=\"font-bold\">S\u00f6llingen Bahnhof<\/strong>.\u00a0Folgende Fahrten fallen aus:\n  <\/p>\n<ul rel=\"\" class=\"[&amp;&gt;li]:relative list-none  [&amp;&gt;li]:pl-[1.2em] [&amp;&gt;li]:marker:text-[0] [&amp;&gt;li]:relative [&amp;&gt;li]:before:absolute [&amp;&gt;li]:before:w-3 [&amp;&gt;li]:before:h-3 [&amp;&gt;li]:before:bg-brand [&amp;&gt;li]:before:left-0 [&amp;&gt;li]:before:top-[8px] [&amp;&gt;li]:before:rounded-full  my-5\">\n<li class=\" mb-3 text-xs md:text-m lg:text-l\">Karlsruhe Tullastra\u00dfe \/ Alter Schlachthof (14:11 Uhr) &#8211; W\u00f6rth Badepark (14:53 Uhr)<\/li>\n<li class=\" mb-3 text-xs md:text-m lg:text-l\">W\u00f6rth Badepark (15:05 Uhr) &#8211; S\u00f6llingen Bf (16:09 Uhr)<\/li>\n<li class=\" mb-3 text-xs md:text-m lg:text-l\">S\u00f6llingen Bf (16:38 Uhr) &#8211; Karlsruhe Tullastra\u00dfe \/ Alter Schlachthof (17:00 Uhr)<\/li>\n<\/ul>\n<p class=\"mb-6 text-xs md:text-m lg:text-l font-serif group-[.font-sans]:font-sans \">\n    <strong class=\"font-bold\">Linie S6:<\/strong> <br \/>Auf der<strong class=\"font-bold\"> Linie S6<\/strong> kommt es wegen Engp\u00e4ssen beim Fahrpersonal des Kooperationspartners DB Regio zu Fahrtausf\u00e4llen. Betroffen ist der Bereich zwischen <strong class=\"font-bold\">Pforzheim Hauptbahnhof<\/strong> und <strong class=\"font-bold\">Bad Wildbad Kurpark<\/strong>. Folgende Fahrten fallen aus:\n  <\/p>\n<ul rel=\"\" class=\"[&amp;&gt;li]:relative list-none  [&amp;&gt;li]:pl-[1.2em] [&amp;&gt;li]:marker:text-[0] [&amp;&gt;li]:relative [&amp;&gt;li]:before:absolute [&amp;&gt;li]:before:w-3 [&amp;&gt;li]:before:h-3 [&amp;&gt;li]:before:bg-brand [&amp;&gt;li]:before:left-0 [&amp;&gt;li]:before:top-[8px] [&amp;&gt;li]:before:rounded-full  my-5\">\n<li class=\" mb-3 text-xs md:text-m lg:text-l\">Pforzheim Hbf (12:47 Uhr) &#8211; Bad Wildbad Kurpark (13:22 Uhr)<\/li>\n<li class=\" mb-3 text-xs md:text-m lg:text-l\">Bad Wildbad Kurpark (13:35 Uhr) &#8211; Pforzheim Hbf (14:10 Uhr)<\/li>\n<li class=\" mb-3 text-xs md:text-m lg:text-l\">Pforzheim Hbf (15:47 Uhr) &#8211; Bad Wildbad Kurpark (16:22 Uhr)<\/li>\n<li class=\" mb-3 text-xs md:text-m lg:text-l\">Bad Wildbad Kurpark (16:35 Uhr) &#8211; Pforzheim Hbf (17:10 Uhr)<\/li>\n<li class=\" mb-3 text-xs md:text-m lg:text-l\">Pforzheim Hbf (17:47 Uhr) &#8211; Bad Wildbad Kurpark (18:22 Uhr)<\/li>\n<\/ul>\n<p class=\"mb-6 text-xs md:text-m lg:text-l font-serif group-[.font-sans]:font-sans \">\n    <strong class=\"font-bold\">Linie S4: <\/strong><br \/>Wegen einer Fahrzeugst\u00f6rung im Bereich <strong class=\"font-bold\">Sulzfeld<\/strong>, kommt es auf der <strong class=\"font-bold\">Linie S4<\/strong> in beiden Richtungen zu Versp\u00e4tungen.\n  <\/p>\n<p class=\"mb-6 text-xs md:text-m lg:text-l font-serif group-[.font-sans]:font-sans \">\n    <strong class=\"font-bold\">Linie S4:\u00a0<\/strong><br \/>Auf der <strong class=\"font-bold\">Linie S4<\/strong> kommt es zu einzelnen Fahrtausf\u00e4llen. Betroffen ist der Bereich zwischen <strong class=\"font-bold\">Eschenau Bahnhof<\/strong> und <strong class=\"font-bold\">\u00d6hringen Cappel.<\/strong> Nach derzeitigem Stand sind folgende Fahrten von einem Ausfall betroffen:\n  <\/p>\n<ul rel=\"\" class=\"[&amp;&gt;li]:relative list-none  [&amp;&gt;li]:pl-[1.2em] [&amp;&gt;li]:marker:text-[0] [&amp;&gt;li]:relative [&amp;&gt;li]:before:absolute [&amp;&gt;li]:before:w-3 [&amp;&gt;li]:before:h-3 [&amp;&gt;li]:before:bg-brand [&amp;&gt;li]:before:left-0 [&amp;&gt;li]:before:top-[8px] [&amp;&gt;li]:before:rounded-full  my-5\">\n<li class=\" mb-3 text-xs md:text-m lg:text-l\">Eschenau (06:13 Uhr) &#8211; \u00d6hringen Cappel (06:36 Uhr)<\/li>\n<li class=\" mb-3 text-xs md:text-m lg:text-l\">\u00d6hringen Cappel (06:46 Uhr) &#8211; Eschenau (07:04 Uhr)<br \/>\n\u00a0<\/li>\n<\/ul>\n<p>            Donnerstag, 12. Februar<\/p>\n<p class=\"mb-6 text-xs md:text-m lg:text-l font-serif group-[.font-sans]:font-sans \">\n    <strong class=\"font-bold\">Linien S1\/S11: <\/strong><br \/>Auf den <strong class=\"font-bold\">Linien S1 und S11<\/strong> kommt es wegen Engp\u00e4ssen beim Fahrpersonal der AVG zu betriebsbedingten Fahrtausf\u00e4llen. Betroffen ist der Bereich zwischen<strong class=\"font-bold\"> Ettlingen Albgaubad<\/strong> und <strong class=\"font-bold\">Neureut Kirchfeld<\/strong>. Folgende Fahrten fallen aus:\n  <\/p>\n<ul rel=\"\" class=\"[&amp;&gt;li]:relative list-none  [&amp;&gt;li]:pl-[1.2em] [&amp;&gt;li]:marker:text-[0] [&amp;&gt;li]:relative [&amp;&gt;li]:before:absolute [&amp;&gt;li]:before:w-3 [&amp;&gt;li]:before:h-3 [&amp;&gt;li]:before:bg-brand [&amp;&gt;li]:before:left-0 [&amp;&gt;li]:before:top-[8px] [&amp;&gt;li]:before:rounded-full  my-5\">\n<li class=\" mb-3 text-xs md:text-m lg:text-l\">Ettlingen Albgaubad (04:04 Uhr) &#8211; Neureut Kirchfeld (04:51 Uhr)<\/li>\n<li class=\" mb-3 text-xs md:text-m lg:text-l\">Neureut Kirchfeld (05:25 Uhr) &#8211; Ettlingen Stadt (06:08 Uhr)<\/li>\n<li class=\" mb-3 text-xs md:text-m lg:text-l\">Ettlingen Albgaubad (06:34 Uhr) &#8211; Hochstetten (07:46 Uhr)<\/li>\n<li class=\" mb-3 text-xs md:text-m lg:text-l\">Hochstetten (07:52 Uhr) &#8211; Ettlingen Stadt (08:58 Uhr)<\/li>\n<li class=\" mb-3 text-xs md:text-m lg:text-l\">Ettlingen Stadt (10:15 Uhr) &#8211; Neureut Kirchfeld (11:01 Uhr)<\/li>\n<li class=\" mb-3 text-xs md:text-m lg:text-l\">Neureut Kirchfeld (11:15 Uhr) &#8211; Ettlingen Stadt (11:58 Uhr)<\/li>\n<\/ul>\n<p>            Mittwoch, 11. Februar<\/p>\n<p class=\"mb-6 text-xs md:text-m lg:text-l font-serif group-[.font-sans]:font-sans \">\n    <strong class=\"font-bold\">Linie S5:<\/strong><br \/>Auf der <strong class=\"font-bold\">Linie S5<\/strong> kommt es wegen Engp\u00e4ssen beim Fahrpersonal der AVG zu betriebsbedingten Fahrtausf\u00e4llen. Betroffen ist der Bereich zwischen <strong class=\"font-bold\">Karlsruhe Tullastra\u00dfe\/Alter Schlachthof<\/strong> und <strong class=\"font-bold\">W\u00f6rth Badepark<\/strong>. Folgende Fahrten fallen aus:\n  <\/p>\n<ul rel=\"\" class=\"[&amp;&gt;li]:relative list-none  [&amp;&gt;li]:pl-[1.2em] [&amp;&gt;li]:marker:text-[0] [&amp;&gt;li]:relative [&amp;&gt;li]:before:absolute [&amp;&gt;li]:before:w-3 [&amp;&gt;li]:before:h-3 [&amp;&gt;li]:before:bg-brand [&amp;&gt;li]:before:left-0 [&amp;&gt;li]:before:top-[8px] [&amp;&gt;li]:before:rounded-full  my-5\">\n<li class=\" mb-3 text-xs md:text-m lg:text-l\">KA Tullastr. (13:31 Uhr) &#8211; W\u00f6rth Badepark (14:15 Uhr)<\/li>\n<li class=\" mb-3 text-xs md:text-m lg:text-l\">W\u00f6rth Badepark (14:23 Uhr) &#8211; KA Tullastr. (15:06 Uhr)<\/li>\n<\/ul>\n<p>            Dienstag, 10. Februar<\/p>\n<p class=\"mb-6 text-xs md:text-m lg:text-l font-serif group-[.font-sans]:font-sans \">\n    <strong class=\"font-bold\">Linie 55:<\/strong><br \/>Auf der <strong class=\"font-bold\">Buslinie 55 <\/strong>kommt es zu <strong class=\"font-bold\">einzelnen Fahrtausf\u00e4llen<\/strong>. Betroffen ist der Bereich z<strong class=\"font-bold\">wischen Karlsruhe K\u00fchler Krug und Karlsruhe Hauptbahnhof Vorplatz<\/strong>. Welche Fahrten betroffen sind, zeigt der Abfahrtsmonitor des KVV.\n  <\/p>\n<p class=\"mb-6 text-xs md:text-m lg:text-l font-serif group-[.font-sans]:font-sans \">\n    <strong class=\"font-bold\">Linien 3 und 4:<\/strong><br \/><a href=\"https:\/\/www.ka-news.de\/karlsruhe\/verkehr\/gleisarbeiten-in-der-oststadt-beendet-ab-montag-sorgt-neue-baustelle-fuer-umleitung-der-linien-3-4-und-5-113419600\" target=\"_self\" class=\"underline \" rel=\"nofollow noopener\">Gleisschaden im Bereich <strong class=\"font-bold\">Karlsruhe Karl-Wilhelm-Platz<\/strong> zwischen <strong class=\"font-bold\">Karlsruhe Durlacher Tor<\/strong> und <strong class=\"font-bold\">Karlsruhe Hauptfriedhof<\/strong> in Richtung Hauptfriedhof<\/a>. Die <strong class=\"font-bold\">Linien 3 und 4<\/strong> <strong class=\"font-bold\">werden umgeleitet<\/strong>. St\u00f6rungsende voraussichtlich <strong class=\"font-bold\">Dienstagabend, den 10.02.2026<\/strong>.\n  <\/p>\n<p class=\"mb-6 text-xs md:text-m lg:text-l font-serif group-[.font-sans]:font-sans \">\n    <strong class=\"font-bold\">Linie S4<\/strong><br \/>Auf der <strong class=\"font-bold\">Linie S4 <\/strong>kommt es zu <strong class=\"font-bold\">einzelnen Fahrtausf\u00e4llen<\/strong>. Betroffen ist der Bereich zwischen <strong class=\"font-bold\">Karlsruhe Albtalbahnhof<\/strong> und <strong class=\"font-bold\">Flehingen Bahnhof. <\/strong>Folgende Fahrten sind betroffen:\n  <\/p>\n<ul rel=\"\" class=\"[&amp;&gt;li]:relative list-none  [&amp;&gt;li]:pl-[1.2em] [&amp;&gt;li]:marker:text-[0] [&amp;&gt;li]:relative [&amp;&gt;li]:before:absolute [&amp;&gt;li]:before:w-3 [&amp;&gt;li]:before:h-3 [&amp;&gt;li]:before:bg-brand [&amp;&gt;li]:before:left-0 [&amp;&gt;li]:before:top-[8px] [&amp;&gt;li]:before:rounded-full  my-5\">\n<li class=\" mb-3 text-xs md:text-m lg:text-l\">07.35 Uhr Karlsruhe Albtalbahnhof \u2013 09.20 Uhr Flehingen Bahnhof<\/li>\n<li class=\" mb-3 text-xs md:text-m lg:text-l\">09.20 Uhr Flehingen Bahnhof \u2013 10.22 Uhr Karlsruhe Albtalbahnhof<\/li>\n<\/ul>\n<p class=\"mb-6 text-xs md:text-m lg:text-l font-serif group-[.font-sans]:font-sans \">\n    Grund daf\u00fcr sind kurzfristige betriebsbedingte Ausf\u00e4lle bei der Albtal-Verkehrs-Gesellschaft (AVG).\n  <\/p>\n<p>            Montag, 9. Februar<\/p>\n<p class=\"mb-6 text-xs md:text-m lg:text-l font-serif group-[.font-sans]:font-sans \">\n    <strong class=\"font-bold\">Linien 3 und 4:<\/strong><br \/>Gleisschaden im Bereich <strong class=\"font-bold\">Karlsruhe Karl-Wilhelm-Platz<\/strong> zwischen <strong class=\"font-bold\">Karlsruhe Durlacher Tor<\/strong> und <strong class=\"font-bold\">Karlsruhe Hauptfriedhof<\/strong> in Richtung Hauptfriedhof. Die <strong class=\"font-bold\">Linien 3 und 4<\/strong> <strong class=\"font-bold\">werden umgeleitet<\/strong>. St\u00f6rungsende voraussichtlich <strong class=\"font-bold\">Dienstagabend, den 10.02.2026<\/strong>.\n  <\/p>\n<p class=\"mb-6 text-xs md:text-m lg:text-l font-serif group-[.font-sans]:font-sans \">\n    <strong class=\"font-bold\">Lienen S31\/S32:<\/strong><br \/>Auf den <strong class=\"font-bold\">Linien S31 und S32<\/strong> kommt es in <strong class=\"font-bold\">Richtung Odenheim\/Menzingen<\/strong> zu <strong class=\"font-bold\">Versp\u00e4tungen. <\/strong>Grund daf\u00fcr ist eine<strong class=\"font-bold\"> Bahn\u00fcbergangsst\u00f6rung<\/strong> im Bereich Ubstadt-Ort.\n  <\/p>\n<p>            Freitag, 6. Februar: Fehlendes Fahrpersonal auf Linie S5<\/p>\n<p class=\"mb-6 text-xs md:text-m lg:text-l font-serif group-[.font-sans]:font-sans \">\n    <strong class=\"font-bold\">Linie S5:<\/strong><br \/>Auf der Linie <strong class=\"font-bold\">S5<\/strong> kommt es wegen Engp\u00e4ssen beim Fahrpersonal der AVG zu Fahrtausf\u00e4llen. Betroffen ist der Bereich zwischen <strong class=\"font-bold\">S\u00f6llingen Bahnhof<\/strong> und <strong class=\"font-bold\">W\u00f6rth Badepark<\/strong>. Folgende Fahrten fallen aus:\n  <\/p>\n<ul rel=\"\" class=\"[&amp;&gt;li]:relative list-none  [&amp;&gt;li]:pl-[1.2em] [&amp;&gt;li]:marker:text-[0] [&amp;&gt;li]:relative [&amp;&gt;li]:before:absolute [&amp;&gt;li]:before:w-3 [&amp;&gt;li]:before:h-3 [&amp;&gt;li]:before:bg-brand [&amp;&gt;li]:before:left-0 [&amp;&gt;li]:before:top-[8px] [&amp;&gt;li]:before:rounded-full  my-5\">\n<li class=\" mb-3 text-xs md:text-m lg:text-l\">Ka. Albtalbahnhof (05:02 Uhr) &#8211; S\u00f6llingen (05:35 Uhr)<\/li>\n<li class=\" mb-3 text-xs md:text-m lg:text-l\">S\u00f6llingen (05:58 Uhr) &#8211; W\u00f6rth Badepark (07:05 Uhr)<\/li>\n<li class=\" mb-3 text-xs md:text-m lg:text-l\">W\u00f6rth Badepark (07:15 Uhr) &#8211; S\u00f6llingen (08:17 Uhr)<\/li>\n<li class=\" mb-3 text-xs md:text-m lg:text-l\">S\u00f6llingen (08:38 Uhr) &#8211; Ka. Marktplatz Kaiserstra\u00dfe U (09:06 Uhr)<\/li>\n<\/ul>\n<p>            Donnerstag, 5. Februar: Gleisst\u00f6rung im Stadtbahntunnel<\/p>\n<p class=\"mb-6 text-xs md:text-m lg:text-l font-serif group-[.font-sans]:font-sans \">\n    <strong class=\"font-bold\">Linie S4:<\/strong><br \/>Signalst\u00f6rung im <strong class=\"font-bold\">Bereich W\u00f6ssingen<\/strong>. Auf der Linie <strong class=\"font-bold\">S4<\/strong> kommt es in Richtung <strong class=\"font-bold\">Karlsruhe Albtalbahnhof<\/strong> zu Versp\u00e4tungen.\n  <\/p>\n<p class=\"mb-6 text-xs md:text-m lg:text-l font-serif group-[.font-sans]:font-sans \">\n    <strong class=\"font-bold\">Gleisst\u00f6rung im Stadtbahntunnel<\/strong><br \/>Gegen 6.20 Uhr kam es im Stadtbahntunnel zu einer Gleisst\u00f6rung, weshalb sich der Bahnverkehr am Donnerstagmorgen in diesem Bereich etwas staute. Die St\u00f6rung konnte aber schnell behoben werden. Die betroffenen Linien, die den Stadtbahntunnel durchfahren, versp\u00e4ten sich um wenige Minuten.\n  <\/p>\n<p>            Mittwoch, 4. Februar: Witterungsbedingte St\u00f6rung und Fehler an den Haltestellen<\/p>\n<p class=\"mb-6 text-xs md:text-m lg:text-l font-serif group-[.font-sans]:font-sans \">\n    <strong class=\"font-bold\">Anzeigetafeln zeigen falsche Angaben<\/strong><br \/>Aktuell kommt es im gesamten Stra\u00dfenbahnnetz der AVG zu St\u00f6rungen bei den Haltestellenanzeigen. Grund ist ein Systemfehler. Betroffen sind die<strong class=\"font-bold\"> Linien der AVG. Der KVV bittet Fahrg\u00e4ste, auf die Fahrplanaush\u00e4nge zu achten.<\/strong>\n  <\/p>\n<p class=\"mb-6 text-xs md:text-m lg:text-l font-serif group-[.font-sans]:font-sans \">\n    <strong class=\"font-bold\">Linie S11:<\/strong><br \/>Witterungsbedingte St\u00f6rung im Bereich<strong class=\"font-bold\"> Langensteinbach Bf.<\/strong>. Die Linie <strong class=\"font-bold\">S11<\/strong> ist zwischen<strong class=\"font-bold\"> Langensteinbach Bahnhof<\/strong> und <strong class=\"font-bold\">Ittersbach Bahnhof <\/strong>unterbrochen. Ein <strong class=\"font-bold\">Schienenersatzverkehr mit Taxen<\/strong> ist eingerichtet.\n  <\/p>\n<p class=\"mb-6 text-xs md:text-m lg:text-l font-serif group-[.font-sans]:font-sans \">\n    <strong class=\"font-bold\">Linie 31:<\/strong><br \/>Auf der Linie <strong class=\"font-bold\">31<\/strong> kommt es aufgrund einer Fahrzeugst\u00f6rung zu einzelnen Fahrtausf\u00e4llen. Betroffen ist der Bereich zwischen <strong class=\"font-bold\">Waldstadt Zentrum<\/strong> und <strong class=\"font-bold\">Durlach Bahnhof.<\/strong>\n  <\/p>\n<p class=\"mb-6 text-xs md:text-m lg:text-l font-serif group-[.font-sans]:font-sans \">\n    <strong class=\"font-bold\">Linien S5 und S6:<\/strong><br \/>Im <strong class=\"font-bold\">Bereich S\u00f6llingen<\/strong> kam es am Mittwochmorgen zu einer Weichenst\u00f6rung der Linien <strong class=\"font-bold\">S5<\/strong> und <strong class=\"font-bold\">S6<\/strong>. Laut VBK ist die St\u00f6rung inzwischen behoben. Es kann <strong class=\"font-bold\">weiterhin zu Versp\u00e4tungen und Fahrtausf\u00e4llen<\/strong> kommen.\n  <\/p>\n<p>            Dienstag, 3. Februar, 7.15 Uhr: Betriebsbedingte Ausf\u00e4lle bis Dienstagnachmittag<\/p>\n<p class=\"mb-6 text-xs md:text-m lg:text-l font-serif group-[.font-sans]:font-sans \">\n    <strong class=\"font-bold\">Linie S4:<\/strong><br \/>Auf der Linie <strong class=\"font-bold\">S4<\/strong> kommt es wegen Engp\u00e4ssen beim Fahrpersonal der AVG zu Fahrtausf\u00e4llen. Betroffen ist der Bereich zwischen <strong class=\"font-bold\">Karlsruhe Tullastra\u00dfe\/Alter Schlachthof<\/strong> und <strong class=\"font-bold\">Karlsruhe Albtalbahnhof<\/strong>. Folgende Fahrten fallen aus:\n  <\/p>\n<ul rel=\"\" class=\"[&amp;&gt;li]:relative list-none  [&amp;&gt;li]:pl-[1.2em] [&amp;&gt;li]:marker:text-[0] [&amp;&gt;li]:relative [&amp;&gt;li]:before:absolute [&amp;&gt;li]:before:w-3 [&amp;&gt;li]:before:h-3 [&amp;&gt;li]:before:bg-brand [&amp;&gt;li]:before:left-0 [&amp;&gt;li]:before:top-[8px] [&amp;&gt;li]:before:rounded-full  my-5\">\n<li class=\" mb-3 text-xs md:text-m lg:text-l\">Karlsruhe Tullastra\u00dfe (06:27 Uhr) &#8211; Karlsruhe Albtalbahnhof (06:42 Uhr)<\/li>\n<li class=\" mb-3 text-xs md:text-m lg:text-l\">Karlsruhe Albtalbahnhof (07:55 Uhr) &#8211; Karlsruhe Tullstra\u00dfe (08:10 Uhr)<\/li>\n<li class=\" mb-3 text-xs md:text-m lg:text-l\">Karlsruhe Tullastra\u00dfe (08:07 Uhr) &#8211; Karlsruhe Albtalbahnhof (08:26 Uhr)<\/li>\n<li class=\" mb-3 text-xs md:text-m lg:text-l\">Karlsruhe Albtalbahnhof (10:15 Uhr) &#8211; Karlsruhe Tullastra\u00dfe (10:29 Uhr)<\/li>\n<li class=\" mb-3 text-xs md:text-m lg:text-l\">Bretten Bf (10:39 Uhr) &#8211; Karlsruhe Albtalbahnhof (11:22 Uhr)<\/li>\n<li class=\" mb-3 text-xs md:text-m lg:text-l\">Karlsruhe Albtalbahnhof (13:35 Uhr) &#8211; Flehingen Bf (13:37 Uhr)<\/li>\n<li class=\" mb-3 text-xs md:text-m lg:text-l\">Flehingen Bf (14:20 Uhr) &#8211; Karlsruhe Albtalbahnhof (15:22 Uhr)<\/li>\n<li class=\" mb-3 text-xs md:text-m lg:text-l\">Karlsruhe Albtalbahnhof (16:15 Uhr) &#8211; Bretten Bf (16:57 Uhr)<\/li>\n<\/ul>\n<p class=\"mb-6 text-xs md:text-m lg:text-l font-serif group-[.font-sans]:font-sans \">\n    <strong class=\"font-bold\">Linie S5:<\/strong><br \/>Auf der Linie <strong class=\"font-bold\">S5<\/strong> kommt es wegen Engp\u00e4ssen beim Fahrpersonal der AVG zu Fahrtausf\u00e4llen. Betroffen ist der Bereich zwischen <strong class=\"font-bold\">Karlsruhe Albtalbahnhof<\/strong> und <strong class=\"font-bold\">S\u00f6llingen Bahnhof. <\/strong>Folgende Fahrten fallen aus:\n  <\/p>\n<ul rel=\"\" class=\"[&amp;&gt;li]:relative list-none  [&amp;&gt;li]:pl-[1.2em] [&amp;&gt;li]:marker:text-[0] [&amp;&gt;li]:relative [&amp;&gt;li]:before:absolute [&amp;&gt;li]:before:w-3 [&amp;&gt;li]:before:h-3 [&amp;&gt;li]:before:bg-brand [&amp;&gt;li]:before:left-0 [&amp;&gt;li]:before:top-[8px] [&amp;&gt;li]:before:rounded-full  my-5\">\n<li class=\" mb-3 text-xs md:text-m lg:text-l\">Karlsruhe Albtalbahnhof (05:02 Uhr) &#8211; S\u00f6llingen Bahnhof (05:35 Uhr)<\/li>\n<li class=\" mb-3 text-xs md:text-m lg:text-l\">S\u00f6llingen Bahnhof (05:58 Uhr) &#8211; W\u00f6rth Badepark (07:05 Uhr)<\/li>\n<li class=\" mb-3 text-xs md:text-m lg:text-l\">W\u00f6rth Badepark (07:15 Uhr) &#8211; S\u00f6llingen Bahnhof (08:17 Uhr)<\/li>\n<li class=\" mb-3 text-xs md:text-m lg:text-l\">S\u00f6llingen Bahnhof (08:38 Uhr) &#8211; Karlsruhe Marktplatz (09:06 Uhr)<\/li>\n<li class=\" mb-3 text-xs md:text-m lg:text-l\">Karlsruhe Marktplatz (09:17 Uhr) &#8211; W\u00f6rth Badepark (09:53 Uhr)<\/li>\n<li class=\" mb-3 text-xs md:text-m lg:text-l\">W\u00f6rth Badepark (10:05 Uhr) &#8211; S\u00f6llingen (11:06 Uhr)<\/li>\n<li class=\" mb-3 text-xs md:text-m lg:text-l\">S\u00f6llingen (11:18 Uhr) &#8211; Karlsruhe Albtalbahnhof (11:56 Uhr)<\/li>\n<\/ul>\n<p class=\"mb-6 text-xs md:text-m lg:text-l font-serif group-[.font-sans]:font-sans \">\n    <strong class=\"font-bold\">Linien S7\/S71:<\/strong><br \/>Auf den Linien <strong class=\"font-bold\">S7<\/strong> und <strong class=\"font-bold\">S71<\/strong> kommt es wegen Engp\u00e4ssen beim Fahrpersonal der AVG zu Fahrtausf\u00e4llen. Betroffen ist der Bereich zwischen <strong class=\"font-bold\">Karlsruhe Hauptbahnhof<\/strong> und <strong class=\"font-bold\">Achern Bahnhof<\/strong>. Folgende Fahrten fallen aus:\n  <\/p>\n<ul rel=\"\" class=\"[&amp;&gt;li]:relative list-none  [&amp;&gt;li]:pl-[1.2em] [&amp;&gt;li]:marker:text-[0] [&amp;&gt;li]:relative [&amp;&gt;li]:before:absolute [&amp;&gt;li]:before:w-3 [&amp;&gt;li]:before:h-3 [&amp;&gt;li]:before:bg-brand [&amp;&gt;li]:before:left-0 [&amp;&gt;li]:before:top-[8px] [&amp;&gt;li]:before:rounded-full  my-5\">\n<li class=\" mb-3 text-xs md:text-m lg:text-l\">Karlsruhe Hauptbahnhof (05:16 Uhr) &#8211; Achern (06:08 Uhr)<\/li>\n<li class=\" mb-3 text-xs md:text-m lg:text-l\">Achern (06:17 Uhr) &#8211; Karlsruhe Albtalbahnhof (07:13 Uhr)<\/li>\n<\/ul>\n<p class=\"mb-6 text-xs md:text-m lg:text-l font-serif group-[.font-sans]:font-sans \">\n    <strong class=\"font-bold\">Linie S12:<\/strong><br \/>Auf der Linie <strong class=\"font-bold\">S12<\/strong> kommt es wegen Engp\u00e4ssen beim Fahrpersonal der AVG zu Fahrtausf\u00e4llen. Betroffen ist der Bereich zwischen <strong class=\"font-bold\">Ittersbach Rathaus<\/strong> und <strong class=\"font-bold\">Karlsruhe Rheinhafen. <\/strong>Folgende Fahrten fallen aus:\n  <\/p>\n<ul rel=\"\" class=\"[&amp;&gt;li]:relative list-none  [&amp;&gt;li]:pl-[1.2em] [&amp;&gt;li]:marker:text-[0] [&amp;&gt;li]:relative [&amp;&gt;li]:before:absolute [&amp;&gt;li]:before:w-3 [&amp;&gt;li]:before:h-3 [&amp;&gt;li]:before:bg-brand [&amp;&gt;li]:before:left-0 [&amp;&gt;li]:before:top-[8px] [&amp;&gt;li]:before:rounded-full  my-5\">\n<li class=\" mb-3 text-xs md:text-m lg:text-l\">Ittersbach Rathaus (07:06 Uhr) &#8211; Karlsruhe Rheinhafen (08:06 Uhr)<\/li>\n<\/ul>\n<p>            Montag, 2. Februar, 13:45 Uhr: Warnstreik und zahlreiche Linienausf\u00e4lle<\/p>\n<p class=\"mb-6 text-xs md:text-m lg:text-l font-serif group-[.font-sans]:font-sans \">\n    <a href=\"https:\/\/www.ka-news.de\/karlsruhe\/verkehr\/oepnv-warnstreik-legt-strassenbahnen-in-karlsruhe-lahm-diese-linien-sind-betroffen-3-2-26-113342792\" target=\"_self\" class=\"underline \" rel=\"nofollow noopener\">Neben dem Warnstreik am Montag, 2. Februar,<\/a> kommt es auch zu mehreren betriebsbedingten Fahrtausf\u00e4llen, die den \u00d6PNV belasten.\n  <\/p>\n<p class=\"mb-6 text-xs md:text-m lg:text-l font-serif group-[.font-sans]:font-sans \">\n    <strong class=\"font-bold\">Linie S7:<\/strong><br \/>Auf der Linie<strong class=\"font-bold\"> S7<\/strong> kommt es wegen Engp\u00e4ssen beim Fahrpersonal der AVG zu Fahrtausf\u00e4llen. Betroffen ist der Bereich zwischen <strong class=\"font-bold\">Karlsruhe Albtalbahnhof<\/strong> und <strong class=\"font-bold\">Karlsruhe Tullastra\u00dfe\/Alter Schlachthof<\/strong>. Folgende Fahrten fallen aus:\n  <\/p>\n<ul rel=\"\" class=\"[&amp;&gt;li]:relative list-none  [&amp;&gt;li]:pl-[1.2em] [&amp;&gt;li]:marker:text-[0] [&amp;&gt;li]:relative [&amp;&gt;li]:before:absolute [&amp;&gt;li]:before:w-3 [&amp;&gt;li]:before:h-3 [&amp;&gt;li]:before:bg-brand [&amp;&gt;li]:before:left-0 [&amp;&gt;li]:before:top-[8px] [&amp;&gt;li]:before:rounded-full  my-5\">\n<li class=\" mb-3 text-xs md:text-m lg:text-l\">Albtalbahnhof (13:25 Uhr) bis Tullastra\u00dfe (13:40 Uhr)<\/li>\n<li class=\" mb-3 text-xs md:text-m lg:text-l\">Tullastra\u00dfe (14:17 Uhr) bis Albtalbahnhof (14:32 Uhr)<\/li>\n<\/ul>\n<p class=\"mb-6 text-xs md:text-m lg:text-l font-serif group-[.font-sans]:font-sans \">\n    <strong class=\"font-bold\">Linie S4:<\/strong><br \/>Auf der Linie <strong class=\"font-bold\">S4<\/strong> kommt es wegen Engp\u00e4ssen beim Fahrpersonal der AVG zu Fahrtausf\u00e4llen. Betroffen ist der Bereich zwischen <strong class=\"font-bold\">Eppingen Bahnhof<\/strong> und <strong class=\"font-bold\">Karlsruhe Albtalbahnhof<\/strong>. Folgende Fahrten fallen aus:\n  <\/p>\n<ul rel=\"\" class=\"[&amp;&gt;li]:relative list-none  [&amp;&gt;li]:pl-[1.2em] [&amp;&gt;li]:marker:text-[0] [&amp;&gt;li]:relative [&amp;&gt;li]:before:absolute [&amp;&gt;li]:before:w-3 [&amp;&gt;li]:before:h-3 [&amp;&gt;li]:before:bg-brand [&amp;&gt;li]:before:left-0 [&amp;&gt;li]:before:top-[8px] [&amp;&gt;li]:before:rounded-full  my-5\">\n<li class=\" mb-3 text-xs md:text-m lg:text-l\">Eppingen (11:24 Uhr) bis Albtalbahnhof (12:42 Uhr)<\/li>\n<\/ul>\n<p class=\"mb-6 text-xs md:text-m lg:text-l font-serif group-[.font-sans]:font-sans \">\n    <strong class=\"font-bold\">Linien S5 und S6:<\/strong><br \/>Auf den Linien <strong class=\"font-bold\">S5<\/strong> und <strong class=\"font-bold\">S6<\/strong> kommt es wegen Engp\u00e4ssen beim Fahrpersonal der AVG zu Fahrtausf\u00e4llen. Betroffen ist der Bereich zwischen <strong class=\"font-bold\">W\u00f6rth Badepark<\/strong> und <strong class=\"font-bold\">Bad Wildbad Kurpark<\/strong>. Folgende Fahrten fallen aus:\n  <\/p>\n<ul rel=\"\" class=\"[&amp;&gt;li]:relative list-none  [&amp;&gt;li]:pl-[1.2em] [&amp;&gt;li]:marker:text-[0] [&amp;&gt;li]:relative [&amp;&gt;li]:before:absolute [&amp;&gt;li]:before:w-3 [&amp;&gt;li]:before:h-3 [&amp;&gt;li]:before:bg-brand [&amp;&gt;li]:before:left-0 [&amp;&gt;li]:before:top-[8px] [&amp;&gt;li]:before:rounded-full  my-5\">\n<li class=\" mb-3 text-xs md:text-m lg:text-l\">W\u00f6rth Badepark (11:45) Uhr bis Pforzheim Hbf. (13:10 Uhr)<\/li>\n<li class=\" mb-3 text-xs md:text-m lg:text-l\">Rheinbergstr. (10:52 Uhr) bis S\u00f6llingen Bf. (11:37 Uhr)<\/li>\n<li class=\" mb-3 text-xs md:text-m lg:text-l\">S\u00f6llingen Bf. (11:51 Uhr) bis Tullastra\u00dfe (12:10 Uhr)<\/li>\n<li class=\" mb-3 text-xs md:text-m lg:text-l\">Pforzheim Hbf (20:06 Uhr) bis Rheinbergstra\u00dfe (21:14 Uhr)<\/li>\n<\/ul>\n<p>            9.49 Uhr: Versp\u00e4tungen auch Richtung Bad Herrenalb<\/p>\n<p class=\"mb-6 text-xs md:text-m lg:text-l font-serif group-[.font-sans]:font-sans \">\n    Wie die Albtal-Verkehrs-Gesellschaft in einer Pressemeldung bekannt gibt, kommt es auch im Bereich <strong class=\"font-bold\">zwischen Ettlingen und Bad Herrenalb sowie Ettlingen und Ittersbach<\/strong> wegen einer vereisten Oberleitung in beiden Richtungen zu <strong class=\"font-bold\">Versp\u00e4tungen und Fahrtausf\u00e4llen.<\/strong>\n  <\/p>\n<p class=\"mb-6 text-xs md:text-m lg:text-l font-serif group-[.font-sans]:font-sans \">\n    Ein <strong class=\"font-bold\">SEV<\/strong> ist jeweils zwischen Ettlingen und Ittersbach sowie Ettlingen und Bad Herrenalb eingerichtet. Die AVG-Stadtbahnen <strong class=\"font-bold\">enden in Ettlingen Stadt.<\/strong>\n  <\/p>\n<p>            Freitag, 30. Januar:<\/p>\n<p class=\"mb-6 text-xs md:text-m lg:text-l font-serif group-[.font-sans]:font-sans \">\n    <strong class=\"font-bold\">Linien S1 und S11<\/strong><br \/><a href=\"https:\/\/www.ka-news.de\/karlsruhe\/verkehr\/bahnverkehr-karlsruhe-oepnv-wegen-mehrerer-linien-ausfaelle-beeintraechtigt-4-2-26-113318586\" target=\"_self\" class=\"underline \" rel=\"nofollow noopener\">Auf den Linien S1 und S11<\/a> kommt es in beiden Richtungen zu Versp\u00e4tungen und Zugausf\u00e4llen aufgrund einer vereisten Oberleitung. Zwischen Neureut und Hochstetten, Ettlingen und Bad Herrenalb und Ettlingen und Ittersbach, kommt es derzeit zu erheblichen Versp\u00e4tungen. Ein Busnotverkehr wurde eingerichtet.\n  <\/p>\n<p class=\"mb-6 text-xs md:text-m lg:text-l font-serif group-[.font-sans]:font-sans \">\n    <strong class=\"font-bold\">Linie S2<\/strong><br \/><a href=\"https:\/\/www.ka-news.de\/karlsruhe\/verkehr\/bahnverkehr-karlsruhe-oepnv-wegen-mehrerer-linien-ausfaelle-beeintraechtigt-4-2-26-113318586\" target=\"_self\" class=\"underline \" rel=\"nofollow noopener\">Witterungsbedingte St\u00f6rung im Bereich Stutensee zwischen Sp\u00f6ck, Richard-Hecht-Schule und Karlsruhe Essenweinstra\u00dfe in beiden Richtungen.<\/a> Laut Verkehrsticker der Verkehrsbetriebe Karlsruhe (VBK) endet die Linie S2 an der Tullastra\u00dfe. Ein SEV ist zwischen Tullastra\u00dfe und Sp\u00f6ck eingerichtet. Die St\u00f6rung soll bis voraussichtlich 9 Uhr behoben werden.\n  <\/p>\n<p>            Ausf\u00e4lle auf Linien S31 und S32 im Februar<\/p>\n<p class=\"mb-6 text-xs md:text-m lg:text-l font-serif group-[.font-sans]:font-sans \">\n    Auf den Linien <strong class=\"font-bold\">S31 und S32<\/strong> kommt es von<strong class=\"font-bold\"> Donnerstag, 22. Januar, bis Freitag, 17. April,<\/strong> zwischen <strong class=\"font-bold\">Karlsruhe und Bruchsal <\/strong>zu Einschr\u00e4nkungen. Diese betreffen \u201eunterschiedliche Zeitfenster\u201c, wie die Albtal-Verkehrs-Gesellschaft (AVG) in einer Mitteilung vom 19. Januar bekannt gab. Grund daf\u00fcr sind Instandhaltungsarbeiten auf der Strecke der Deutschen Bahn-Tochter DB InfraGO. F\u00fcr Stadtbahnen, die entfallen, wird ein <strong class=\"font-bold\">Schienenersatzverkehr (SEV) mit Bussen<\/strong> eingerichtet.\n  <\/p>\n<p class=\"mb-6 text-xs md:text-m lg:text-l font-serif group-[.font-sans]:font-sans \">\n    <strong class=\"font-bold\">In folgenden N\u00e4chten<\/strong> werden Fahrten der S31 und S32 zwischen <strong class=\"font-bold\">22 und 5 Uhr entfallen<\/strong>.\n  <\/p>\n<ul rel=\"\" class=\"[&amp;&gt;li]:relative list-none  [&amp;&gt;li]:pl-[1.2em] [&amp;&gt;li]:marker:text-[0] [&amp;&gt;li]:relative [&amp;&gt;li]:before:absolute [&amp;&gt;li]:before:w-3 [&amp;&gt;li]:before:h-3 [&amp;&gt;li]:before:bg-brand [&amp;&gt;li]:before:left-0 [&amp;&gt;li]:before:top-[8px] [&amp;&gt;li]:before:rounded-full  my-5\">\n<li class=\" mb-3 text-xs md:text-m lg:text-l\">Montag, 2. Februar, auf Dienstag, 3. Februar<\/li>\n<li class=\" mb-3 text-xs md:text-m lg:text-l\">Mittwoch,\u00a04. Februar, auf Donnerstag, 5. Februar<\/li>\n<li class=\" mb-3 text-xs md:text-m lg:text-l\">Donnerstag,\u00a019. Februar, auf Freitag, 20. Februar<\/li>\n<li class=\" mb-3 text-xs md:text-m lg:text-l\">Samstag,\u00a021. Februar, auf Sonntag, 22. Februar<\/li>\n<li class=\" mb-3 text-xs md:text-m lg:text-l\">Montag, 2. Februar, auf Dienstag, 3. Februar<\/li>\n<li class=\" mb-3 text-xs md:text-m lg:text-l\">Mittwoch,\u00a04. Februar, auf Donnerstag, 5. Februar<\/li>\n<li class=\" mb-3 text-xs md:text-m lg:text-l\">Donnerstag,\u00a019. Februar, auf Freitag, 20. Februar<\/li>\n<li class=\" mb-3 text-xs md:text-m lg:text-l\">Samstag,\u00a021. Februar, auf Sonntag, 22. Februar<\/li>\n<\/ul>\n<p class=\"mb-6 text-xs md:text-m lg:text-l font-serif group-[.font-sans]:font-sans \">\n    <strong class=\"font-bold\">Zwischen Samstag, 24. Januar, und Freitag, 17. April,<\/strong> fahren die Linien <strong class=\"font-bold\">S31 und S32<\/strong> zwischen <strong class=\"font-bold\">Bruchsal und Karlsruhe<\/strong> im Zeitraum von <strong class=\"font-bold\">8 bis 21 Uhr <\/strong>nur im <strong class=\"font-bold\">Stundentakt.<\/strong> Grund daf\u00fcr ist die Umleitung des Regionalexpress RE1 \u00fcber Bruchsal, der aufgrund einer Bahnsteigsanierung in Enzberg nicht die gewohnte Strecke fahren kann.\n  <\/p>\n<p class=\"mb-6 text-xs md:text-m lg:text-l font-serif group-[.font-sans]:font-sans \">\n    Folgende Verbindungen sind betroffen:\n  <\/p>\n<ul rel=\"\" class=\"[&amp;&gt;li]:relative list-none  [&amp;&gt;li]:pl-[1.2em] [&amp;&gt;li]:marker:text-[0] [&amp;&gt;li]:relative [&amp;&gt;li]:before:absolute [&amp;&gt;li]:before:w-3 [&amp;&gt;li]:before:h-3 [&amp;&gt;li]:before:bg-brand [&amp;&gt;li]:before:left-0 [&amp;&gt;li]:before:top-[8px] [&amp;&gt;li]:before:rounded-full  my-5\">\n<li class=\" mb-3 text-xs md:text-m lg:text-l\">Linien S31\/S32 mit Abfahrt zur Minute 10 in Bruchsal nach Karlsruhe und zur Minute 28 in Karlsruhe Hauptbahnhof nach Bruchsal entfallen tags\u00fcber<\/li>\n<li class=\" mb-3 text-xs md:text-m lg:text-l\">Die \u00fcbrigen, st\u00fcndlichen Verbindungen zwischen Bruchsal und Karlsruhe bleiben bestehen<\/li>\n<li class=\" mb-3 text-xs md:text-m lg:text-l\">Auch bei den\u00a0DB-Z\u00fcgen RE73 und S3\u00a0(S-Bahn Rhein-Neckar) kann es in diesem Zeitraum zu Einschr\u00e4nkungen kommen<\/li>\n<li class=\" mb-3 text-xs md:text-m lg:text-l\">Am 24. Januar\u00a0enden die Einschr\u00e4nkungen bei der Linie S31\/S32 bereits um 17 Uhr, danach verkehren die AVG-Stadtbahnen wie gewohnt<\/li>\n<\/ul>\n<ul data-module-id=\"DragDropModule\" class=\"flex flex-wrap justify-start group-[.no-bookmarks]:hidden\">\n<li class=\"mb-3 mr-3\">\n    Katharina Peifer<\/p>\n<p>      Icon Haken im Kreis gesetzt<\/p>\n<p>      Icon Plus im Kreis<\/p>\n<\/li>\n<li class=\"mb-3 mr-3\">\n    Karlsruhe<\/p>\n<p>      Icon Haken im Kreis gesetzt<\/p>\n<p>      Icon Plus im Kreis<\/p>\n<\/li>\n<li class=\"mb-3 mr-3\">\n    AVG<\/p>\n<p>      Icon Haken im Kreis gesetzt<\/p>\n<p>      Icon Plus im Kreis<\/p>\n<\/li>\n<\/ul>\n","protected":false},"excerpt":{"rendered":"Dienstag, 3. M\u00e4rz Linie 106, 222Aufgrund von Bauarbeiten muss die Haltestelle \u201eM\u00f6rsch R\u00f6sselsbr\u00fcnnle\u201c von Dienstag, 3. M\u00e4rz bis&hellip;\n","protected":false},"author":2,"featured_media":840621,"comment_status":"","ping_status":"","sticky":false,"template":"","format":"standard","meta":{"footnotes":"","_share_on_mastodon":"0"},"categories":[1844],"tags":[2161,31187,1634,3364,29,31190,129266,144295,30,6513,172826,8903,63083,26148],"class_list":["post-840620","post","type-post","status-publish","format-standard","has-post-thumbnail","category-karlsruhe","tag-avg","tag-bad-herrenalb","tag-baden-wuerttemberg","tag-de","tag-deutschland","tag-ettlingen","tag-fahrpersonal","tag-fahrtausfall","tag-germany","tag-haltestelle","tag-ittersbach","tag-karlsruhe","tag-schlachthof","tag-woerth"],"share_on_mastodon":{"url":"https:\/\/pubeurope.com\/@de\/116166839817980753","error":""},"_links":{"self":[{"href":"https:\/\/www.europesays.com\/de\/wp-json\/wp\/v2\/posts\/840620","targetHints":{"allow":["GET"]}}],"collection":[{"href":"https:\/\/www.europesays.com\/de\/wp-json\/wp\/v2\/posts"}],"about":[{"href":"https:\/\/www.europesays.com\/de\/wp-json\/wp\/v2\/types\/post"}],"author":[{"embeddable":true,"href":"https:\/\/www.europesays.com\/de\/wp-json\/wp\/v2\/users\/2"}],"replies":[{"embeddable":true,"href":"https:\/\/www.europesays.com\/de\/wp-json\/wp\/v2\/comments?post=840620"}],"version-history":[{"count":0,"href":"https:\/\/www.europesays.com\/de\/wp-json\/wp\/v2\/posts\/840620\/revisions"}],"wp:featuredmedia":[{"embeddable":true,"href":"https:\/\/www.europesays.com\/de\/wp-json\/wp\/v2\/media\/840621"}],"wp:attachment":[{"href":"https:\/\/www.europesays.com\/de\/wp-json\/wp\/v2\/media?parent=840620"}],"wp:term":[{"taxonomy":"category","embeddable":true,"href":"https:\/\/www.europesays.com\/de\/wp-json\/wp\/v2\/categories?post=840620"},{"taxonomy":"post_tag","embeddable":true,"href":"https:\/\/www.europesays.com\/de\/wp-json\/wp\/v2\/tags?post=840620"}],"curies":[{"name":"wp","href":"https:\/\/api.w.org\/{rel}","templated":true}]}}