{"id":840691,"date":"2026-03-03T19:52:15","date_gmt":"2026-03-03T19:52:15","guid":{"rendered":"https:\/\/www.europesays.com\/de\/840691\/"},"modified":"2026-03-03T19:52:15","modified_gmt":"2026-03-03T19:52:15","slug":"rettungseinsatz-in-stuttgart-feuerwehr-befreit-labrador-huendin-aus-moor-in-botnang-startseite","status":"publish","type":"post","link":"https:\/\/www.europesays.com\/de\/840691\/","title":{"rendered":"Rettungseinsatz in Stuttgart: Feuerwehr befreit Labrador-H\u00fcndin aus Moor in Botnang &#8211; Startseite"},"content":{"rendered":"<p>\t\t\t\t\t\t\t\t\t\t\t\t\t\t\t\t\t\t\t\t\t\t\t\t\t\t\t\t\t\t\t\t\t\t\t\t   \t\t\t\t\t \t\t\t\t   \t      \t\t\t\t   <img decoding=\"async\" id=\"article-image\" fetchpriority=\"high\" alt=\"Rettungseinsatz in Stuttgart: Feuerwehr befreit Labrador-H\u00fcndin aus Moor in Botnang\" title=\"Rettungseinsatz in Stuttgart: Feuerwehr befreit Labrador-H\u00fcndin aus Moor in Botnang\" src=\"https:\/\/www.europesays.com\/de\/wp-content\/uploads\/2026\/03\/media.media.34a17192-0a91-456b-a66c-b35e7b2f8a43.original700.jpg\" data-linkto=\"https:\/\/www.krzbb.de\/javascript:void(0);\"\/>\t\t\t\t\t\t\t\t\t\t\t\t\t\t\t\t\t\t\t\t\t\t\t\tDie Stuttgarter Feuerwehr hat eine Labrador-H\u00fcndin aus einem Moor befreit.\u00a0Foto: Hund Botnang Moor\t\t\t<\/p>\n<p>Am Dienstagnachmittag hat die Stuttgarter Feuerwehr eine Labrador-H\u00fcndin gerettet. Das Tier war in ein Moor geraten und konnte sich nicht mehr selbst befreien. Die Hintergr\u00fcnde.<\/p>\n<p>Die <a href=\"https:\/\/www.krzbb.de\/thema\/Feuerwehr\" title=\"Feuerwehr\" class=\"art_thema\" rel=\"nofollow noopener\" target=\"_blank\">Feuerwehr<\/a> <a href=\"https:\/\/www.krzbb.de\/thema\/Stuttgart\" title=\"Stuttgart\" class=\"art_thema\" rel=\"nofollow noopener\" target=\"_blank\">Stuttgart<\/a> hat am Dienstagnachmittag eine Labrador-H\u00fcndin aus einem Moor gerettet. Das Tier war im Bereich des Sommerhaldenwegs in Stuttgart-Botnang eingesunken und konnte sich nicht mehr selbst befreien.<\/p>\n<p>Nach Angaben der <a href=\"https:\/\/www.krzbb.de\/thema\/Polizei\" title=\"Polizei\" class=\"art_thema\" rel=\"nofollow noopener\" target=\"_blank\">Polizei<\/a> wurde die elfj\u00e4hrige H\u00fcndin seit dem Mittag vermisst und befand sich in einer lebensbedrohlichen Lage. Gegen 15 Uhr meldeten Spazierg\u00e4nger Hundebellen aus einem Moorgebiet abseits eines Weges. Eine Frau entdeckte die v\u00f6llig entkr\u00e4ftete H\u00fcndin am Rand eines Sees und alarmierte die Feuerwehr.<\/p>\n<p>Bereits auf der Anfahrt erhielten die Einsatzkr\u00e4fte die Information, dass ein Hund im Moor feststecke. Der Einsatzleiter forderte daraufhin ein weiteres L\u00f6schfahrzeug an. Vor Ort best\u00e4tigte sich die Lage: Die H\u00fcndin war im matschigen Uferbereich eingesunken. Ohne geeignete Hilfsmittel war eine Rettung nicht m\u00f6glich.<\/p>\n<p>Polizei ermittelt die Halterin <\/p>\n<p>Die Feuerwehr schuf mithilfe von Steckleiterteilen einen sicheren Zugang \u00fcber die B\u00f6schung zum See. Ein Feuerwehrangeh\u00f6riger erkundete in Gummistiefeln und Schutzanzug die Situation im Moor. Nach dem Eintreffen der Wasserrettungseinheit der Feuerwache 3 gingen zwei Einsatzkr\u00e4fte, mit Leinen gesichert, in speziellen Neoprenanz\u00fcgen zu dem Tier vor. Sie befreiten die H\u00fcndin aus dem Morast und brachten sie \u00fcber die B\u00f6schung in Sicherheit.<\/p>\n<p>Dort wurde das Tier mit Wasser versorgt, grob gereinigt und mit Decken vor weiterer Ausk\u00fchlung gesch\u00fctzt.<\/p>\n<p>Parallel dazu ermittelte die Polizei die Halterin. Sie traf kurze Zeit sp\u00e4ter an der Einsatzstelle ein und nahm ihre H\u00fcndin in Empfang. Anschlie\u00dfend brachte die Polizei beide aus dem Wald, damit die Halterin eigenst\u00e4ndig eine Tierarztpraxis aufsuchen konnte.<\/p>\n<p>Im Einsatz waren Kr\u00e4fte der Berufsfeuerwehr Stuttgart von der Feuerwache 2 mit einem Einsatzleitwagen und einem L\u00f6schfahrzeug sowie von der Feuerwache 3 mit einem Ger\u00e4tewagen Wasserrettung. Insgesamt waren zehn Feuerwehrleute beteiligt. Auch eine Streifenwagenbesatzung der Polizei war vor Ort.<\/p>\n","protected":false},"excerpt":{"rendered":"Die Stuttgarter Feuerwehr hat eine Labrador-H\u00fcndin aus einem Moor befreit.\u00a0Foto: Hund Botnang Moor Am Dienstagnachmittag hat die Stuttgarter&hellip;\n","protected":false},"author":2,"featured_media":840692,"comment_status":"","ping_status":"","sticky":false,"template":"","format":"standard","meta":{"footnotes":"","_share_on_mastodon":"0"},"categories":[1830],"tags":[1634,3364,29,985,30,23270,28567,21432,121,8248,13868,1441,20689],"class_list":["post-840691","post","type-post","status-publish","format-standard","has-post-thumbnail","category-stuttgart","tag-baden-wuerttemberg","tag-de","tag-deutschland","tag-feuerwehr","tag-germany","tag-huendin","tag-labrador","tag-moor","tag-polizei","tag-polizeibericht-stuttgart","tag-rettungseinsatz","tag-stuttgart","tag-stuttgart-botnang"],"share_on_mastodon":{"url":"https:\/\/pubeurope.com\/@de\/116166993314571145","error":""},"_links":{"self":[{"href":"https:\/\/www.europesays.com\/de\/wp-json\/wp\/v2\/posts\/840691","targetHints":{"allow":["GET"]}}],"collection":[{"href":"https:\/\/www.europesays.com\/de\/wp-json\/wp\/v2\/posts"}],"about":[{"href":"https:\/\/www.europesays.com\/de\/wp-json\/wp\/v2\/types\/post"}],"author":[{"embeddable":true,"href":"https:\/\/www.europesays.com\/de\/wp-json\/wp\/v2\/users\/2"}],"replies":[{"embeddable":true,"href":"https:\/\/www.europesays.com\/de\/wp-json\/wp\/v2\/comments?post=840691"}],"version-history":[{"count":0,"href":"https:\/\/www.europesays.com\/de\/wp-json\/wp\/v2\/posts\/840691\/revisions"}],"wp:featuredmedia":[{"embeddable":true,"href":"https:\/\/www.europesays.com\/de\/wp-json\/wp\/v2\/media\/840692"}],"wp:attachment":[{"href":"https:\/\/www.europesays.com\/de\/wp-json\/wp\/v2\/media?parent=840691"}],"wp:term":[{"taxonomy":"category","embeddable":true,"href":"https:\/\/www.europesays.com\/de\/wp-json\/wp\/v2\/categories?post=840691"},{"taxonomy":"post_tag","embeddable":true,"href":"https:\/\/www.europesays.com\/de\/wp-json\/wp\/v2\/tags?post=840691"}],"curies":[{"name":"wp","href":"https:\/\/api.w.org\/{rel}","templated":true}]}}