{"id":840818,"date":"2026-03-03T21:04:15","date_gmt":"2026-03-03T21:04:15","guid":{"rendered":"https:\/\/www.europesays.com\/de\/840818\/"},"modified":"2026-03-03T21:04:15","modified_gmt":"2026-03-03T21:04:15","slug":"niedersachsen-bremen-junger-motorradfahrer-stirbt-nach-unfall","status":"publish","type":"post","link":"https:\/\/www.europesays.com\/de\/840818\/","title":{"rendered":"Niedersachsen &#038; Bremen: Junger Motorradfahrer stirbt nach Unfall"},"content":{"rendered":"<p>Niedersachsen &amp; BremenJunger Motorradfahrer stirbt nach Unfall<img decoding=\"async\" class=\"Image_img__fQCi0 Image_Img_16_9__4BLfH\" loading=\"eager\" fetchpriority=\"high\" src=\"https:\/\/www.europesays.com\/de\/wp-content\/uploads\/2026\/03\/Ein-Motorradfahrer-aus-Lohne-ist-am-Abend-toedlich-verunglueckt.webp.webp\" alt=\"Ein-Motorradfahrer-aus-Lohne-ist-am-Abend-toedlich-verunglueckt\"\/>TeilenFolgen auf:<a href=\"https:\/\/www.whatsapp.com\/channel\/0029Va5cdVJD8SDp5YZgYF01\" title=\"Auf WhatsApp folgen\" target=\"_blank\" rel=\"nofollow noopener\"><img decoding=\"async\" src=\"https:\/\/www.n-tv.de\/socialIcons\/whatsapp.svg\" alt=\"whatsapp\" class=\"ArticleShare_icon__FsrC2\"\/><\/a><a href=\"https:\/\/news.google.com\/publications\/CAAiEPMdif5mpRNxiLOeUpHCwwsqFAgKIhDzHYn-ZqUTcYiznlKRwsML?hl=de&amp;gl=DE&amp;ceid=DE%3Ade\" title=\"Auf Google News folgen\" target=\"_blank\" rel=\"nofollow noopener\"><img decoding=\"async\" src=\"https:\/\/www.n-tv.de\/socialIcons\/google.svg\" alt=\"whatsapp\" class=\"ArticleShare_icon__FsrC2\"\/><\/a><\/p>\n<p class=\"Typography_text-m__XI0da Typography_weight-bold__uT6mq storyline_lead_text_leadtext__q_wg8\">Ein 19-J\u00e4hriger kommt mit seinem Motorrad abends von der Stra\u00dfe ab. F\u00fcr ihn hat der Unfall im Landkreis Vechta fatale Folgen.<\/p>\n<p class=\"Typography_text-default__P3otY Typography_weight-normal__pqUbH storyline_paragraph_p__qSR5N\">Steinfeld (dpa\/lni) &#8211; Ein junger Motorradfahrer ist bei einem Unfall in Steinfeld (Landkreis Vechta) t\u00f6dlich verletzt worden. Der 19-J\u00e4hrige aus dem benachbarten Lohne war am Abend in Richtung S\u00fcden unterwegs, wie die Polizei mitteilte. Er sei mit seinem Motorrad von der Stra\u00dfe abgekommen und an der Unfallstelle gestorben. Weitere Informationen \u00fcber den Unfall lagen zun\u00e4chst nicht vor.<\/p>\n<p class=\"Typography_text-s__wu_cm Typography_weight-normal__pqUbH Typography_color-darkgrey__sZEnP article-detail-footer_source__KslPc\">Quelle: dpa<\/p>\n","protected":false},"excerpt":{"rendered":"Niedersachsen &amp; BremenJunger Motorradfahrer stirbt nach UnfallTeilenFolgen auf: Ein 19-J\u00e4hriger kommt mit seinem Motorrad abends von der Stra\u00dfe&hellip;\n","protected":false},"author":2,"featured_media":840819,"comment_status":"","ping_status":"","sticky":false,"template":"","format":"standard","meta":{"footnotes":"","_share_on_mastodon":"0"},"categories":[1824],"tags":[2420,3364,29,30],"class_list":["post-840818","post","type-post","status-publish","format-standard","has-post-thumbnail","category-bremen","tag-bremen","tag-de","tag-deutschland","tag-germany"],"share_on_mastodon":{"url":"https:\/\/pubeurope.com\/@de\/116167276596587780","error":""},"_links":{"self":[{"href":"https:\/\/www.europesays.com\/de\/wp-json\/wp\/v2\/posts\/840818","targetHints":{"allow":["GET"]}}],"collection":[{"href":"https:\/\/www.europesays.com\/de\/wp-json\/wp\/v2\/posts"}],"about":[{"href":"https:\/\/www.europesays.com\/de\/wp-json\/wp\/v2\/types\/post"}],"author":[{"embeddable":true,"href":"https:\/\/www.europesays.com\/de\/wp-json\/wp\/v2\/users\/2"}],"replies":[{"embeddable":true,"href":"https:\/\/www.europesays.com\/de\/wp-json\/wp\/v2\/comments?post=840818"}],"version-history":[{"count":0,"href":"https:\/\/www.europesays.com\/de\/wp-json\/wp\/v2\/posts\/840818\/revisions"}],"wp:featuredmedia":[{"embeddable":true,"href":"https:\/\/www.europesays.com\/de\/wp-json\/wp\/v2\/media\/840819"}],"wp:attachment":[{"href":"https:\/\/www.europesays.com\/de\/wp-json\/wp\/v2\/media?parent=840818"}],"wp:term":[{"taxonomy":"category","embeddable":true,"href":"https:\/\/www.europesays.com\/de\/wp-json\/wp\/v2\/categories?post=840818"},{"taxonomy":"post_tag","embeddable":true,"href":"https:\/\/www.europesays.com\/de\/wp-json\/wp\/v2\/tags?post=840818"}],"curies":[{"name":"wp","href":"https:\/\/api.w.org\/{rel}","templated":true}]}}