{"id":840919,"date":"2026-03-03T21:58:19","date_gmt":"2026-03-03T21:58:19","guid":{"rendered":"https:\/\/www.europesays.com\/de\/840919\/"},"modified":"2026-03-03T21:58:19","modified_gmt":"2026-03-03T21:58:19","slug":"dfl-fuehrt-neue-u21-liga-ein-das-sagen-arminia-bielefeld-und-der-sc-paderborn-07","status":"publish","type":"post","link":"https:\/\/www.europesays.com\/de\/840919\/","title":{"rendered":"DFL f\u00fchrt neue U21-Liga ein: Das sagen Arminia Bielefeld und der SC Paderborn 07"},"content":{"rendered":"<p id=\"absatz1\" class=\"em_text\">Bielefeld\/Paderborn. Die 36 Profiklubs haben wie erwartet die Einf\u00fchrung einer eigenen U21-Liga ab der Saison 2026\/27 beschlossen. Damit soll die Talentf\u00f6rderung im deutschen Fu\u00dfball weiter professionalisiert werden. Die Erst- und Zweitligisten f\u00e4llten den Beschluss auf der Mitgliederversammlung der Deutschen Fu\u00dfball Liga am Dienstag (3. M\u00e4rz) in D\u00fcsseldorf ohne Gegenstimme.<\/p>\n<p id=\"absatz2\" class=\"em_text\">Der neue Wettbewerb ist ein freiwilliges Zusatzangebot f\u00fcr alle Klubs der Bundesliga und 2. Bundesliga und eine Erg\u00e4nzung zum bestehenden Ligen-System, aus dem zweite Mannschaften der Profiklubs nicht ausgegliedert werden m\u00fcssen. Die Teilnahme ist f\u00fcr Spieler im \u00dcbergangsbereich der Altersklassen U17 bis U21 vorgesehen.<\/p>\n<p id=\"absatz3\" class=\"em_text\">Pro Mannschaft d\u00fcrfen zudem bis zu vier \u00e4ltere Spieler eingesetzt werden, um sowohl junge Talente gezielt zu f\u00f6rdern als auch beispielsweise verletzten Spielern nach l\u00e4ngeren Pausen die R\u00fcckkehr in den Spielbetrieb zu erleichtern. Die Vereine folgten damit der Empfehlung einer Expertengruppe, der unter anderem der ehemalige Top-Trainer J\u00fcrgen Klopp und DFB-Gesch\u00e4ftsf\u00fchrer Andreas Rettig angeh\u00f6rten.<\/p>\n<p>\n        \u00d7\n    <\/p>\n<p>\n            Sie erhalten in wenigen Minuten eine E-Mail zur Best\u00e4tigung Ihrer Anmeldung.\n        <\/p>\n<p>Erst danach ist diese abgeschlossen.<\/p>\n<p>Bitte pr\u00fcfen Sie auch den Spam-Ordner.<\/p>\n<p>\n        \u00d7\n    <\/p>\n<p>\n            Sie haben bisher Ihre E-Mail-Adresse noch nicht best\u00e4tigt.\n        <\/p>\n<p>Erst danach ist diese abgeschlossen.<\/p>\n<p>Bitte pr\u00fcfen Sie auch den Spam-Ordner.<\/p>\n<p>\n        \u00d7\n    <\/p>\n<p>\n            Es ist einen Fehler aufgetreten\n        <\/p>\n<p>Bei Fragen hilft unser Newsletter-Support<\/p>\n<p> Newsletter<\/p>\n<p> DSC Arminia Bielefeld<\/p>\n<p>W\u00f6chentlich alle News rund um Arminia Bielefeld.<\/p>\n<p>                Jetzt anmelden<\/p>\n<p>\u201eMehr Einsatzzeit auf Wettbewerbsniveau f\u00fcr Talente\u201c<\/p>\n<p class=\"em_text\">\u201eEine Top-Nachwuchsentwicklung ist ein wichtiger Faktor f\u00fcr die zuk\u00fcnftige Wettbewerbsf\u00e4higkeit und Attraktivit\u00e4t der Bundesligen. Mit dem neuen U21-Zusatzwettbewerb schaffen wir kurzfristig eine zus\u00e4tzliche M\u00f6glichkeit, Talenten mehr Einsatzzeit auf Wettbewerbsniveau zu bieten und ihre Ausbildungszeit gezielt zu verl\u00e4ngern\u201c, sagte DFL-Gesch\u00e4ftsf\u00fchrer Marc Lenz.<\/p>\n<p id=\"absatz5\" data-end=\"513\" data-start=\"238\"><b class=\"bold\">Lesen Sie auch:<\/b> <a href=\"https:\/\/www.nw.de\/sport\/fussball\/dsc_arminia_bielefeld\/24065242_Arminia-Bielefelds-U21-startet-in-der-Oberliga-Verband-erteilt-Lizenz.html\" rel=\"nofollow noopener\" target=\"_blank\">Arminia Bielefelds U21 startet in der Oberliga \u2013 Verband erteilt Lizenz <\/a><\/p>\n<p id=\"absatz6\" class=\"em_text\">\u201eWir haben als Verein das gr\u00f6\u00dftm\u00f6gliche Interesse daran, jedem einzelnen Spieler in seiner Ausbildungszeit m\u00f6glichst viele Spielminuten zu geben. Ich finde es daher gut, dass wir \u00fcber weitere Modelle nachdenken. Ob es dann das richtige Modell f\u00fcr den SCP ist, werden wir intern diskutieren\u201c, hatte Sebastian Lange, Sportchef des Zweitligisten SC Paderborn, auf Anfrage dieser Redaktion im Vorfeld der Mitgliederversammlung erkl\u00e4rt. Arminia Bielefeld hielt sich zu dem Thema bedeckt und mochte keine Stellungnahme abgeben.<\/p>\n<p>Arminias U21 soll Nachwuchsspielern eine \u201ePerspektive bieten\u201c<\/p>\n<p id=\"absatz7\" class=\"em_text\" data-end=\"513\" data-start=\"238\">Zu ber\u00fccksichtigen ist dabei, dass die U21-Mannschaft des DSC erst seit wenigen Monaten wieder am Spielbetrieb teilnimmt. Nach siebenj\u00e4hriger Pause hat Arminia zu Beginn der Saison erneut eine zweite Mannschaft gemeldet, die in der Oberliga Westfalen antritt.<\/p>\n<p>        <a href=\"https:\/\/www.nw.de\/_em_daten\/_cache\/image\/1xelByaDl1aEVxOU1XVXRXazA4YVBHd1VuS3kwQ3A0K2tuSTQxQmI4b0dwTG4xT0l2dUVjQk9kWXZiN3FEWERnNVordWd2Y1Q4eFc2NHlHTStvcXdYV0RuamZobVFTWkpFVmVVaUdvQTlYRDQ9\/260203-1829-832330618.jpg\" class=\"nw-article-image\" title=\"Paderborns U21 spielt seit der Saison 2023\/24 in der Regionalliga West. Hier ist Profi-Leihgabe Lucas Copado im Gastspiel beim 1. FC K\u00f6ln II am Ball.\" data-glightbox=\"type: image; description: Paderborns U21 spielt seit der Saison 2023\/24 in der Regionalliga West. Hier ist Profi-Leihgabe Lucas Copado im Gastspiel beim 1. FC K\u00f6ln II am Ball.  | \u00a9 picture alliance \" rel=\"nofollow noopener\" target=\"_blank\"><br \/>\n            <img decoding=\"async\" src=\"https:\/\/www.europesays.com\/de\/wp-content\/uploads\/2026\/03\/260203-1829-832330618.jpg\" class=\"nw-img-fluid nw-w-full nw-lazy nw-rounded-t-md\" alt=\"Paderborns U21 spielt seit der Saison 2023\/24 in der Regionalliga West. Hier ist Profi-Leihgabe Lucas Copado im Gastspiel beim 1. FC K\u00f6ln II am Ball. - \u00a9 picture alliance\" data-format=\"16:9\"\/><br \/>\n        <\/a><\/p>\n<p>                Paderborns U21 spielt seit der Saison 2023\/24 in der Regionalliga West. Hier ist Profi-Leihgabe Lucas Copado im Gastspiel beim 1. FC K\u00f6ln II am Ball.<br \/>\n                                    | \u00a9 picture alliance<\/p>\n<p class=\"em_text\" data-end=\"1276\" data-start=\"863\">Aktuell belegt die Zweitliga-Reserve in der f\u00fcnfth\u00f6chsten Spielklasse den sechsten Tabellenplatz und bewegt sich damit im gesicherten Mittelfeld. Langfristig verfolgt der Verein mit dem Projekt klare Ziele: \u201eTalentierten Nachwuchsspielern eine Perspektive zu bieten, den \u00dcbergang in den Herrenfu\u00dfball zu verbessern und die Jungs an den Profibereich heranzuf\u00fchren\u201c, erkl\u00e4rte Gesch\u00e4ftsf\u00fchrer Michael Mutzel.<\/p>\n<p id=\"absatz9\" data-end=\"1276\" data-start=\"863\"><b class=\"bold\">Lesen Sie auch: <\/b><a href=\"https:\/\/www.nw.de\/sport\/sc_paderborn_07\/24143469_Jung-dynamisch-und-erfolgreich-So-startet-Paderborns-U21-in-die-neue-Saison-25-26.html\" rel=\"nofollow noopener\" target=\"_blank\">Jung, dynamisch und erfolgreich? So startet Paderborns U21 in die neue Saison 25\/26<\/a><\/p>\n<p id=\"absatz10\" class=\"em_text\">Der neu angelegte Wettbewerb soll ein zus\u00e4tzlicher Wettbewerb zum regul\u00e4ren Ligabetrieb werden. Die Anzahl der Spiele wird sich in Grenzen halten. Pro Halbserie w\u00fcrde jedes teilnehmende Team drei bis sechs zus\u00e4tzliche Partien, die unter der Woche stattfinden, bestreiten. Am Ende soll es ein Final-Four-Turnier geben.<\/p>\n<p id=\"absatz11\" class=\"em_text\">Um die Kosten und Organisation m\u00f6glichst gering zu halten, sind zumindest vorerst Zuschauer von den Spielen ausgeschlossen. Offen ist noch, ob das Finalturnier im Sommer 2027 wom\u00f6glich mit Zuschauern stattfinden kann und ob die Partien \u00fcbertragen werden.<\/p>\n<p id=\"absatz12\" class=\"em_text\">Spielberechtigt sein sollen Akteure im Alter von 16 bis 21 Jahren. Doch es soll Ausnahmen geben. Demnach d\u00fcrfen die Klubs bis zu vier \u00e4ltere Spieler einsetzen, die beispielsweise von einer Verletzung genesen sind, um ihnen Spielpraxis zu erm\u00f6glichen.<\/p>\n<p>        <a href=\"https:\/\/www.nw.de\/_em_daten\/_cache\/image\/1xRDhlVms3Mk03Y3o2VzVYUUVVNzVjY3JLZ3VVRmdzUHdoWURNblJxSHRpYmNMR2RXeUhaRU5pbWdRQU04aEVKdGdoWm53Wi81YWVZMzNZUHBLQnlzY2tkR1hvYnNoczBlMmNNNWRyT093NGc9\/260203-1829-832401185.jpg\" class=\"nw-article-image\" title=\"In England ist eine Liga f\u00fcr die Zweitvertretungen der Profiklubs bereits etabliert.\" data-glightbox=\"type: image; description: In England ist eine Liga f\u00fcr die Zweitvertretungen der Profiklubs bereits etabliert.  | \u00a9 picture alliance \/ ZUMAPRESS.com \" rel=\"nofollow noopener\" target=\"_blank\"><br \/>\n            <img decoding=\"async\" src=\"https:\/\/www.europesays.com\/de\/wp-content\/uploads\/2026\/03\/260203-1829-832401185.jpg\" class=\"nw-img-fluid nw-w-full nw-lazy nw-rounded-t-md\" alt=\"In England ist eine Liga f\u00fcr die Zweitvertretungen der Profiklubs bereits etabliert. - \u00a9 picture alliance \/ ZUMAPRESS.com\" data-format=\"16:9\"\/><br \/>\n        <\/a><\/p>\n<p>                In England ist eine Liga f\u00fcr die Zweitvertretungen der Profiklubs bereits etabliert.<br \/>\n                                    | \u00a9 picture alliance \/ ZUMAPRESS.com<\/p>\n<p id=\"absatz13\" class=\"em_text\">Die Kosten sollen f\u00fcr die Klubs bei rund 30.000 Euro liegen, wobei die Reisekosten noch nicht mit einberechnet sind. Die DFL selbst w\u00fcrde 500.000 bis 600.000 Euro f\u00fcr die Organisation von Schiedsrichtern und Spielorten zahlen. W\u00e4hrend England (U21) und Italien (U20) bereits etablierte Nachwuchsrunden f\u00fcr Profiklubs bieten, zieht nun also auch der deutsche Verband mit einem flexiblen System nach.<\/p>\n<p>Regul\u00e4rer Spielbetrieb soll parallel weiter laufen<\/p>\n<p id=\"absatz14\" class=\"em_text\">Laut DFL soll es aber nicht darum gehen, Profi-Reserven aus dem regul\u00e4ren Spielbetrieb herauszunehmen oder eine Konkurrenz zu Nachwuchsligen zu schaffen. Die U21-Spielrunde soll vielmehr eine optionale Erg\u00e4nzung sein. Die Klubs m\u00fcssten daf\u00fcr auch nicht ihre Kader vergr\u00f6\u00dfern. Die Spieler w\u00fcrden sich vielmehr aus der U21, U19, U17 und dem Profiteam rekrutieren.<\/p>\n<p>        <a href=\"https:\/\/www.nw.de\/_em_daten\/_cache\/image\/1xRzZGNDQ4blpnTG82RDZmaU5FT0daZ0p6V2lqN1R2Rzd3Ui9iQURWeDViUHBSTHJpVzl6by84SDhKMnJsMkNqWDA0OUZ4eWRIYm0xeFJ5Q3hiZDhNeHZUV2xvcnpWdkdhMUlwd3YyUVg0Mzg9\/260203-1829-832329894.jpg\" class=\"nw-article-image\" title=\"Paderborns Sportchef Sebastian Lange steht einer zus\u00e4tzlichen Nachwuchsrunde positiv gegen\u00fcber.\" data-glightbox=\"type: image; description: Paderborns Sportchef Sebastian Lange steht einer zus\u00e4tzlichen Nachwuchsrunde positiv gegen\u00fcber.  | \u00a9 picture alliance\/dpa \" rel=\"nofollow noopener\" target=\"_blank\"><br \/>\n            <img decoding=\"async\" src=\"https:\/\/www.europesays.com\/de\/wp-content\/uploads\/2026\/03\/260203-1829-832329894.jpg\" class=\"nw-img-fluid nw-w-full nw-lazy nw-rounded-t-md\" alt=\"Paderborns Sportchef Sebastian Lange steht einer zus\u00e4tzlichen Nachwuchsrunde positiv gegen\u00fcber. - \u00a9 picture alliance\/dpa\" data-format=\"16:9\"\/><br \/>\n        <\/a><\/p>\n<p>                Paderborns Sportchef Sebastian Lange steht einer zus\u00e4tzlichen Nachwuchsrunde positiv gegen\u00fcber.<br \/>\n                                    | \u00a9 picture alliance\/dpa<\/p>\n<p id=\"absatz15\" class=\"em_text\">Dem SC Paderborn ist auch sehr daran gelegen, dass die zweiten Mannschaften auch k\u00fcnftig in den Herren-Ligen kicken k\u00f6nnen. \u201eIch bin ein Verfechter davon, dass die Jungs so fr\u00fch wie m\u00f6glich Seniorenfu\u00dfball spielen. Wir sehen bei uns in der U21, dass es den jungen Spielern richtig, richtig guttut, in der Regionalliga gegen M\u00e4nner zu kicken\u201c, betont Sportchef Sebastian Lange. Und daf\u00fcr k\u00f6nne eine U21-Spielrunde kein Ersatz sein. (Mit Inhalten der dpa)<\/p>\n","protected":false},"excerpt":{"rendered":"Bielefeld\/Paderborn. Die 36 Profiklubs haben wie erwartet die Einf\u00fchrung einer eigenen U21-Liga ab der Saison 2026\/27 beschlossen. Damit&hellip;\n","protected":false},"author":2,"featured_media":840920,"comment_status":"","ping_status":"","sticky":false,"template":"","format":"standard","meta":{"footnotes":"","_share_on_mastodon":"0"},"categories":[1841],"tags":[70295,2368,1605,8406,3364,29,481,5085,30,4274,26269,4281,9307,4280,16351,1609,1608,187420,734,2381,164252,2380,16897,1209,727,69734,3135,622,104097,4279],"class_list":["post-840919","post","type-post","status-publish","format-standard","has-post-thumbnail","category-bielefeld","tag-andreas-rettig","tag-arminia-bielefeld","tag-bielefeld","tag-dsseldorf","tag-de","tag-deutschland","tag-dfb","tag-dfl","tag-germany","tag-jrgen-klopp","tag-label_2-zuweisung","tag-label_arminia","tag-label_foto","tag-label_l-120","tag-label_mach-mich-schlau","tag-label_plus-ok","tag-label_top-news","tag-marc-lenz","tag-meta_artikelklasse_nachricht","tag-meta_copyrights_rgowl_freier_mitarbeiter","tag-meta_eo_zusammenfassung","tag-meta_themen_arminia_bielefeld","tag-meta_userneeds_erklaeremir","tag-nordrhein-westfalen","tag-paderborn","tag-profiklub","tag-sc-paderborn","tag-sc-paderborn-07","tag-sebastian-lange","tag-serie_nlarminia"],"share_on_mastodon":{"url":"","error":"Validation failed: Text character limit of 500 exceeded"},"_links":{"self":[{"href":"https:\/\/www.europesays.com\/de\/wp-json\/wp\/v2\/posts\/840919","targetHints":{"allow":["GET"]}}],"collection":[{"href":"https:\/\/www.europesays.com\/de\/wp-json\/wp\/v2\/posts"}],"about":[{"href":"https:\/\/www.europesays.com\/de\/wp-json\/wp\/v2\/types\/post"}],"author":[{"embeddable":true,"href":"https:\/\/www.europesays.com\/de\/wp-json\/wp\/v2\/users\/2"}],"replies":[{"embeddable":true,"href":"https:\/\/www.europesays.com\/de\/wp-json\/wp\/v2\/comments?post=840919"}],"version-history":[{"count":0,"href":"https:\/\/www.europesays.com\/de\/wp-json\/wp\/v2\/posts\/840919\/revisions"}],"wp:featuredmedia":[{"embeddable":true,"href":"https:\/\/www.europesays.com\/de\/wp-json\/wp\/v2\/media\/840920"}],"wp:attachment":[{"href":"https:\/\/www.europesays.com\/de\/wp-json\/wp\/v2\/media?parent=840919"}],"wp:term":[{"taxonomy":"category","embeddable":true,"href":"https:\/\/www.europesays.com\/de\/wp-json\/wp\/v2\/categories?post=840919"},{"taxonomy":"post_tag","embeddable":true,"href":"https:\/\/www.europesays.com\/de\/wp-json\/wp\/v2\/tags?post=840919"}],"curies":[{"name":"wp","href":"https:\/\/api.w.org\/{rel}","templated":true}]}}