{"id":840950,"date":"2026-03-03T22:15:35","date_gmt":"2026-03-03T22:15:35","guid":{"rendered":"https:\/\/www.europesays.com\/de\/840950\/"},"modified":"2026-03-03T22:15:35","modified_gmt":"2026-03-03T22:15:35","slug":"drogeriemarkt-eroeffnet-an-der-huelsdonker-strasse","status":"publish","type":"post","link":"https:\/\/www.europesays.com\/de\/840950\/","title":{"rendered":"Drogeriemarkt er\u00f6ffnet an der H\u00fclsdonker Stra\u00dfe"},"content":{"rendered":"<p class=\"text_ohne_einzug richtext text-em-55 !leading-serif mx-6 desktop:mx-0\">  Am Donnerstag, 5. M\u00e4rz, feiert der dm-Markt an der H\u00fclsdonker Stra\u00dfe 110 in Moers seine Neuer\u00f6ffnung. \u201eAuf rund 760 Quadratmetern ist ein freundliches Ambiente in hellen Farben entstanden. Kunstvolle Gestaltungselemente wie dekorative Ginkgo-Bl\u00e4tter \u00fcber den Gesundheitsregalen oder eine geschwungene Deckenleuchte im Sch\u00f6nheitsbereich weisen den Weg zu den verschiedenen Sortimentsbereichen\u201c, teilte das Unternehmen mit.<\/p>\n","protected":false},"excerpt":{"rendered":"Am Donnerstag, 5. M\u00e4rz, feiert der dm-Markt an der H\u00fclsdonker Stra\u00dfe 110 in Moers seine Neuer\u00f6ffnung. \u201eAuf rund&hellip;\n","protected":false},"author":2,"featured_media":840951,"comment_status":"","ping_status":"","sticky":false,"template":"","format":"standard","meta":{"footnotes":"","_share_on_mastodon":"0"},"categories":[1838],"tags":[3807,3364,29,3715,30,102799,11062,17624,33034,9588,187426,1209,6565,11063,187424,187425],"class_list":["post-840950","post","type-post","status-publish","format-standard","has-post-thumbnail","category-duisburg","tag-moers","tag-de","tag-deutschland","tag-duisburg","tag-germany","tag-huelsdonker","tag-kosmetik","tag-kunden","tag-kundinnen","tag-markt","tag-marktverantwortliche","tag-nordrhein-westfalen","tag-produkte","tag-schoenheit","tag-schoenheitsbereich","tag-wickelprodukten"],"share_on_mastodon":{"url":"https:\/\/pubeurope.com\/@de\/116167555551862451","error":""},"_links":{"self":[{"href":"https:\/\/www.europesays.com\/de\/wp-json\/wp\/v2\/posts\/840950","targetHints":{"allow":["GET"]}}],"collection":[{"href":"https:\/\/www.europesays.com\/de\/wp-json\/wp\/v2\/posts"}],"about":[{"href":"https:\/\/www.europesays.com\/de\/wp-json\/wp\/v2\/types\/post"}],"author":[{"embeddable":true,"href":"https:\/\/www.europesays.com\/de\/wp-json\/wp\/v2\/users\/2"}],"replies":[{"embeddable":true,"href":"https:\/\/www.europesays.com\/de\/wp-json\/wp\/v2\/comments?post=840950"}],"version-history":[{"count":0,"href":"https:\/\/www.europesays.com\/de\/wp-json\/wp\/v2\/posts\/840950\/revisions"}],"wp:featuredmedia":[{"embeddable":true,"href":"https:\/\/www.europesays.com\/de\/wp-json\/wp\/v2\/media\/840951"}],"wp:attachment":[{"href":"https:\/\/www.europesays.com\/de\/wp-json\/wp\/v2\/media?parent=840950"}],"wp:term":[{"taxonomy":"category","embeddable":true,"href":"https:\/\/www.europesays.com\/de\/wp-json\/wp\/v2\/categories?post=840950"},{"taxonomy":"post_tag","embeddable":true,"href":"https:\/\/www.europesays.com\/de\/wp-json\/wp\/v2\/tags?post=840950"}],"curies":[{"name":"wp","href":"https:\/\/api.w.org\/{rel}","templated":true}]}}