{"id":841128,"date":"2026-03-03T23:52:12","date_gmt":"2026-03-03T23:52:12","guid":{"rendered":"https:\/\/www.europesays.com\/de\/841128\/"},"modified":"2026-03-03T23:52:12","modified_gmt":"2026-03-03T23:52:12","slug":"duesseldorf-bewusstlose-frau-bei-wohnungsbrand-gerettet-panorama","status":"publish","type":"post","link":"https:\/\/www.europesays.com\/de\/841128\/","title":{"rendered":"D\u00fcsseldorf &#8211; Bewusstlose Frau bei Wohnungsbrand gerettet &#8211; Panorama"},"content":{"rendered":"<p data-manual=\"paragraph\" data-schema-org-speakable=\"true\" class=\"css-1eosz7k\">D\u00fcsseldorf (dpa) &#8211; Bei einem Wohnungsbrand in D\u00fcsseldorf haben Feuerwehrleute eine bewusstlose Frau gerettet. Wegen ihres kritischen Zustands wurden sofort Reanimationsma\u00dfnahmen eingeleitet, nach der Wiederbelebung wurde die \u00e4ltere Dame in die Universit\u00e4tsklinik gebracht, wie die Feuerwehr mitteilte. Es sei dann noch eine Katze aus der Wohnung gerettet worden. Ein Feuerwehrmann erlitt im Einsatz leichte Verletzungen.<\/p>\n<p data-manual=\"paragraph\" data-schema-org-speakable=\"true\" class=\"css-1eosz7k\">Der Brand war am fr\u00fchen Abend in einem dreigeschossigen Wohnhaus ausgebrochen &#8211; wenige hundert Meter entfernt von der zust\u00e4ndigen Wache D\u00fcsseldorf-Flingern. Die ersten Einsatzkr\u00e4fte trafen deshalb bereits nach k\u00fcrzester Zeit ein, wie es hie\u00df. Sie sahen, dass rund zwei Meter lange Flammen aus einem durchgebrannten Fenster im zweiten Obergeschoss schlugen.<\/p>\n<p data-manual=\"paragraph\" data-schema-org-speakable=\"true\" class=\"css-1eosz7k\">In der Brandwohnung habe es wegen des massiven Rauchs eine Sichtweite von null gegeben, hie\u00df es weiter. Bei der systematischen Durchsuchung fanden die Feuerwehrleute die schwer verletzte Frau.<\/p>\n<p data-manual=\"paragraph\" data-schema-org-speakable=\"true\" class=\"css-1eosz7k\">\u00a9 dpa-infocom, dpa:260303-930-764778\/1<\/p>\n","protected":false},"excerpt":{"rendered":"D\u00fcsseldorf (dpa) &#8211; Bei einem Wohnungsbrand in D\u00fcsseldorf haben Feuerwehrleute eine bewusstlose Frau gerettet. Wegen ihres kritischen Zustands&hellip;\n","protected":false},"author":2,"featured_media":841129,"comment_status":"","ping_status":"","sticky":false,"template":"","format":"standard","meta":{"footnotes":"","_share_on_mastodon":"0"},"categories":[1831],"tags":[62667,986,3364,29,3405,987,30,1209,1974,149],"class_list":["post-841128","post","type-post","status-publish","format-standard","has-post-thumbnail","category-duesseldorf","tag-birkenstrasse","tag-braende","tag-de","tag-deutschland","tag-duesseldorf","tag-feuer","tag-germany","tag-nordrhein-westfalen","tag-panorama","tag-sueddeutsche-zeitung"],"share_on_mastodon":{"url":"https:\/\/pubeurope.com\/@de\/116167937200220579","error":""},"_links":{"self":[{"href":"https:\/\/www.europesays.com\/de\/wp-json\/wp\/v2\/posts\/841128","targetHints":{"allow":["GET"]}}],"collection":[{"href":"https:\/\/www.europesays.com\/de\/wp-json\/wp\/v2\/posts"}],"about":[{"href":"https:\/\/www.europesays.com\/de\/wp-json\/wp\/v2\/types\/post"}],"author":[{"embeddable":true,"href":"https:\/\/www.europesays.com\/de\/wp-json\/wp\/v2\/users\/2"}],"replies":[{"embeddable":true,"href":"https:\/\/www.europesays.com\/de\/wp-json\/wp\/v2\/comments?post=841128"}],"version-history":[{"count":0,"href":"https:\/\/www.europesays.com\/de\/wp-json\/wp\/v2\/posts\/841128\/revisions"}],"wp:featuredmedia":[{"embeddable":true,"href":"https:\/\/www.europesays.com\/de\/wp-json\/wp\/v2\/media\/841129"}],"wp:attachment":[{"href":"https:\/\/www.europesays.com\/de\/wp-json\/wp\/v2\/media?parent=841128"}],"wp:term":[{"taxonomy":"category","embeddable":true,"href":"https:\/\/www.europesays.com\/de\/wp-json\/wp\/v2\/categories?post=841128"},{"taxonomy":"post_tag","embeddable":true,"href":"https:\/\/www.europesays.com\/de\/wp-json\/wp\/v2\/tags?post=841128"}],"curies":[{"name":"wp","href":"https:\/\/api.w.org\/{rel}","templated":true}]}}