{"id":841437,"date":"2026-03-04T02:45:20","date_gmt":"2026-03-04T02:45:20","guid":{"rendered":"https:\/\/www.europesays.com\/de\/841437\/"},"modified":"2026-03-04T02:45:20","modified_gmt":"2026-03-04T02:45:20","slug":"das-sind-die-beliebtesten-museen-in-bayern","status":"publish","type":"post","link":"https:\/\/www.europesays.com\/de\/841437\/","title":{"rendered":"Das sind die beliebtesten Museen in Bayern"},"content":{"rendered":"<p class=\"mb-6 text-xs md:text-m lg:text-l font-serif group-[.font-sans]:font-sans \">\n    In unruhigen Zeiten zieht es die Menschen in Bayern in Museen. 2025 war f\u00fcr die staatlichen Museen in Bayern ein Rekordjahr. Das sagte Kunstminister Markus Blume (CSU). Rund 6,3 Millionen Besucherinnen und Besucher z\u00e4hlten die Einrichtungen des Freistaats im vergangenen Jahr, einige hunderttausend mehr als 2024. Kunst und Technik waren ebenso gefragt wie Historisches oder Zeitgeschichtliches. Auch Museen anderer Tr\u00e4ger waren gut besucht, darunter die St\u00e4dtische Galerie im Lenbachhaus in M\u00fcnchen.\n  <\/p>\n<p class=\"mb-6 text-xs md:text-m lg:text-l font-serif group-[.font-sans]:font-sans \">\n    \u201eDiese Rekorde fallen nicht vom Himmel\u201c, kommentierte Blume. Die Museen h\u00e4tten sich in den vergangenen Jahren immer wieder neu erfunden, etwa mit hochkar\u00e4tigen Sonderausstellungen, innovativen Vermittlungsformaten und digitalen Angeboten.\u00a0\u201eGerade in unserer schnelllebigen Zeit suchen Menschen Inspiration, Orientierung und gemeinschaftliche Erlebnisse \u2013 und unsere Museen bieten genau das. Sie sind Orte der Begegnung, der Bildung und Erlebnis \u2013 analog wie digital\u201c, sagte der Minister.\u00a0\n  <\/p>\n<p>            Besonders viele Technikfans unter den Museumsbesuchern<\/p>\n<p class=\"mb-6 text-xs md:text-m lg:text-l font-serif group-[.font-sans]:font-sans \">\n    Auf gro\u00dfes Interesse stie\u00df vor allem das Deutsche Museum, das 2025 ein Jubil\u00e4um feierte: die Er\u00f6ffnung des ber\u00fchmten Hauses auf der Museumsinsel in M\u00fcnchen vor 100 Jahren.\u00a0Fast 1,7 Millionen Technikfans besuchten nach Angaben des Ministeriums das Haupthaus und andere Standorte, etwa in N\u00fcrnberg oder Schlei\u00dfheim. Das seien so viele G\u00e4ste wie noch nie in der Geschichte des Hauses, hie\u00df es.\u00a0\n  <\/p>\n<p class=\"mb-6 text-xs md:text-m lg:text-l font-serif group-[.font-sans]:font-sans \">\n    Stattliche Zahlen gibt es auch vom BMW-Museum, das 2025 auf die Rekordzahl von mehr als 847.000 Besuchern kam. Seit 1973 zeigt der Konzern direkt neben seiner Zentrale <a href=\"https:\/\/www.ka-news.de\/auto\" target=\"_self\" class=\"underline \" rel=\"nofollow noopener\">Autos<\/a>, Motorr\u00e4der, Technik sowie Unternehmens- und Motorsportgeschichte.\u00a0Mit der BMW-Welt gleich nebenan, deren Besucherzahlen in die Millionen gehen, kann es zwar nicht ganz mithalten, anders als der BMW-Welt m\u00fcssen die Besucher im Museum aber Eintritt bezahlen. Zu den hohen Besucherzahlen des vergangenen Jahres k\u00f6nnte einer Sprecherin zufolge auch die Sonderausstellung \u201eBelle Macchine\u201c zu italienischem Design beigetragen haben.\u00a0\n  <\/p>\n<p>            Das ist die beliebteste Pinakothek in M\u00fcnchen<\/p>\n<p class=\"mb-6 text-xs md:text-m lg:text-l font-serif group-[.font-sans]:font-sans \">\n    Zufrieden zeigten sich auch die Staatsgem\u00e4ldesammlungen, die ein turbulentes Jahr hinter sich haben. Nach Debatten \u00fcber m\u00f6gliche Missst\u00e4nde und den Umgang mit NS-Raubkunst gab es mit dem Juristen Anton Biebl einen neuen Leiter. Zur Sammlung z\u00e4hlen neben den Pinakotheken und dem Museum Brandhorst in M\u00fcnchen auch elf Staatsgalerien in ganz Bayern. Sie meldeten rund eine Million G\u00e4ste im Jahr 2025.\u00a0Besonders beliebt: die Alte Pinakothek, die nach eigenen Angaben eine der gr\u00f6\u00dften Sammlungen mit Werken des fl\u00e4mischen Malers Peter Paul Rubens bietet, ebenso wie Albrecht D\u00fcrers weltber\u00fchmtes \u201eSelbstbildnis im Pelzrock\u201c. 498.000 Tickets verkaufte das Museum, 98.000 mehr als im Jahr 2024.\u00a0\n  <\/p>\n<p class=\"mb-6 text-xs md:text-m lg:text-l font-serif group-[.font-sans]:font-sans \">\n    Auch historische Themen waren im vergangenen Jahr gefragt. So meldete das Haus der Bayerischen Geschichte in Regensburg einen neuen Rekord von mehr als 300.000 Besuchern. Zu sehen war dort unter anderem eine Landesausstellung \u00fcber K\u00f6nig Ludwig. Aktuell ist noch bis 19. April die Ausstellung \u201eSau sticht K\u00f6nig \u2013 Spielkarten aus Bayern\u201c zu sehen. Die Exponate zeigen die Entwicklung bayerischer Spielkarten seit dem 14. Jahrhundert.\n  <\/p>\n<p>    <img decoding=\"async\" src=\"https:\/\/www.europesays.com\/de\/wp-content\/uploads\/2026\/03\/577991342.jpg\" alt=\"Blick auf das Deutsche Museum auf der M\u00fcnchner Museumsinsel. Nach Ausstellungsfl\u00e4che ist es eines der gr\u00f6\u00dften Wissenschafts- und Technikmuseen der Welt.\" title=\"Blick auf das Deutsche Museum auf der M\u00fcnchner Museumsinsel. Nach Ausstellungsfl\u00e4che ist es eines der gr\u00f6\u00dften Wissenschafts- und Technikmuseen der Welt.\" loading=\"lazy\" class=\"h-full w-full object-cover\"\/><\/p>\n<p>      Icon vergr\u00f6\u00dfern<\/p>\n<p>    Blick auf das Deutsche Museum auf der M\u00fcnchner Museumsinsel. Nach Ausstellungsfl\u00e4che ist es eines der gr\u00f6\u00dften Wissenschafts- und Technikmuseen der Welt.<br \/>\n    Foto: picture alliance\/dpa<\/p>\n<p>        Schlie\u00dfen <\/p>\n<p>      Icon Schlie\u00dfen<\/p>\n<p>        Icon vergr\u00f6\u00dfern<\/p>\n<p>        Icon verkleinern<\/p>\n<p>      Icon Pfeil bewegen<\/p>\n<p>    Blick auf das Deutsche Museum auf der M\u00fcnchner Museumsinsel. Nach Ausstellungsfl\u00e4che ist es eines der gr\u00f6\u00dften Wissenschafts- und Technikmuseen der Welt.<br \/>\n    Foto: picture alliance\/dpa<\/p>\n<p class=\"mb-6 text-xs md:text-m lg:text-l font-serif group-[.font-sans]:font-sans \">\n    Einen bisher noch nie dagewesenen Zustrom erlebte die Dokumentation Obersalzberg bei Berchtesgaden. Mehr als 213.000 Menschen besichtigten 2025 den Lernort mit Dauerausstellung am einstigen Berghof Adolf Hitlers (2024: 205.000 Besucher).\u00a0Neben der Dauerausstellung mit historischer Bunkeranlage kann man dort noch bis zum 26. April die Sonderausstellung \u201eAuschwitz \u2013 Architektur der Vernichtung\u201c besuchen.\n  <\/p>\n<p>            Jubil\u00e4umsjahr im Museum der Augsburger Puppenkiste<\/p>\n<p class=\"mb-6 text-xs md:text-m lg:text-l font-serif group-[.font-sans]:font-sans \">\n    Ebenfalls zufrieden zeigte sich das M\u00fcnchner Lenbachhaus samt Kunstbau, das eine weltber\u00fchmte Sammlung mit Werken der K\u00fcnstlergruppe Blauer Reiter beherbergt. Fast 290.000 Besuche z\u00e4hlte das Museum 2025, dessen Herzst\u00fcck die prunkvolle K\u00fcnstlerresidenz des Portr\u00e4tmalers Franz von Lenbach ist. \u201eDiese Ergebnisse zeigen eindrucksvoll, wie stark das Lenbachhaus im Stadtleben verankert ist \u2013 auch unter herausfordernden Rahmenbedingungen\u201c, ordnete das M\u00fcnchner Kulturreferat die Zahlen ein.  Noch bis 12. April ist im Lenbachhaus die Ausstellung \u201eIman Issa \u2013 Lass uns spielen\u201c zu sehen. Den bekannten historischen Garten des Lenbachhauses kann man \u00fcbrigens auch ohne Ticket kostenlos besuchen. Die \u00d6ffnungszeiten entsprechen denen des Museums.\n  <\/p>\n<p class=\"mb-6 text-xs md:text-m lg:text-l font-serif group-[.font-sans]:font-sans \">\n    2026 wird ein besonderes Jahr f\u00fcr das Museum der <a href=\"https:\/\/www.all-in.de\/allgaeu\/vor-70-jahren-zum-ersten-mal-im-tv-die-augsburger-puppenkiste-feiert-jubilaeum-104360592\" target=\"_self\" class=\"underline \" rel=\"nofollow noopener\">Augsburger Puppenkiste<\/a>: Es feiert sein 25. Jubil\u00e4um. Im Herbst 2001 wurde das Museum er\u00f6ffnet, in dem die prominenten Darsteller in den Filmkulissen bewundert werden k\u00f6nnen. Das Haus z\u00e4hlt zu den bekanntesten und beliebtesten Touristenattraktionen in Augsburg. Seit der Er\u00f6ffnung haben nach Angaben der Museumsverantwortlichen rund 1,4 Millionen Menschen das Puppentheatermuseum besucht. Aktuell k\u00e4men etwa 65.000 G\u00e4ste jedes Jahr in das Museum. (mit dpa)\n  <\/p>\n<ul data-module-id=\"DragDropModule\" class=\"flex flex-wrap justify-start group-[.no-bookmarks]:hidden\">\n<li class=\"mb-3 mr-3\">\n    Viola Koegst<\/p>\n<p>      Icon Haken im Kreis gesetzt<\/p>\n<p>      Icon Plus im Kreis<\/p>\n<\/li>\n<li class=\"mb-3 mr-3\">\n    Bayern<\/p>\n<p>      Icon Haken im Kreis gesetzt<\/p>\n<p>      Icon Plus im Kreis<\/p>\n<\/li>\n<li class=\"mb-3 mr-3\">\n    Besucherrekord<\/p>\n<p>      Icon Haken im Kreis gesetzt<\/p>\n<p>      Icon Plus im Kreis<\/p>\n<\/li>\n<\/ul>\n","protected":false},"excerpt":{"rendered":"In unruhigen Zeiten zieht es die Menschen in Bayern in Museen. 2025 war f\u00fcr die staatlichen Museen in&hellip;\n","protected":false},"author":2,"featured_media":841438,"comment_status":"","ping_status":"","sticky":false,"template":"","format":"standard","meta":{"footnotes":"","_share_on_mastodon":"0"},"categories":[1827],"tags":[41602,513,772,29725,774,29,30,4967,1268,21560,3783,187495],"class_list":["post-841437","post","type-post","status-publish","format-standard","has-post-thumbnail","category-muenchen","tag-anton-biebl","tag-auto","tag-bayern","tag-besucherrekord","tag-csu","tag-deutschland","tag-germany","tag-markus-blume","tag-muenchen","tag-museumsinsel","tag-nuernberg","tag-staedtische-galerie-im-lenbachhaus"],"share_on_mastodon":{"url":"https:\/\/pubeurope.com\/@de\/116168617253200662","error":""},"_links":{"self":[{"href":"https:\/\/www.europesays.com\/de\/wp-json\/wp\/v2\/posts\/841437","targetHints":{"allow":["GET"]}}],"collection":[{"href":"https:\/\/www.europesays.com\/de\/wp-json\/wp\/v2\/posts"}],"about":[{"href":"https:\/\/www.europesays.com\/de\/wp-json\/wp\/v2\/types\/post"}],"author":[{"embeddable":true,"href":"https:\/\/www.europesays.com\/de\/wp-json\/wp\/v2\/users\/2"}],"replies":[{"embeddable":true,"href":"https:\/\/www.europesays.com\/de\/wp-json\/wp\/v2\/comments?post=841437"}],"version-history":[{"count":0,"href":"https:\/\/www.europesays.com\/de\/wp-json\/wp\/v2\/posts\/841437\/revisions"}],"wp:featuredmedia":[{"embeddable":true,"href":"https:\/\/www.europesays.com\/de\/wp-json\/wp\/v2\/media\/841438"}],"wp:attachment":[{"href":"https:\/\/www.europesays.com\/de\/wp-json\/wp\/v2\/media?parent=841437"}],"wp:term":[{"taxonomy":"category","embeddable":true,"href":"https:\/\/www.europesays.com\/de\/wp-json\/wp\/v2\/categories?post=841437"},{"taxonomy":"post_tag","embeddable":true,"href":"https:\/\/www.europesays.com\/de\/wp-json\/wp\/v2\/tags?post=841437"}],"curies":[{"name":"wp","href":"https:\/\/api.w.org\/{rel}","templated":true}]}}