{"id":841864,"date":"2026-03-04T06:49:14","date_gmt":"2026-03-04T06:49:14","guid":{"rendered":"https:\/\/www.europesays.com\/de\/841864\/"},"modified":"2026-03-04T06:49:14","modified_gmt":"2026-03-04T06:49:14","slug":"fluege-am-flughafen-muenchen-fallen-wegen-angriffen-aus-2","status":"publish","type":"post","link":"https:\/\/www.europesays.com\/de\/841864\/","title":{"rendered":"Fl\u00fcge am Flughafen M\u00fcnchen fallen wegen Angriffen aus"},"content":{"rendered":"<p class=\"mb-6 text-xs md:text-m lg:text-l font-serif group-[.font-sans]:font-sans \">\n    Die <a href=\"https:\/\/www.augsburger-allgemeine.de\/politik\/israel-und-usa-greifen-iran-an-news-im-live-ticker-113333077\" target=\"_self\" class=\"underline \" rel=\"nofollow noopener\">eskalierte Gewalt zwischen den USA, Israel und dem Iran<\/a> hat Auswirkungen auf den Flugverkehr. So sind nicht nur die Luftr\u00e4ume Israels und des Irans f\u00fcr den zivilen Luftverkehr gesperrt, sondern auch die zahlreicher anderer L\u00e4nder in der Region, darunter der Irak, Katar, Bahrain, Kuwait und die Vereinigten Arabischen Emirate.\n  <\/p>\n<p>            Eskalation im Nahen Osten: L\u00e4nder sperren Luftr\u00e4ume, Fl\u00fcge ab M\u00fcnchen fallen weg<\/p>\n<p class=\"mb-6 text-xs md:text-m lg:text-l font-serif group-[.font-sans]:font-sans \">\n    Da die Sperrungen einige Drehkreuze des internationalen Flugverkehrs betreffen, sind die Auswirkungen auch am <a href=\"https:\/\/www.augsburger-allgemeine.de\/organisationen\/aa-flughafen-muenchen\" target=\"_self\" class=\"underline \" rel=\"nofollow noopener\">Flughafen M\u00fcnchen<\/a> zu sp\u00fcren. <a href=\"https:\/\/www.augsburger-allgemeine.de\/bayern\/lufthansa-aenderung-keine-buchungs-und-ticketnummern-mehr-03-03-113137481\" target=\"_self\" class=\"underline \" rel=\"nofollow noopener\">Die Lufthansa<\/a> hat bereits \u00fcber Streichungen bis zum 7. M\u00e4rz informiert, zahlreiche Airlines verfahren \u00e4hnlich. Ein \u00dcberblick.\n  <\/p>\n<p>      <a href=\"https:\/\/www.augsburger-allgemeine.de\/politik\/kommentar-im-iran-erledigen-die-usa-und-israel-nun-die-drecksarbeit-fuer-den-westen-113611344\" class=\"hidden  &#010;                md:block md:mr-5 md:min-w-[140px]  aspect-photo md:aspect-tv lg:aspect-tv w-fullXXX relative self-start inline overflow-hidden\" rel=\"nofollow noopener\" target=\"_blank\"><\/p>\n<p>    <img decoding=\"async\" src=\"\" alt=\"US-Pr\u00e4sident Donald Trump und der israelische Ministerpr\u00e4sident Benjamin Netanjahu sind enge Verb\u00fcndete. Auch im Iran kooperieren sie jetzt.\" title=\"US-Pr\u00e4sident Donald Trump und der israelische Ministerpr\u00e4sident Benjamin Netanjahu sind enge Verb\u00fcndete. Auch im Iran kooperieren sie jetzt.\" loading=\"lazy\" class=\"h-full w-full object-cover\"\/><br \/>\n   <\/a><\/p>\n<p class=\"mb-6 text-xs md:text-m lg:text-l font-serif group-[.font-sans]:font-sans \">\n    <a href=\"https:\/\/www.augsburger-allgemeine.de\/bayern\/flughafen-muenchen-startet-winterflugplan-2025-26-das-sind-die-neuen-highlights-112651659\" target=\"_self\" class=\"underline \" rel=\"nofollow noopener\">Im Normalfall<\/a> starten vom Flughafen M\u00fcnchen aus zahlreiche Fl\u00fcge in die betroffene Region, bzw. kommen von dort an. Mindestens zu den im Folgenden aufgelisteten Destinationen d\u00fcrften die Verbindungen vorerst fraglich sein.\n  <\/p>\n<p>            Globaler Flugverkehr beeintr\u00e4chtigt: Diese Verbindungen am Flughafen M\u00fcnchen entfallen<\/p>\n<p class=\"mb-6 text-xs md:text-m lg:text-l font-serif group-[.font-sans]:font-sans \">\n    Es empfiehlt sich allerdings in jedem Fall, beim Flughafen oder den Fluggesellschaften nachzufragen, falls Reisen geplant sind \u2013 auch in Nachbarl\u00e4nder der beteiligten Staaten. Au\u00dferdem sollten die Reisewarnungen des Ausw\u00e4rtigen Amts ber\u00fccksichtigt werden.\n  <\/p>\n<ul rel=\"\" class=\"[&amp;&gt;li]:relative list-none  [&amp;&gt;li]:pl-[1.2em] [&amp;&gt;li]:marker:text-[0] [&amp;&gt;li]:relative [&amp;&gt;li]:before:absolute [&amp;&gt;li]:before:w-3 [&amp;&gt;li]:before:h-3 [&amp;&gt;li]:before:bg-brand [&amp;&gt;li]:before:left-0 [&amp;&gt;li]:before:top-[8px] [&amp;&gt;li]:before:rounded-full  my-5\">\n<li class=\" mb-3 text-xs md:text-m lg:text-l\">Amman (Jordanien): Ab dem 27. M\u00e4rz w\u00e4ren Fl\u00fcge der Royal Jordanian Airlines geplant \u2013 inwieweit die Auswirkungen bis dahin anhalten, ist noch ungewiss.<\/li>\n<li class=\" mb-3 text-xs md:text-m lg:text-l\">Abu Dhabi (VAE): Normalerweise verkehren Etihad, Lufthansa, SAS und andere Airlines von M\u00fcnchen aus in die Hauptstadt der Vereinigten Arabischen Emirate. Doch die meisten Fl\u00fcge sind derzeit und bis auf Weiteres gestrichen.<\/li>\n<li class=\" mb-3 text-xs md:text-m lg:text-l\">Bahrain (Bahrain): Gulf Air fliegt den Airport von M\u00fcnchen aus an. Doch derzeit entfallen alle Fl\u00fcge.<\/li>\n<li class=\" mb-3 text-xs md:text-m lg:text-l\">Doha (Katar): Die zumeist jeweils zwei Fl\u00fcge t\u00e4glich in beide Richtungen von Qatar Airways d\u00fcrften bis auf Weiteres entfallen.<\/li>\n<li class=\" mb-3 text-xs md:text-m lg:text-l\">Dubai (VAE): Die Airlines Emirates und Lufthansa bringen Touristen und Gesch\u00e4ftsreisende normalerweise auch nach Dubai. Die Fl\u00fcge entfallen nun aber mindestens teilweise.<\/li>\n<li class=\" mb-3 text-xs md:text-m lg:text-l\">Erbil (Irak): Mit Zwischenstopp verkehrt Turkish Airlines gelegentlich zwischen M\u00fcnchen und Erbil. Der n\u00e4chste Flug w\u00e4re erst f\u00fcr den 9. M\u00e4rz geplant.<\/li>\n<li class=\" mb-3 text-xs md:text-m lg:text-l\">Larnaka (Zypern): Unter anderem Lufthansa fliegt den wichtigsten Airport der Ferieninsel Zypern von M\u00fcnchen aus an. Doch die Fl\u00fcge sind bis auf Weiteres gestrichen.<\/li>\n<li class=\" mb-3 text-xs md:text-m lg:text-l\">Maskat (Oman): T\u00e4glich verkehren auf dieser Strecke Maschinen von Oman Air, aktuell sind die Fl\u00fcge laut Homepage des Flughafen M\u00fcnchens noch geplant. Medienberichten aus der Region nach war der Flughafen am Samstag zwischenzeitlich gesperrt. Zudem geh\u00f6rt Oman auch zu den L\u00e4ndern, f\u00fcr die Reisewarnungen ausgesprochen wurden.<\/li>\n<li class=\" mb-3 text-xs md:text-m lg:text-l\">Tel Aviv (Israel): Normalerweise verkehren Flugzeuge der Lufthansa, von EL Al, Israir und Bluebird Airways auf dieser Strecke.<\/li>\n<li class=\" mb-3 text-xs md:text-m lg:text-l\">Sharjah (VAE): Normalerweise gibt es Fl\u00fcge von Air Arabia in das Emirat. Doch diese sind derzeit alle gestrichen.<\/li>\n<\/ul>\n<p class=\"mb-6 text-xs md:text-m lg:text-l font-serif group-[.font-sans]:font-sans \">\n    (Mit Informationen der dpa.)\n  <\/p>\n<ul data-module-id=\"DragDropModule\" class=\"flex flex-wrap justify-start group-[.no-bookmarks]:hidden\">\n<li class=\"mb-3 mr-3\">\n    Thomas Jensen<\/p>\n<p>      Icon Haken im Kreis gesetzt<\/p>\n<p>      Icon Plus im Kreis<\/p>\n<\/li>\n<li class=\"mb-3 mr-3\">\n    Flughafen M\u00fcnchen<\/p>\n<p>      Icon Haken im Kreis gesetzt<\/p>\n<p>      Icon Plus im Kreis<\/p>\n<\/li>\n<li class=\"mb-3 mr-3\">\n    Luftraum<\/p>\n<p>      Icon Haken im Kreis gesetzt<\/p>\n<p>      Icon Plus im Kreis<\/p>\n<\/li>\n<\/ul>\n","protected":false},"excerpt":{"rendered":"Die eskalierte Gewalt zwischen den USA, Israel und dem Iran hat Auswirkungen auf den Flugverkehr. So sind nicht&hellip;\n","protected":false},"author":2,"featured_media":832265,"comment_status":"","ping_status":"","sticky":false,"template":"","format":"standard","meta":{"footnotes":"","_share_on_mastodon":"0"},"categories":[1827],"tags":[772,29,7264,10250,10647,844,30,1016,345,579,28364,1268,64],"class_list":["post-841864","post","type-post","status-publish","format-standard","has-post-thumbnail","category-muenchen","tag-bayern","tag-deutschland","tag-doha","tag-dubai","tag-flughafen-muenchen","tag-flugverkehr","tag-germany","tag-irak","tag-iran","tag-katar","tag-luftraum","tag-muenchen","tag-usa"],"share_on_mastodon":{"url":"https:\/\/pubeurope.com\/@de\/116169576748810006","error":""},"_links":{"self":[{"href":"https:\/\/www.europesays.com\/de\/wp-json\/wp\/v2\/posts\/841864","targetHints":{"allow":["GET"]}}],"collection":[{"href":"https:\/\/www.europesays.com\/de\/wp-json\/wp\/v2\/posts"}],"about":[{"href":"https:\/\/www.europesays.com\/de\/wp-json\/wp\/v2\/types\/post"}],"author":[{"embeddable":true,"href":"https:\/\/www.europesays.com\/de\/wp-json\/wp\/v2\/users\/2"}],"replies":[{"embeddable":true,"href":"https:\/\/www.europesays.com\/de\/wp-json\/wp\/v2\/comments?post=841864"}],"version-history":[{"count":0,"href":"https:\/\/www.europesays.com\/de\/wp-json\/wp\/v2\/posts\/841864\/revisions"}],"wp:featuredmedia":[{"embeddable":true,"href":"https:\/\/www.europesays.com\/de\/wp-json\/wp\/v2\/media\/832265"}],"wp:attachment":[{"href":"https:\/\/www.europesays.com\/de\/wp-json\/wp\/v2\/media?parent=841864"}],"wp:term":[{"taxonomy":"category","embeddable":true,"href":"https:\/\/www.europesays.com\/de\/wp-json\/wp\/v2\/categories?post=841864"},{"taxonomy":"post_tag","embeddable":true,"href":"https:\/\/www.europesays.com\/de\/wp-json\/wp\/v2\/tags?post=841864"}],"curies":[{"name":"wp","href":"https:\/\/api.w.org\/{rel}","templated":true}]}}