{"id":841867,"date":"2026-03-04T06:51:17","date_gmt":"2026-03-04T06:51:17","guid":{"rendered":"https:\/\/www.europesays.com\/de\/841867\/"},"modified":"2026-03-04T06:51:17","modified_gmt":"2026-03-04T06:51:17","slug":"hamburgs-massregelvollzug-platzt-aus-allen-naehten","status":"publish","type":"post","link":"https:\/\/www.europesays.com\/de\/841867\/","title":{"rendered":"Hamburgs Ma\u00dfregelvollzug platzt aus allen N\u00e4hten"},"content":{"rendered":"<p _ngcontent-sc113=\"\"> 04. M\u00e4rz 2026 \u2013 Isabell W\u00fcppenhorst <\/p>\n<p _ngcontent-sc113=\"\">Psychisch kranke Straft\u00e4ter landen immer h\u00e4ufiger im Ma\u00dfregelvollzug. Doch in Hamburg gibt es keine freien Pl\u00e4tze mehr. Die CDU kritisiert die Unterbringung von Kranken im Untersuchungsgef\u00e4ngnis.<\/p>\n<p _ngcontent-sc85=\"\" align=\"false\">Der Hamburger Ma\u00dfregelvollzug f\u00fcr die Behandlung von psychisch kranken Straft\u00e4tern ist \u00fcberf\u00fcllt. Im Asklepios-Klinikum Nord in Ochsenzoll waren Anfang Februar 425 Patienten untergebracht, wie der Senat auf eine Kleine Anfrage des CDU-B\u00fcrgerschaftsabgeordneten Richard Seelmaecker mitteilte. Die Klinik verf\u00fcgt jedoch nur \u00fcber 375 Pl\u00e4tze. <\/p>\n<p _ngcontent-sc85=\"\" align=\"false\">56 Patienten waren beurlaubt. Weitere 17 vermutlich psychisch kranken Straft\u00e4ter befanden sich nach einer vorl\u00e4ufigen Unterbringungsanordnung im Zentralkrankenhaus des Hamburger Justizvollzugs. 18 Personen mit einstweiligem Unterbringungsbefehl sa\u00dfen Mitte Februar in der Untersuchungshaftanstalt ein, teilweise schon seit mehr als 200 Tagen. Damit befanden sich insgesamt 460 Menschen im Ma\u00dfregelvollzug. Vor drei Jahren waren es nach Angaben der Sozialbeh\u00f6rde noch 350 Patienten.<\/p>\n<p>Ausbau geplant<\/p>\n<p _ngcontent-sc85=\"\" align=\"false\">Nach den Worten von Seelmaecker platzt der Ma\u00dfregelvollzug aus allen N\u00e4hten. Er h\u00e4lt vor allem die Unterbringung im Untersuchungsgef\u00e4ngnis f\u00fcr einen unhaltbaren Zustand. Seelmaecker forderte Sozialsenatorin Melanie Schlotzhauer (SPD) auf, die Kapazit\u00e4ten erheblich auszuweiten. Die Anzahl psychisch kranker Straft\u00e4ter steige weiter rasant. &#8222;Das ist ein Pulverfass&#8220;, warnte der justizpolitische Sprecher der CDU-Fraktion. <\/p>\n<p _ngcontent-sc85=\"\" align=\"false\">Die Sozialbeh\u00f6rde plant nach eigenen Angaben bereits eine Kapazit\u00e4tserweiterung. Auf dem Gel\u00e4nde der Asklepios-Klinik Nord &#8211; Ochsenzoll sollen noch in diesem Fr\u00fchjahr 16 neue Pl\u00e4tze hinzukommen. Au\u00dferdem sei eine Bauvoranfrage f\u00fcr einen Neubau mit 80 Pl\u00e4tzen gestellt worden, teilte Beh\u00f6rdensprecher Wolfgang Arnhold mit. Bereits in den vergangenen Jahren waren die Klinik und die Station im Vollzugskrankenhaus ausgebaut worden. <\/p>\n<p _ngcontent-sc85=\"\" align=\"false\">Zugleich soll die Pr\u00e4vention verbessert werden. &#8222;Ziel ist es, forensische Krankheitsverl\u00e4ufe m\u00f6glichst zu vermeiden und damit Straftaten vorzubeugen&#8220;, erkl\u00e4rte Arnhold. Die Sozialbeh\u00f6rde arbeite am Aufbau niedrigschwelliger Versorgungsangebote. Diese sollen der Fr\u00fcherkennung und Behandlung schwer psychisch erkrankter Menschen dienen. <\/p>\n<p>Taten mit schlimmen Folgen<\/p>\n<p _ngcontent-sc85=\"\" align=\"false\">Mehrere spektakul\u00e4re Strafprozesse waren in den vergangenen Monaten mit der Einweisung der Beschuldigten in eine psychiatrische Klinik zu Ende gegangen. Am 26. Januar hatte eine Strafkammer die Unterbringung der Messerstecherin vom Hauptbahnhof angeordnet. Die 40-J\u00e4hrige hatte am 23. Mai vergangenen Jahres 15 Menschen auf einem Bahnsteig mit einem Messer verletzt. Insgesamt waren 21 Menschen zu Schaden gekommen. <\/p>\n<p _ngcontent-sc85=\"\" align=\"false\">Am 27. November hatte das Landgericht einen 73-j\u00e4hrigen Brandstifter eingewiesen. Der Beschuldigte hatte nach Feststellung des Gerichts in der Nacht zum 1. Juni 2025 einen Brand im Marienkrankenhaus gelegt, bei dem drei Menschen starben. Erst am vergangenen 24. Februar ordnete eine Strafkammer die Unterbringung eines 43-J\u00e4hrigen an, der seine getrennt lebende Ehefrau beinahe zu Tode w\u00fcrgte. Im Jahr 2024 wurden nach Angaben des Senats 76 psychisch kranke und f\u00fcr die Allgemeinheit gef\u00e4hrliche Menschen in den Ma\u00dfregelvollzug eingewiesen. Die Zahlen f\u00fcr 2025 liegen noch nicht vor.<\/p>\n<p>Weitere News On Air<\/p>\n<p _ngcontent-sc85=\"\" align=\"false\">Weitere Nachrichten aus Hamburg, Deutschland und der Welt h\u00f6rt ihr immer zur vollen Stunde bei uns im Programm. Holt euch einfach unsere <a _ngcontent-sc132=\"\" href=\"https:\/\/www.radiohamburg.de\/programm\/frequenzen\/Streamen-%C3%BCber-die-App-id388032.html\" rel=\"nofollow noopener\" target=\"_blank\">kostenlose App<\/a>, h\u00f6rt uns \u00fcber euren <a _ngcontent-sc132=\"\" href=\"https:\/\/www.radiohamburg.de\/programm\/frequenzen\/Alexa-spiele-Radio-Hamburg-id387722.html\" rel=\"nofollow noopener\" target=\"_blank\">Smartspeaker<\/a> oder schaltet mit einem Klick unten auf den Playbutton das Webradio ein. Zum Nachh\u00f6ren gibt&#8217;s das Ganze nat\u00fcrlich auch noch mal als <a _ngcontent-sc132=\"\" href=\"https:\/\/www.radiohamburg.de\/hoeren\/podcasts\/Radio-Hamburg-Nachrichten-id388455.html\" rel=\"nofollow noopener\" target=\"_blank\">Podcastangebot<\/a>.<\/p>\n<p><img decoding=\"async\" _ngcontent-sc129=\"\" class=\"\" src=\"https:\/\/www.europesays.com\/de\/wp-content\/uploads\/2025\/04\/app.jpg\" alt=\"App, App Store, iOS, Play Store, Google\" title=\"App, App Store, iOS, Play Store, Google\"\/><\/p>\n<p>Foto: Bloomicon \/ Shutterstock.com<\/p>\n<p> F\u00fcr iOS &amp; Android <\/p>\n<p>Holt euch die kostenlose Radio Hamburg App<\/p>\n<p _ngcontent-sc85=\"\" align=\"false\">H\u00f6rt uns an jedem Ort auf der Welt in bester Qualit\u00e4t &amp; st\u00f6rungsfrei \u00fcber unsere kostenlose App. Holt sie euch jetzt f\u00fcr Android oder iOS.<\/p>\n","protected":false},"excerpt":{"rendered":"04. M\u00e4rz 2026 \u2013 Isabell W\u00fcppenhorst Psychisch kranke Straft\u00e4ter landen immer h\u00e4ufiger im Ma\u00dfregelvollzug. Doch in Hamburg gibt&hellip;\n","protected":false},"author":2,"featured_media":655321,"comment_status":"","ping_status":"","sticky":false,"template":"","format":"standard","meta":{"footnotes":"","_share_on_mastodon":"0"},"categories":[1826],"tags":[81368,29,30,692,187547,187545,121875,40848,187546],"class_list":["post-841867","post","type-post","status-publish","format-standard","has-post-thumbnail","category-hamburg","tag-cdu-hamburg","tag-deutschland","tag-germany","tag-hamburg","tag-hamburger-straftaeter","tag-hamburgs-massregelvollzug","tag-politik-hamburg","tag-straftaeter","tag-untersuchungsgefaengnis"],"share_on_mastodon":{"url":"https:\/\/pubeurope.com\/@de\/116169584548329216","error":""},"_links":{"self":[{"href":"https:\/\/www.europesays.com\/de\/wp-json\/wp\/v2\/posts\/841867","targetHints":{"allow":["GET"]}}],"collection":[{"href":"https:\/\/www.europesays.com\/de\/wp-json\/wp\/v2\/posts"}],"about":[{"href":"https:\/\/www.europesays.com\/de\/wp-json\/wp\/v2\/types\/post"}],"author":[{"embeddable":true,"href":"https:\/\/www.europesays.com\/de\/wp-json\/wp\/v2\/users\/2"}],"replies":[{"embeddable":true,"href":"https:\/\/www.europesays.com\/de\/wp-json\/wp\/v2\/comments?post=841867"}],"version-history":[{"count":0,"href":"https:\/\/www.europesays.com\/de\/wp-json\/wp\/v2\/posts\/841867\/revisions"}],"wp:featuredmedia":[{"embeddable":true,"href":"https:\/\/www.europesays.com\/de\/wp-json\/wp\/v2\/media\/655321"}],"wp:attachment":[{"href":"https:\/\/www.europesays.com\/de\/wp-json\/wp\/v2\/media?parent=841867"}],"wp:term":[{"taxonomy":"category","embeddable":true,"href":"https:\/\/www.europesays.com\/de\/wp-json\/wp\/v2\/categories?post=841867"},{"taxonomy":"post_tag","embeddable":true,"href":"https:\/\/www.europesays.com\/de\/wp-json\/wp\/v2\/tags?post=841867"}],"curies":[{"name":"wp","href":"https:\/\/api.w.org\/{rel}","templated":true}]}}