{"id":842001,"date":"2026-03-04T08:07:21","date_gmt":"2026-03-04T08:07:21","guid":{"rendered":"https:\/\/www.europesays.com\/de\/842001\/"},"modified":"2026-03-04T08:07:21","modified_gmt":"2026-03-04T08:07:21","slug":"so-koennte-der-1-fc-koeln-mit-den-sechs-leihspielern-planen","status":"publish","type":"post","link":"https:\/\/www.europesays.com\/de\/842001\/","title":{"rendered":"So k\u00f6nnte der 1. FC K\u00f6ln mit den sechs Leihspielern planen"},"content":{"rendered":"<p>Nach der 0:2-Niederlage beim FC Augsburg ist der 1. FC K\u00f6ln auch durch die Ergebnisse der Konkurrenten endg\u00fcltig in den Abstiegskampf gerutscht. Trotz der schwierigen Tabellensituation haben im Hintergrund bereits die Planungen f\u00fcr die kommende Spielzeit begonnen. So k\u00f6nnte der 1. FC K\u00f6ln mit den sechs Leihspielern planen.<\/p>\n<p>Zehn Begegnungen bleiben den Gei\u00dfb\u00f6cken noch, um das Ziel des Klassenerhalts zu erreichen. Zehn Spieltage, die wohl je nach Ausgang auch \u00fcber den Verbleib des ein oder anderen Leihspielers entscheiden k\u00f6nnten. Denn die Ligazugeh\u00f6rigkeit wird bei den Vertragsverhandlungen kein unwichtiger Aspekt sein.<\/p>\n<p><a href=\"https:\/\/www.europesays.com\/de\/wp-content\/uploads\/2026\/03\/1-fc-koeln-tom-krauss.jpg\"><img loading=\"lazy\" decoding=\"async\" width=\"1601\" height=\"1200\" data-id=\"69458\" src=\"https:\/\/www.europesays.com\/de\/wp-content\/uploads\/2026\/03\/1-fc-koeln-tom-krauss.jpg\" alt=\"Tom Krau\u00df nach dem Spiel gegen Mainz\" class=\"wp-image-69458\"  \/><\/a>Tom Krau\u00df nach dem Spiel gegen Mainz<\/p>\n<p>Wir wollen weiter wachsen. Folgt uns auf\u00a0<a href=\"https:\/\/www.instagram.com\/comeonfccom\/\" rel=\"nofollow noopener\" target=\"_blank\">Instagram<\/a>\u00a0und\u00a0<a href=\"http:\/\/www.facebook.com\/comeonfccom\" rel=\"nofollow noopener\" target=\"_blank\">Facebook<\/a>. Unter den ersten 5000 Instagram Followern verlost come-on-fc.com einen Gutschein im Wert von 50 Euro f\u00fcr den FC Fanshop. ** Zu den\u00a0<a href=\"https:\/\/come-on-fc.com\/datenschutzerklaerung\/\" rel=\"nofollow noopener\" target=\"_blank\">Teilnahmebedingungen<\/a> und <a href=\"https:\/\/come-on-fc.com\/\" rel=\"nofollow noopener\" target=\"_blank\">come-on-fc.com<\/a>.<\/p>\n<p><img decoding=\"async\" style=\"width: 15px;\" src=\"https:\/\/www.europesays.com\/de\/wp-content\/uploads\/2025\/04\/whatsapp-logo.webp.webp\" alt=\"\"\/>\u00a0Ihr wollt immer aktuell informiert sein? Folgt dem <a href=\"https:\/\/whatsapp.com\/channel\/0029VaCxFqM8vd1GzNMmCM2w\" rel=\"nofollow noopener\" target=\"_blank\">WhatsApp-Kanal von come-on-fc.com<\/a>.<\/p>\n<p> <img loading=\"lazy\" decoding=\"async\" src=\"https:\/\/www.europesays.com\/de\/wp-content\/uploads\/2026\/03\/3cf0e2a9de2c457694244e81040fcd66.gif\" width=\"1\" height=\"1\" alt=\"\"\/>Teil\u2019 diesen Beitrag mit deinen Freunden:<\/p>\n<p>Der 1. FC K\u00f6ln befindet sich in einer gef\u00e4hrlichen Situation. In den kommenden Wochen ben\u00f6tigt das Team von Trainer Lukas Kwasniok dringend Punkte, um am Ende die Spielklasse zu halten. Ob der FC in der Liga bleibt oder doch den Gang in nach unten antreten muss, beeinflusst auch die Kaderplanung f\u00fcr die n\u00e4chste Saison.<\/p>\n<p>Bei Klassenerhalt folgt die feste Verpflichtung<\/p>\n<p><strong>Jakub Kaminski:<\/strong> Der vom VfL Wolfsburg ausgeliehene Offensivspieler ist der Top-Transfer der K\u00f6lner. Kaminski ist unter Kwasniok gesetzt, stand nur in vier Pflichtspielen nicht \u00fcber die volle Zeit auf dem Platz und verbuchte f\u00fcnf Tore sowie zwei Vorlagen auf seinem Konto. Die gr\u00f6\u00dften St\u00e4rken des Polen liegen in seiner Polyvalenz, der Laufbereitschaft und seinem unerm\u00fcdlichen Willen. Der FC besitzt f\u00fcr den 23-J\u00e4hrigen eine Kaufoption, deren Abl\u00f6se bei 5,5 Millionen Euro liegt. Dann h\u00e4tte der Rechtsfu\u00df einen Vertrag bis 2029 am Gei\u00dfbockheim. Bleiben die K\u00f6lner in der Bundesliga, wird der 23-J\u00e4hrige auch in der kommenden Saison beim FC spielen. Allerdings soll es bei einer festen Verpflichtung eine Ausstiegsklausel im Vertrag geben.<\/p>\n<p><strong>Tom Krau\u00df:<\/strong> Der Mittelfeldspieler entwickelte sich im neuen Jahr zur unangefochtenen Stammkraft. Krau\u00df zeichnet sich durch seine Intensit\u00e4t, sein Laufpensum und seine \u00dcbersicht aus. Der FC besitzt auch beim geb\u00fcrtigen Leipziger eine Kaufoption, die sich im Falle des Klassenerhalts und bei einer gewissen Anzahl an Spielen in eine Kaufpflicht umwandelt. Dieser Teil ist bereits erreicht. Dann m\u00fcssten die K\u00f6lner zwischen 3,5 und vier Millionen Euro an Mainz \u00fcberweisen. Im Falle des Ligaverbleibs wird der Rechtsfu\u00df auch n\u00e4chstes Jahr eine wichtige Rolle einnehmen. Bei einem Abstieg k\u00f6nnten die Verantwortlichen Krau\u00df dennoch fest verpflichten und um ihn herum die neue Mannschaft aufbauen, sofern die K\u00f6lner die finanziellen M\u00f6glichkeiten haben und der Mittelfeldspieler bereit ist, mit ins Unterhaus zu gehen sowie Mainz einverstanden ist.<\/p>\n<p>Mehrere M\u00f6glichkeiten in der Abwehr<\/p>\n<p><strong>Kristoffer Lund: <\/strong>Der US-Amerikaner ist auf der linken Schienenposition ohne Konkurrenz und absolvierte 25 der 26 m\u00f6glichen Pflichtspiele. Zwar zeigt der 23-J\u00e4hrige gr\u00f6\u00dftenteils ordentliche Leistungen, allerdings schleichen sich auch immer wieder Fehler ins Spiel des Verteidigers ein, die auch schon zu einigen Gegentreffern f\u00fchrten. Trotzdem bleibt die M\u00f6glichkeit, die Kaufoption in H\u00f6he von zwei Millionen Euro ziehen und Lund fest von Palermo nach K\u00f6ln holen. Ob der FC den Schritt geht, ist offen.<\/p>\n<p><strong>Jahmai Simpson-Pusey: <\/strong>Der 20-J\u00e4hrige, der im Winter per Leihe von Manchester City nach K\u00f6ln gewechselt war, zeigte bereits, dass er mit seinem Spielaufbau, seinem Stellungsspiel und Zweikampfverhalten die K\u00f6lner Defensive verst\u00e4rkt. Der FC kann den jungen Engl\u00e4nder f\u00fcr eine hohe einstellige Millionensumme fest verpflichten und sollte auch alles daf\u00fcr tun. Allerdings ist fraglich, ob die Gei\u00dfb\u00f6cke dies stemmen k\u00f6nnen. Ohne einen gro\u00dfen Verkauf w\u00fcrde dann das Geld fehlen. In diesem Fall sollte der FC probieren, die Leihe zu verl\u00e4ngern oder die Abl\u00f6se zu dr\u00fccken. Bei einem Abstieg ist eine Weiterbesch\u00e4ftigung des Innenverteidigers ausgeschlossen. Zudem verf\u00fcgen die \u201eSky Blues\u201c \u00fcber eine R\u00fcckkauf-Option.<\/p>\n<p><strong>Cenk \u00d6zkacar: <\/strong>Pendelte der T\u00fcrke in weiten Teilen der Saison noch zwischen Bank und Spielfeld, stand der Verteidiger in den vergangenen f\u00fcnf Spielen in der Startformation. \u00d6zkacar zeigte bei seinen Eins\u00e4tzen zuletzt gute Leistungen. Eine Verpflichtung ist dennoch nicht sicher. Tats\u00e4chlich haben die K\u00f6lner mit Julian Pauli und Elias Bakatukande junge Innenverteidiger unter Vertrag, die aktuell Spielpraxis sammeln und noch einiges an Potenzial besitzen.<\/p>\n<p>Wie geht es weiter mit Felipe Ch\u00e1vez?<\/p>\n<p><strong>Felipe Ch\u00e1vez:<\/strong> Der junge Peruaner kam seit seinem Wechsel nach K\u00f6ln bislang auf lediglich 14 Spielminuten. Allerdings betonte Kwasniok, dass Ch\u00e1vez dem FC im Laufe der R\u00fcckrunde noch weiterhelfen k\u00f6nne und man wisse, welche Qualit\u00e4ten der 18-J\u00e4hrige besitzt. Im Leihgesch\u00e4ft mit den Bayern haben sich die K\u00f6lner eine Kaufoption in H\u00f6he von 4,5 Millionen Euro gesichert, die jedoch auch eine R\u00fcckkaufoption f\u00fcr den deutschen Rekordmeister beinhaltet. F\u00fcr einen Spieler mit wenig Erfahrung im Profifu\u00dfball ist die Abl\u00f6se schon sehr hoch. Kann der Mittelfeldspieler in den kommenden Wochen Spielanteile sammeln und dabei \u00fcberzeugen, k\u00f6nnte es dennoch ein gutes Invest f\u00fcr die Zukunft sein. Eine weitere Option w\u00e4re eine m\u00f6gliche Ausweitung der Leihe.<\/p>\n<p><script async src=\"\/\/www.instagram.com\/embed.js\"><\/script><\/p>\n","protected":false},"excerpt":{"rendered":"Nach der 0:2-Niederlage beim FC Augsburg ist der 1. FC K\u00f6ln auch durch die Ergebnisse der Konkurrenten endg\u00fcltig&hellip;\n","protected":false},"author":2,"featured_media":842002,"comment_status":"","ping_status":"","sticky":false,"template":"","format":"standard","meta":{"footnotes":"","_share_on_mastodon":"0"},"categories":[1828],"tags":[623,25651,31337,30908,30909,187581,29,25655,7579,25656,30,1420,1209],"class_list":["post-842001","post","type-post","status-publish","format-standard","has-post-thumbnail","category-koeln","tag-1-fc-koeln","tag-1-fc-koeln-kader","tag-1-fc-koeln-leihspieler","tag-1-fc-koeln-nachrichten","tag-1-fc-koeln-news","tag-1-fc-koeln-vertraege","tag-deutschland","tag-effzeh","tag-fc","tag-fc-koeln","tag-germany","tag-koeln","tag-nordrhein-westfalen"],"share_on_mastodon":{"url":"https:\/\/pubeurope.com\/@de\/116169883614642768","error":""},"_links":{"self":[{"href":"https:\/\/www.europesays.com\/de\/wp-json\/wp\/v2\/posts\/842001","targetHints":{"allow":["GET"]}}],"collection":[{"href":"https:\/\/www.europesays.com\/de\/wp-json\/wp\/v2\/posts"}],"about":[{"href":"https:\/\/www.europesays.com\/de\/wp-json\/wp\/v2\/types\/post"}],"author":[{"embeddable":true,"href":"https:\/\/www.europesays.com\/de\/wp-json\/wp\/v2\/users\/2"}],"replies":[{"embeddable":true,"href":"https:\/\/www.europesays.com\/de\/wp-json\/wp\/v2\/comments?post=842001"}],"version-history":[{"count":0,"href":"https:\/\/www.europesays.com\/de\/wp-json\/wp\/v2\/posts\/842001\/revisions"}],"wp:featuredmedia":[{"embeddable":true,"href":"https:\/\/www.europesays.com\/de\/wp-json\/wp\/v2\/media\/842002"}],"wp:attachment":[{"href":"https:\/\/www.europesays.com\/de\/wp-json\/wp\/v2\/media?parent=842001"}],"wp:term":[{"taxonomy":"category","embeddable":true,"href":"https:\/\/www.europesays.com\/de\/wp-json\/wp\/v2\/categories?post=842001"},{"taxonomy":"post_tag","embeddable":true,"href":"https:\/\/www.europesays.com\/de\/wp-json\/wp\/v2\/tags?post=842001"}],"curies":[{"name":"wp","href":"https:\/\/api.w.org\/{rel}","templated":true}]}}