{"id":842180,"date":"2026-03-04T09:49:15","date_gmt":"2026-03-04T09:49:15","guid":{"rendered":"https:\/\/www.europesays.com\/de\/842180\/"},"modified":"2026-03-04T09:49:15","modified_gmt":"2026-03-04T09:49:15","slug":"nachfolge-des-ajatollahs-im-iran-berichte-expertenrat-waehlt-chamenei-sohn-zum-neuen-fuehrer","status":"publish","type":"post","link":"https:\/\/www.europesays.com\/de\/842180\/","title":{"rendered":"Nachfolge des Ajatollahs im Iran: Berichte: Expertenrat w\u00e4hlt Chamenei-Sohn zum neuen F\u00fchrer"},"content":{"rendered":"<p>Nachfolge des Ajatollahs im IranBerichte: Expertenrat w\u00e4hlt Chamenei-Sohn zum neuen F\u00fchrer<\/p>\n<p>04.03.2026, 06:47 Uhr <\/p>\n<p>Artikel anh\u00f6ren(03:07 min)<\/p>\n<p><img decoding=\"async\" class=\"Image_img__fQCi0 Image_Img_16_9__4BLfH widget-picture-inline_maximizable__t_E7h\" loading=\"eager\" fetchpriority=\"high\" src=\"https:\/\/www.europesays.com\/de\/wp-content\/uploads\/2026\/03\/Mojtaba-Khamenei-the-second-son-of-Iran-s-Supreme-Leader-Ayatollah-Ali-Khamenei-visits-Hezbollah-s-o.webp\" alt=\"Mojtaba-Khamenei-the-second-son-of-Iran-s-Supreme-Leader-Ayatollah-Ali-Khamenei-visits-Hezbollah-s-office-in-Tehran-Iran-October-1-2024-Office-of-the-Iranian-Supreme-Leader-WANA-West-Asia-News-Agency-Handout-via-REUTERS-ATTENTION-EDITORS-THIS-PICTURE-WAS-PROVIDED-BY-A-THIRD-PARTY\"\/>Modschtaba Chamenei ist bislang nur selten \u00f6ffentlich aufgetreten. (Foto: via REUTERS)TeilenFolgen auf:<a href=\"https:\/\/www.whatsapp.com\/channel\/0029Va5cdVJD8SDp5YZgYF01\" title=\"Auf WhatsApp folgen\" target=\"_blank\" rel=\"nofollow noopener\"><img decoding=\"async\" src=\"https:\/\/www.n-tv.de\/socialIcons\/whatsapp.svg\" alt=\"whatsapp\" class=\"ArticleShare_icon__FsrC2\"\/><\/a><a href=\"https:\/\/news.google.com\/publications\/CAAiEPMdif5mpRNxiLOeUpHCwwsqFAgKIhDzHYn-ZqUTcYiznlKRwsML?hl=de&amp;gl=DE&amp;ceid=DE%3Ade\" title=\"Auf Google News folgen\" target=\"_blank\" rel=\"nofollow noopener\"><img decoding=\"async\" src=\"https:\/\/www.n-tv.de\/socialIcons\/google.svg\" alt=\"whatsapp\" class=\"ArticleShare_icon__FsrC2\"\/><\/a><\/p>\n<p class=\"Typography_text-m__XI0da Typography_weight-bold__uT6mq storyline_lead_text_leadtext__q_wg8\">Nach dem Tod von Ajatollah Ali Chamenei steht der Iran ohne obersten F\u00fchrer da. Als der sogenannte Expertenrat aus Dutzenden Geistlichen zur Nachfolge tagt, wird ein Geb\u00e4ude des Rates angegriffen. Trotzdem ist wohl eine Entscheidung gefallen.<\/p>\n<p class=\"Typography_text-default__P3otY Typography_weight-normal__pqUbH storyline_paragraph_p__qSR5N\">Der iranische Expertenrat hat Medienberichten zufolge den Sohn des get\u00f6teten Ajatollahs Ali Chamenei, Modschtaba Chamenei, zum neuen obersten F\u00fchrer des Landes gew\u00e4hlt. Wie das iranische Exilmedium &#8222;Iran International&#8220; berichtet, geschah dies unter dem Druck der einflussreichen Revolutionsgarden des Landes. Auch die israelische Zeitung &#8222;Haaretz&#8220; meldete die Ernennung Modschtabas. Eine offizielle Best\u00e4tigung von iranischer Seite gibt es bisher noch nicht.<\/p>\n<p class=\"Typography_text-default__P3otY Typography_weight-normal__pqUbH storyline_paragraph_p__qSR5N\">In den vergangenen Jahren wurde Chamenei-Sohn Modschtaba immer wieder als m\u00f6glicher Nachfolger seines Vaters genannt, er ist jedoch wenig in der \u00d6ffentlichkeit aufgetreten. <\/p>\n<p class=\"Typography_text-default__P3otY Typography_weight-normal__pqUbH storyline_paragraph_p__qSR5N\">Israels Verteidigungsminister Israel Katz hat unterdessen angek\u00fcndigt, jeder m\u00f6gliche Nachfolger Chameneis w\u00fcrde ebenfalls get\u00f6tet. &#8222;Jeder Anf\u00fchrer, der vom iranischen Terrorregime ausgew\u00e4hlt wurde, um den Plan zur Zerst\u00f6rung Israels weiter anzuf\u00fchren, die USA, die freie Welt und die L\u00e4nder in der Region zu bedrohen sowie das iranische Volk zu unterdr\u00fccken, wird mit Sicherheit zu einem zur T\u00f6tung freigegebenen Ziel, egal wie er hei\u00dft oder wo er sich versteckt&#8220;, schrieb Katz im Onlinedienst X.<\/p>\n<p class=\"Typography_text-default__P3otY Typography_weight-normal__pqUbH storyline_paragraph_p__qSR5N\">++ Alle aktuellen Entwicklungen zum Krieg in Nahost finden Sie im <a class=\"inline_link\" href=\"https:\/\/www.n-tv.de\/politik\/06-29-Ministerin-Prien-fuehlt-gewisse-Erleichterung-und-stellt-Forderung-id30415311.html\" target=\"_blank\" rel=\"nofollow noopener\">Liveticker<\/a> ++<\/p>\n<p class=\"Typography_text-default__P3otY Typography_weight-normal__pqUbH storyline_paragraph_p__qSR5N\">F\u00fcr die Wahl des Staatsoberhaupts ist im Iran ein Gremium aus 88 einflussreichen Geistlichen zust\u00e4ndig. Zuletzt hie\u00df es, dass bis zur Wahl ein dreik\u00f6pfiger Rat die Aufgaben des get\u00f6teten Ajatollahs \u00fcbernehmen soll. Diese Rolle f\u00e4llt laut offiziellen Angaben Pr\u00e4sident Massud Peseschkian, Justizchef Gholam-Hussein Mohseni-Edschehi sowie dem Mitglied des W\u00e4chterrats, \u2060Alireza \u2060Arafi, zu.<\/p>\n<p class=\"Typography_text-default__P3otY Typography_weight-normal__pqUbH storyline_paragraph_p__qSR5N\">Staatsoberhaupt und Religionsf\u00fchrer Chamenei war am Samstag bei einem israelischen Angriff get\u00f6tet worden. Am Dienstag gab es Berichte dar\u00fcber, dass das Geb\u00e4ude des Expertenrats bei einem Angriff in der Stadt Ghom getroffen und schwer besch\u00e4digt worden sei. Es gab allerdings widerspr\u00fcchliche Angaben aus Israel und dem Iran zu der Frage, ob dort zum Zeitpunkt des Angriffs gerade ein Gremium iranischer Geistlicher tagte, das den Nachfolger von Ajatollah Chamenei bestimmen soll.<\/p>\n<p class=\"Typography_text-default__P3otY Typography_weight-normal__pqUbH storyline_paragraph_p__qSR5N\">Die iranische Nachrichtenagentur Tasnim berichtete, US-israelische Kr\u00e4fte h\u00e4tten das Geb\u00e4ude des Sekretariats des Expertenrats in Ghom angegriffen. Nach ersten Informationen h\u00e4tten sich dort zum Zeitpunkt des Angriffs keine Personen befunden. Durch den Raketenangriff seien auch Wohnh\u00e4user und Gesch\u00e4fte in der Umgebung besch\u00e4digt. Mehrere Anwohner und Passanten seien verletzt worden.<\/p>\n<p class=\"Typography_text-default__P3otY Typography_weight-normal__pqUbH storyline_paragraph_p__qSR5N\">Laut der den Revolutionsgarden nahestehenden Nachrichtenagentur Fars sind die Berichte \u00fcber einen Angriff auf das Geb\u00e4ude des Expertenrats in Ghom zutreffend, dort habe jedoch keine Sitzung stattgefunden. Demnach f\u00fchrte der Expertenrat aus Sicherheitsgr\u00fcnden Abstimmungen in anderer Form durch. Unter Berufung auf informierte Quellen hie\u00df es, das Verfahren zur Wahl eines neuen Religionsf\u00fchrers befinde sich in der Schlussphase.<\/p>\n<p class=\"Typography_text-s__wu_cm Typography_weight-normal__pqUbH Typography_color-darkgrey__sZEnP article-detail-footer_source__KslPc\">Quelle: ntv.de, dsc\/dpa\/AFP<\/p>\n","protected":false},"excerpt":{"rendered":"Nachfolge des Ajatollahs im IranBerichte: Expertenrat w\u00e4hlt Chamenei-Sohn zum neuen F\u00fchrer 04.03.2026, 06:47 Uhr Artikel anh\u00f6ren(03:07 min) Modschtaba&hellip;\n","protected":false},"author":2,"featured_media":842181,"comment_status":"","ping_status":"","sticky":false,"template":"","format":"standard","meta":{"footnotes":"","_share_on_mastodon":"0"},"categories":[3],"tags":[45248,13,345,13612,411,62913,14,15,16,12,10,8,9,11,64,103,104],"class_list":["post-842180","post","type-post","status-publish","format-standard","has-post-thumbnail","category-welt","tag-ajatollah-ali-chamenei","tag-headlines","tag-iran","tag-iran-konflikt","tag-israel","tag-mullah-regime","tag-nachrichten","tag-news","tag-politik","tag-schlagzeilen","tag-top-news","tag-top-meldungen","tag-topmeldungen","tag-topnews","tag-usa","tag-welt","tag-world"],"share_on_mastodon":{"url":"https:\/\/pubeurope.com\/@de\/116170284704787104","error":""},"_links":{"self":[{"href":"https:\/\/www.europesays.com\/de\/wp-json\/wp\/v2\/posts\/842180","targetHints":{"allow":["GET"]}}],"collection":[{"href":"https:\/\/www.europesays.com\/de\/wp-json\/wp\/v2\/posts"}],"about":[{"href":"https:\/\/www.europesays.com\/de\/wp-json\/wp\/v2\/types\/post"}],"author":[{"embeddable":true,"href":"https:\/\/www.europesays.com\/de\/wp-json\/wp\/v2\/users\/2"}],"replies":[{"embeddable":true,"href":"https:\/\/www.europesays.com\/de\/wp-json\/wp\/v2\/comments?post=842180"}],"version-history":[{"count":0,"href":"https:\/\/www.europesays.com\/de\/wp-json\/wp\/v2\/posts\/842180\/revisions"}],"wp:featuredmedia":[{"embeddable":true,"href":"https:\/\/www.europesays.com\/de\/wp-json\/wp\/v2\/media\/842181"}],"wp:attachment":[{"href":"https:\/\/www.europesays.com\/de\/wp-json\/wp\/v2\/media?parent=842180"}],"wp:term":[{"taxonomy":"category","embeddable":true,"href":"https:\/\/www.europesays.com\/de\/wp-json\/wp\/v2\/categories?post=842180"},{"taxonomy":"post_tag","embeddable":true,"href":"https:\/\/www.europesays.com\/de\/wp-json\/wp\/v2\/tags?post=842180"}],"curies":[{"name":"wp","href":"https:\/\/api.w.org\/{rel}","templated":true}]}}