{"id":842353,"date":"2026-03-04T11:27:16","date_gmt":"2026-03-04T11:27:16","guid":{"rendered":"https:\/\/www.europesays.com\/de\/842353\/"},"modified":"2026-03-04T11:27:16","modified_gmt":"2026-03-04T11:27:16","slug":"tierpark-olderdissen-bekommt-ein-neues-herzstueck-richtfest-fuer-gruenes-klassenzimmer","status":"publish","type":"post","link":"https:\/\/www.europesays.com\/de\/842353\/","title":{"rendered":"Tierpark Olderdissen bekommt ein neues Herzst\u00fcck \u2013 Richtfest f\u00fcr \u201egr\u00fcnes Klassenzimmer\u201c"},"content":{"rendered":"<p id=\"absatz1\" class=\"em_text\">Bielefeld. Mit zahlreichen Geschenken an die Stadt und ihre B\u00fcrger hat die Sparkasse Bielefeld 2025 ihr 200-j\u00e4hriges Bestehen gefeiert. Schulkinder erhielten Lesegutscheine, junge Vereinssportler freuten sich \u00fcber Trikots und die Leinewebermarkt-Besucher feierten mit Popstar Leony auf dem Jahnplatz. Ein Jubil\u00e4umsgeschenk steht aber noch aus: das Begegnungszentrum im Tierpark Olderdissen, das im Sommer fertig werden soll. Zum Richtfest zog die Sparkasse auch Bilanz eines \u201estabilen\u201c Gesch\u00e4ftsjahres.<\/p>\n<p id=\"absatz2\" class=\"em_text\">Rund 1,5 Millionen Euro nahmen die Sparkasse und ihre Stiftung in die Hand, um Bielefelder Projekte, Vereine, Kulturfeste und Einrichtungen anl\u00e4sslich des Jubil\u00e4umsjahrs zu unterst\u00fctzen. Besonders sichtbar wird das im Tierpark: Ein Jahr nach dem Spatenstich zum neuen Begegnungshaus hinter dem Meierhof l\u00e4sst sich jetzt erahnen, wie das eingeschossige rund 520 Quadratmeter gro\u00dfe Geb\u00e4ude einmal aussehen wird: Dicke Holzpfeiler, zwei R\u00e4ume, ein Flachdach, das noch begr\u00fcnt werden soll.<\/p>\n<p id=\"absatz3\" class=\"em_text\">Bauleiter Reinhard Gro\u00dfe Halbuer vom Architektenb\u00fcro Br\u00fcchner-H\u00fcttemann Pasch (bhp) deutet auf eine Baugrube neben dem Holzbau am Wisentgehege. Hier werde noch eine Drau\u00dfenanlage mit Sitzstufen entstehen. \u201eEine Art gr\u00fcnes Klassenzimmer.\u201c Den Blick auf die benachbarten Wisente soll das Geb\u00e4ude zudem nicht versperren.<\/p>\n<p>        <a href=\"https:\/\/www.nw.de\/_em_daten\/_cache\/image\/1xWGlWRFliMUxqRHUyYTV1S2Zxc05SQWFMRWVHYVZXdFRjdXpHSjl2U0JscHNlUHZDci9oNkF0TFd5Mjh5NXZ6QnRid0h4bHIwNTFBaVpVMXZCcWJkQUE9PQ\/260304-0828-874315277.jpg\" class=\"nw-article-image\" title=\"Baufortschritt im Tierpark Olderdissen: Das neue Begegnungszentrum nimmt Gestalt an.\" data-glightbox=\"type: image; description: Baufortschritt im Tierpark Olderdissen: Das neue Begegnungszentrum nimmt Gestalt an.  | \u00a9 Peter Unger \" rel=\"nofollow noopener\" target=\"_blank\"><br \/>\n            <img decoding=\"async\" src=\"https:\/\/www.europesays.com\/de\/wp-content\/uploads\/2026\/03\/260304-0828-874315277.jpg\" class=\"nw-img-fluid nw-w-full nw-lazy nw-rounded-t-md\" alt=\"Baufortschritt im Tierpark Olderdissen: Das neue Begegnungszentrum nimmt Gestalt an. - \u00a9 Peter Unger\" data-format=\"16:9\"\/><br \/>\n        <\/a><\/p>\n<p>                Baufortschritt im Tierpark Olderdissen: Das neue Begegnungszentrum nimmt Gestalt an.<br \/>\n                                    | \u00a9 Peter Unger<\/p>\n<p>\n        \u00d7\n    <\/p>\n<p>\n            Sie erhalten in wenigen Minuten eine E-Mail zur Best\u00e4tigung Ihrer Anmeldung.\n        <\/p>\n<p>Erst danach ist diese abgeschlossen.<\/p>\n<p>Bitte pr\u00fcfen Sie auch den Spam-Ordner.<\/p>\n<p>\n        \u00d7\n    <\/p>\n<p>\n            Sie haben bisher Ihre E-Mail-Adresse noch nicht best\u00e4tigt.\n        <\/p>\n<p>Erst danach ist diese abgeschlossen.<\/p>\n<p>Bitte pr\u00fcfen Sie auch den Spam-Ordner.<\/p>\n<p>\n        \u00d7\n    <\/p>\n<p>\n            Es ist einen Fehler aufgetreten\n        <\/p>\n<p>Bei Fragen hilft unser Newsletter-Support<\/p>\n<p> Newsletter<\/p>\n<p> Update zum Abend<\/p>\n<p>Informiert bleiben mit t\u00e4glichen News aus Bielefeld, OWL und der Welt.<\/p>\n<p>                Jetzt anmelden<\/p>\n<p>Neue Aussichtsplattform am Wisentgehege im Tierpark Olderdissen<\/p>\n<p class=\"em_text\">\u201eWir lassen eine Blickachse frei, und es wird eine Aussichtsplattform geben\u201c, erkl\u00e4rt Ursula Pasch vom bhp-Architekten-B\u00fcro. Das Geb\u00e4ude, das zuk\u00fcnftig \u00fcber einen gro\u00dfen Multifunktionsraum f\u00fcr Bildungsangebote sowie einen weiteren Raum f\u00fcr kleinere Gruppen verf\u00fcgt, erhalte zudem eine WC-Anlage, die allen Tierparkbesuchern offensteht.<\/p>\n<p id=\"absatz5\">Das Richtfest sei jetzt ein sichtbares Zeichen des Fortschritts, sagte Oberb\u00fcrgermeisterin Christiana Bauer bei den Feierlichkeiten. Noch in diesem Jahr, voraussichtlich im August 2026, soll das Begegnungszentrum fertig werden. Gro\u00df ist auch die Freude bei Tierparkleiter Benjamin Ibler \u00fcber den neuen Lernort rund um Wald, Tiere, Klima, Umwelt, der bald mit Leben gef\u00fcllt wird. <\/p>\n<p id=\"absatz6\"><b class=\"bold\">Baustart im Bielefelder Tierpark Olderdissen: <\/b><a href=\"https:\/\/www.nw.de\/lokal\/bielefeld\/mitte\/24096247_Baustart-im-Bielefelder-Tierpark-Olderdissen-Ein-grosses-neues-Gebaeude-entsteht.html\" rel=\"nofollow noopener\" target=\"_blank\">Ein gro\u00dfes neues Geb\u00e4ude entsteht <\/a><\/p>\n<p id=\"absatz7\" class=\"em_text\">Keinen Anlass zum Jubel, aber zu vorsichtigem Optimismus gab unterdessen das Sparkassen-Gesch\u00e4ftsjahr 2025, das die Vorstandsvorsitzende Jennifer Erdmann als \u201esolide\u201c bezeichnete. Das Betriebsergebnis verbesserte sich mit 95 Millionen Euro leicht zum Vorjahr. Als \u201ewichtigen Treiber\u201c bezeichnete Vorstandsmitglied J\u00f6rn St\u00f6ppel die Einlagen der privaten und gewerblichen Kundinnen und Kunden. Hier gab es ein Plus von rund sechs Prozent auf rund sechs Milliarden Euro. Besonders gefragt waren festverzinsliche Produkte.<\/p>\n<p>        <a href=\"https:\/\/www.nw.de\/_em_daten\/_cache\/image\/1xWGlWRFliMUxqRHUyYTV1S2Zxc05SQWFMRWVHYVZXdFRjdXpHSjl2U0JscFRqMElsNkw2Nkx3YkEvc2Y4TmNzRFJtcEhOMGw1ZGdJd0FnNTdVY0lGYkE9PQ\/260304-1222-874315301.jpg\" class=\"nw-article-image\" title=\"OB Christiana Bauer (v. l.), Jennifer Erdmann, J\u00f6rn St\u00f6ppel und Stefan Dwilies vom Sparkassenvorstand, Kai Br\u00fcchner-H\u00fcttemann und Ursula Pasch (bhp-Architekten) beim Richtfest im Tierpark Olderdissen in Bielefeld.\" data-glightbox=\"type: image; description: OB Christiana Bauer (v. l.), Jennifer Erdmann, J\u00f6rn St\u00f6ppel und Stefan Dwilies vom Sparkassenvorstand, Kai Br\u00fcchner-H\u00fcttemann und Ursula Pasch (bhp-Architekten) beim Richtfest im Tierpark Olderdissen in Bielefeld.  | \u00a9 Peter Unger \" rel=\"nofollow noopener\" target=\"_blank\"><br \/>\n            <img decoding=\"async\" src=\"https:\/\/www.europesays.com\/de\/wp-content\/uploads\/2026\/03\/260304-1222-874315301.jpg\" class=\"nw-img-fluid nw-w-full nw-lazy nw-rounded-t-md\" alt=\"OB Christiana Bauer (v. l.), Jennifer Erdmann, J\u00f6rn St\u00f6ppel und Stefan Dwilies vom Sparkassenvorstand, Kai Br\u00fcchner-H\u00fcttemann und Ursula Pasch (bhp-Architekten) beim Richtfest im Tierpark Olderdissen in Bielefeld. - \u00a9 Peter Unger\" data-format=\"16:9\"\/><br \/>\n        <\/a><\/p>\n<p>                OB Christiana Bauer (v. l.), Jennifer Erdmann, J\u00f6rn St\u00f6ppel und Stefan Dwilies vom Sparkassenvorstand, Kai Br\u00fcchner-H\u00fcttemann und Ursula Pasch (bhp-Architekten) beim Richtfest im Tierpark Olderdissen in Bielefeld.<br \/>\n                                    | \u00a9 Peter Unger<\/p>\n<p>Bielefelder Unternehmen und Bauherren trauen sich wieder mehr zu<\/p>\n<p class=\"em_text\">Zudem nahm das Kreditgesch\u00e4ft laut Sparkassen-Vorstand wieder leicht an Fahrt auf. Besonders deutlich fiel das Plus bei neu zugesagten Darlehen aus: Mit 1,1 Milliarden Euro habe das Neugesch\u00e4ft erstmals seit Jahren wieder die Milliardenmarke \u00fcberschritten, sagt St\u00f6ppel. \u201eEs ist zu beobachten, dass Unternehmen zumindest in Teilen ihre Investitionszur\u00fcckhaltung ablegen.\u201c<\/p>\n<p id=\"absatz9\"><b class=\"bold\">Das gabs noch nie: <\/b><a href=\"https:\/\/www.nw.de\/lokal\/bielefeld\/mitte\/24187133_Das-gabs-noch-nie-Sparkasse-und-Volksbank-teilen-sich-eine-Filiale-in-Bielefeld.html\" rel=\"nofollow noopener\" target=\"_blank\">Sparkasse und Volksbank teilen sich eine Filiale in Bielefeld <\/a><\/p>\n<p id=\"absatz10\" class=\"em_text\">Private und gewerbliche Bauherren trauten sich zudem wieder mehr zu, was durch positive Trends bei den Baufinanzierungen und im Immobilienbereich sp\u00fcrbar wurde. Von einer Trendwende sei man jedoch noch weit entfernt, erl\u00e4utert Erdmann. Eine Zur\u00fcckhaltung sei nach wie vor da.<\/p>\n<p id=\"absatz11\" class=\"em_text\">Und das Sparkassengesch\u00e4ft wird immer digitaler: Im Jubil\u00e4umsjahr nutzen nach Angaben der Sparkasse erstmals mehr als 100.000 registrierte Nutzer die App der Sparkasse Bielefeld. Dabei sind 95 Prozent der Unter-18-J\u00e4hrigen auch Sparkassen-App-Kunden, bei den \u00dcber-80-J\u00e4hrigen nutzen 25 Prozent das Angebot. Gleichzeitig stellt St\u00f6ppel klar: \u201eWir bleiben \u00fcberall in Bielefeld pr\u00e4sent.\u201c 2025 sei so auch in die Sanierung mehrerer Filialen investiert worden.<\/p>\n<p id=\"absatz12\" class=\"em_text\">\ud83d\udcf1 News direkt aufs Smartphone: <a href=\"https:\/\/whatsapp.com\/channel\/0029VaeYHJ40Qeam4DWyn109\" rel=\"nofollow noopener\" target=\"_blank\">Hier finden Sie den kostenlosen Whatsapp-Kanal der NW-Bielefeld<\/a> <\/p>\n<p class=\"nw-text-xl nw-uppercase nw-font-bold\" style=\"font-size:24px !important; line-height:32px; padding-bottom: 0px; \">INFORMATION<\/p>\n<p class=\"nw-text-lg nw-font-bold nw-pb-2\" style=\"font-size:20px !important; line-height:28px; padding-bottom: 8px; font-weight:700;\">Sparkassen-Jahr 2025 in Zahlen<\/p>\n<ul>\n<li>Gesch\u00e4ftsergebnis: 95 Millionen Euro (2024: \u202893 Millionen Euro)<\/li>\n<li>Private und gewerbliche Kunden-Einlagen: rund \u20286 Milliarden Euro, ein Plus von 5,9 Prozent<\/li>\n<li>Cost-Income-Ratio: 52,4 Prozent (Verh\u00e4ltnis von Aufwand und Ertrag)<\/li>\n<li>Kreditbestand: rund 4,6 Milliarden Euro, ein Plus von 3,4 Prozent<\/li>\n<li>Neu zugesagte Kredite: rund 1,1 Milliarden Euro, ein Plus von 35 Prozent<\/li>\n<li>Mitarbeiterzahl inklusive Azubis: 891 (2024: 898)<\/li>\n<li>Filialen: 23 mit Personal, 21 mit Selbstbedienung, \u20285 Automatenstandorte<\/li>\n<li>Girokonten: 199.000 privat, 18.000 gewerblich.<\/li>\n<\/ul>\n","protected":false},"excerpt":{"rendered":"Bielefeld. Mit zahlreichen Geschenken an die Stadt und ihre B\u00fcrger hat die Sparkasse Bielefeld 2025 ihr 200-j\u00e4hriges Bestehen&hellip;\n","protected":false},"author":2,"featured_media":842354,"comment_status":"","ping_status":"","sticky":false,"template":"","format":"standard","meta":{"footnotes":"","_share_on_mastodon":"0"},"categories":[1841],"tags":[59134,1605,3364,29,30,187651,8659,187652,31867,41833,9311,1611,4280,1608,31821,31822,91563,734,736,164252,9312,1613,1209,20253,31866,2242],"class_list":["post-842353","post","type-post","status-publish","format-standard","has-post-thumbnail","category-bielefeld","tag-begegnungszentrum","tag-bielefeld","tag-de","tag-deutschland","tag-germany","tag-herzstck","tag-highlight","tag-jrn-stppel","tag-jennifer-erdmann","tag-klassenzimmer","tag-label_familie-freizeit","tag-label_informiere-mich","tag-label_l-120","tag-label_top-news","tag-leinewebermarkt","tag-leony","tag-lernort","tag-meta_artikelklasse_nachricht","tag-meta_copyrights_nw","tag-meta_eo_zusammenfassung","tag-meta_themen_familie_bildung_freizeit","tag-meta_userneeds_informieremich","tag-nordrhein-westfalen","tag-richtfest","tag-sparkasse-bielefeld","tag-tierpark"],"share_on_mastodon":{"url":"","error":"Validation failed: Text character limit of 500 exceeded"},"_links":{"self":[{"href":"https:\/\/www.europesays.com\/de\/wp-json\/wp\/v2\/posts\/842353","targetHints":{"allow":["GET"]}}],"collection":[{"href":"https:\/\/www.europesays.com\/de\/wp-json\/wp\/v2\/posts"}],"about":[{"href":"https:\/\/www.europesays.com\/de\/wp-json\/wp\/v2\/types\/post"}],"author":[{"embeddable":true,"href":"https:\/\/www.europesays.com\/de\/wp-json\/wp\/v2\/users\/2"}],"replies":[{"embeddable":true,"href":"https:\/\/www.europesays.com\/de\/wp-json\/wp\/v2\/comments?post=842353"}],"version-history":[{"count":0,"href":"https:\/\/www.europesays.com\/de\/wp-json\/wp\/v2\/posts\/842353\/revisions"}],"wp:featuredmedia":[{"embeddable":true,"href":"https:\/\/www.europesays.com\/de\/wp-json\/wp\/v2\/media\/842354"}],"wp:attachment":[{"href":"https:\/\/www.europesays.com\/de\/wp-json\/wp\/v2\/media?parent=842353"}],"wp:term":[{"taxonomy":"category","embeddable":true,"href":"https:\/\/www.europesays.com\/de\/wp-json\/wp\/v2\/categories?post=842353"},{"taxonomy":"post_tag","embeddable":true,"href":"https:\/\/www.europesays.com\/de\/wp-json\/wp\/v2\/tags?post=842353"}],"curies":[{"name":"wp","href":"https:\/\/api.w.org\/{rel}","templated":true}]}}