{"id":842494,"date":"2026-03-04T12:42:13","date_gmt":"2026-03-04T12:42:13","guid":{"rendered":"https:\/\/www.europesays.com\/de\/842494\/"},"modified":"2026-03-04T12:42:13","modified_gmt":"2026-03-04T12:42:13","slug":"herdweg-instandsetzung-der-bruecke-ueber-den-pfinz-entlastungskanal","status":"publish","type":"post","link":"https:\/\/www.europesays.com\/de\/842494\/","title":{"rendered":"Herdweg: Instandsetzung der Br\u00fccke \u00fcber den Pfinz-Entlastungskanal"},"content":{"rendered":"<p>Im Auftrag des Regierungspr\u00e4sidiums Karlsruhe wird seit Ende September 2025 die Stahltrogbr\u00fccke \u00fcber den Pfinz-Entlastungskanal am \u201eHerdweg\u201c in Karlsruhe-Gr\u00f6tzingen (Bauwerk 107) instandgesetzt (Siehe Artikel zum Thema). Die Ma\u00dfnahme wird in zwei Bauabschnitten durchgef\u00fchrt. Bis auf wenige Restarbeiten sind die Arbeiten im ersten Abschnitt abgeschlossen.<\/p>\n<p>Die Sanierungsarbeiten im zweiten Bauabschnitt konnten nun nach der Winterpause wieder aufgenommen werden. Der Rad- und Fu\u00dfweg im Bereich unterhalb der Br\u00fccke ist w\u00e4hrend der Arbeiten im zweiten Bauabschnitt gesperrt. Eine Umleitung f\u00fcr Fu\u00dfg\u00e4ngerinnen und Fu\u00dfg\u00e4nger sowie Radfahrende ist eingerichtet und entsprechend ausgeschildert.<\/p>\n<p>Die Gesamtma\u00dfnahme soll voraussichtlich Anfang Mai 2026 abgeschlossen werden.<\/p>\n<p>Das Regierungspr\u00e4sidium Karlsruhe bittet die Verkehrsteilnehmenden f\u00fcr die Einschr\u00e4nkungen w\u00e4hrend der Bauarbeiten um Verst\u00e4ndnis.<\/p>\n","protected":false},"excerpt":{"rendered":"Im Auftrag des Regierungspr\u00e4sidiums Karlsruhe wird seit Ende September 2025 die Stahltrogbr\u00fccke \u00fcber den Pfinz-Entlastungskanal am \u201eHerdweg\u201c in&hellip;\n","protected":false},"author":2,"featured_media":842495,"comment_status":"","ping_status":"","sticky":false,"template":"","format":"standard","meta":{"footnotes":"","_share_on_mastodon":"0"},"categories":[1844],"tags":[1634,3364,29,30,187700,8903,187701,187699,4108,2224],"class_list":["post-842494","post","type-post","status-publish","format-standard","has-post-thumbnail","category-karlsruhe","tag-baden-wuerttemberg","tag-de","tag-deutschland","tag-germany","tag-herdweg","tag-karlsruhe","tag-pfinz-entlastungskanal","tag-pfinzbruecke","tag-sanierung","tag-sperrung"],"share_on_mastodon":{"url":"https:\/\/pubeurope.com\/@de\/116170964830170169","error":""},"_links":{"self":[{"href":"https:\/\/www.europesays.com\/de\/wp-json\/wp\/v2\/posts\/842494","targetHints":{"allow":["GET"]}}],"collection":[{"href":"https:\/\/www.europesays.com\/de\/wp-json\/wp\/v2\/posts"}],"about":[{"href":"https:\/\/www.europesays.com\/de\/wp-json\/wp\/v2\/types\/post"}],"author":[{"embeddable":true,"href":"https:\/\/www.europesays.com\/de\/wp-json\/wp\/v2\/users\/2"}],"replies":[{"embeddable":true,"href":"https:\/\/www.europesays.com\/de\/wp-json\/wp\/v2\/comments?post=842494"}],"version-history":[{"count":0,"href":"https:\/\/www.europesays.com\/de\/wp-json\/wp\/v2\/posts\/842494\/revisions"}],"wp:featuredmedia":[{"embeddable":true,"href":"https:\/\/www.europesays.com\/de\/wp-json\/wp\/v2\/media\/842495"}],"wp:attachment":[{"href":"https:\/\/www.europesays.com\/de\/wp-json\/wp\/v2\/media?parent=842494"}],"wp:term":[{"taxonomy":"category","embeddable":true,"href":"https:\/\/www.europesays.com\/de\/wp-json\/wp\/v2\/categories?post=842494"},{"taxonomy":"post_tag","embeddable":true,"href":"https:\/\/www.europesays.com\/de\/wp-json\/wp\/v2\/tags?post=842494"}],"curies":[{"name":"wp","href":"https:\/\/api.w.org\/{rel}","templated":true}]}}