{"id":842854,"date":"2026-03-04T16:03:14","date_gmt":"2026-03-04T16:03:14","guid":{"rendered":"https:\/\/www.europesays.com\/de\/842854\/"},"modified":"2026-03-04T16:03:14","modified_gmt":"2026-03-04T16:03:14","slug":"sfd-75-hat-noch-plaetze-frei-im-ostercamp","status":"publish","type":"post","link":"https:\/\/www.europesays.com\/de\/842854\/","title":{"rendered":"SFD&#8216; 75 hat noch Pl\u00e4tze frei im Ostercamp"},"content":{"rendered":"<p class=\"text_ohne_einzug richtext text-em-55 !leading-serif mx-6 desktop:mx-0\">(hel) \u201eBewegung f\u00fcr Kids\u201c lautet das Motto beim SFD\u201975, zu dem Kinder von sechs bis 13 Jahren in den <a href=\"https:\/\/rp-online.de\/thema\/osterferien\/\" rel=\"nofollow noopener\" target=\"_blank\">Osterferien<\/a> in den Sportpark Niederheid eingeladen sind. Bei dem Freizeitvergn\u00fcgen dreht sich vom 30. M\u00e4rz bis zum 2. April auf der Sportanlage an der Paul-Thomas-Stra\u00dfe 35 alles um Bewegung und Sport.<\/p>\n<p class=\"richtext text-em-55 !leading-serif mx-6 desktop:mx-0\">Kursorganisatoren sind die Bewegungs-Profis von \u201eErlebniswelt Sport und Fu\u00dfballschule\u201c, die als Partner der D\u00fcsseldorfer Sportfreunde das Camp durchf\u00fchren. Ein qualifiziertes Team von Trainerinnen und Trainern begleitet die Teilnehmenden an den Kurstagen von 9.30 Uhr bis 15.30 Uhr.<\/p>\n<p class=\"richtext text-em-55 !leading-serif mx-6 desktop:mx-0\">Ein Mittagessen sowie Getr\u00e4nke und eine eigene Trinkflasche sind im Teilnahmepreis von 134 Euro inbegriffen. Alle Kids werden zudem mit einem eigenen Trikot ausgestattet, das mit dem Namen und einer Wunschnummer individuell beflockt ist. Eine Kostenr\u00fcckerstattung durch die jeweiligen Krankenkassen ist teilweise m\u00f6glich. Aktuell sind noch Pl\u00e4tze frei, die \u00fcber <a href=\"http:\/\/www.sfd.de\/\" target=\"_blank\" rel=\"nofollow noopener\">www.sfd.de<\/a> gebucht werden k\u00f6nnen. In den Sommerferien startet ein \u00e4hnliches Angebot (27. bis 31. Juli.)<\/p>\n","protected":false},"excerpt":{"rendered":"(hel) \u201eBewegung f\u00fcr Kids\u201c lautet das Motto beim SFD\u201975, zu dem Kinder von sechs bis 13 Jahren in&hellip;\n","protected":false},"author":2,"featured_media":842855,"comment_status":"","ping_status":"","sticky":false,"template":"","format":"standard","meta":{"footnotes":"","_share_on_mastodon":"0"},"categories":[1831],"tags":[703,3364,29,3405,30,11497,1209,76310],"class_list":["post-842854","post","type-post","status-publish","format-standard","has-post-thumbnail","category-duesseldorf","tag-bewegung","tag-de","tag-deutschland","tag-duesseldorf","tag-germany","tag-kids","tag-nordrhein-westfalen","tag-sfd"],"share_on_mastodon":{"url":"https:\/\/pubeurope.com\/@de\/116171755551766464","error":""},"_links":{"self":[{"href":"https:\/\/www.europesays.com\/de\/wp-json\/wp\/v2\/posts\/842854","targetHints":{"allow":["GET"]}}],"collection":[{"href":"https:\/\/www.europesays.com\/de\/wp-json\/wp\/v2\/posts"}],"about":[{"href":"https:\/\/www.europesays.com\/de\/wp-json\/wp\/v2\/types\/post"}],"author":[{"embeddable":true,"href":"https:\/\/www.europesays.com\/de\/wp-json\/wp\/v2\/users\/2"}],"replies":[{"embeddable":true,"href":"https:\/\/www.europesays.com\/de\/wp-json\/wp\/v2\/comments?post=842854"}],"version-history":[{"count":0,"href":"https:\/\/www.europesays.com\/de\/wp-json\/wp\/v2\/posts\/842854\/revisions"}],"wp:featuredmedia":[{"embeddable":true,"href":"https:\/\/www.europesays.com\/de\/wp-json\/wp\/v2\/media\/842855"}],"wp:attachment":[{"href":"https:\/\/www.europesays.com\/de\/wp-json\/wp\/v2\/media?parent=842854"}],"wp:term":[{"taxonomy":"category","embeddable":true,"href":"https:\/\/www.europesays.com\/de\/wp-json\/wp\/v2\/categories?post=842854"},{"taxonomy":"post_tag","embeddable":true,"href":"https:\/\/www.europesays.com\/de\/wp-json\/wp\/v2\/tags?post=842854"}],"curies":[{"name":"wp","href":"https:\/\/api.w.org\/{rel}","templated":true}]}}