{"id":842870,"date":"2026-03-04T16:11:15","date_gmt":"2026-03-04T16:11:15","guid":{"rendered":"https:\/\/www.europesays.com\/de\/842870\/"},"modified":"2026-03-04T16:11:15","modified_gmt":"2026-03-04T16:11:15","slug":"muenchen-anwalt-hingerl-klagt-gegen-corona-trennwaende-bad-toelz-wolfratshausen","status":"publish","type":"post","link":"https:\/\/www.europesays.com\/de\/842870\/","title":{"rendered":"M\u00fcnchen: Anwalt Hingerl klagt gegen Corona-Trennw\u00e4nde &#8211; Bad T\u00f6lz-Wolfratshausen"},"content":{"rendered":"<p data-manual=\"paragraph\" data-schema-org-speakable=\"true\" class=\"css-1eosz7k\">Hingerl ist in Bayern ein klangvoller Name. Hie\u00df doch der sp\u00e4ter zum Engel Aloisius bef\u00f6rderte Dienstmann Nummer 172 am M\u00fcnchner Hauptbahnhof mit b\u00fcrgerlichem Namen: Alois Hingerl. So derb wie sein von Ludwig Thoma erschaffener Namensvetter im Himmel verh\u00e4lt sich Rechtsanwalt Josef Hingerl im Gerichtssaal zwar nicht. Gefallen l\u00e4sst sich der 77-j\u00e4hrige Wolfratshauser aber auch nichts; vor allem dann, wenn er in eigener Sache t\u00e4tig ist.<\/p>\n<p data-manual=\"paragraph\" data-schema-org-speakable=\"true\" class=\"css-1eosz7k\">So wie am Dienstag am Verwaltungsgericht in <a href=\"https:\/\/www.sueddeutsche.de\/thema\/M%C3%BCnchen\" rel=\"nofollow noopener\" target=\"_blank\">M\u00fcnchen<\/a>. Hingerl will gerichtlich feststellen lassen, dass es rechtswidrig war, zum Schutz vor Ansteckungen mit dem <a href=\"https:\/\/www.sueddeutsche.de\/thema\/Coronavirus\" rel=\"nofollow noopener\" target=\"_blank\">Coronavirus<\/a> am M\u00fcnchner Amtsgericht und den beiden Landgerichten in der Nymphenburger Stra\u00dfe Glasschutzw\u00e4nde zwischen Angeklagtem und Verteidiger anzubringen. Daraus, dass er den damaligen grundrechtseinschr\u00e4nkenden Ma\u00dfnahmen generell skeptisch gegen\u00fcbersteht, hat der Wolfratshauser schon zu Hochzeiten der Pandemie kein Geheimnis gemacht. So hat er Impfproteste dirigiert, Corona-Spazierg\u00e4nge organisiert und den Golfplatz Bergkramerhof trotz eines beh\u00f6rdlich ausgesprochenen Verbots weiterbetrieben. Sein Vorgehen hat ihm den Spitznamen \u201eGolfplatz-Rebell\u201c eingebracht. In der Verhandlung am Verwaltungsgericht bezeichnet er sich selbst als Querdenker, distanziert sich aber von Reichsb\u00fcrgern.<\/p>\n<p data-manual=\"paragraph\" data-schema-org-speakable=\"true\" class=\"css-1eosz7k\">Fraglich sei, ob Hingerls Klage zul\u00e4ssig ist, gibt der Vorsitzende Richter die Richtung f\u00fcr die eineinhalbst\u00fcndige Verhandlung vor. Ist eine Klage nicht zul\u00e4ssig, wird \u00fcber das Begehren des Kl\u00e4gers gar nicht entschieden. Aus den eingereichten Schrifts\u00e4tzen gehe nicht hervor, ob Hingerl dem Freistaat als Rechtstr\u00e4ger der Gerichte vorwirft, Hausrechtsbefugnisse \u00fcberschritten oder gegen Angeklagtenrechte versto\u00dfen zu haben.<\/p>\n<p data-manual=\"paragraph\" data-schema-org-speakable=\"true\" class=\"css-1eosz7k\">Im zweiten Fall h\u00e4tte er seine Einw\u00e4nde im Strafverfahren durch Befangenheitsantr\u00e4ge oder Rechtsmittel geltend machen m\u00fcssen. Das Verwaltungsgericht w\u00e4re dann schon nicht zust\u00e4ndig, erl\u00e4utert der Richter. Hingerl reagiert emotional: Ihm gehe es mit der Klage um \u201eRechtshygiene\u201c und \u201enull Komma null\u201c um Corona-Ma\u00dfnahmen. Seit 50 Jahren stehe er als Organ der Rechtspflege f\u00fcr den Rechtsstaat ein. Von Gerichtspr\u00e4sidenten als \u201eVerwaltungsbeamten\u201c der Exekutive bevormundet zu werden, empfinde er als \u201eWatschn\u201c. Weil man \u201eerniedrigend\u201c und \u201erespektlos\u201c mit ihm umgegangen sei, sei ihm \u201eder Kragen geplatzt\u201c.<\/p>\n<p data-manual=\"paragraph\" data-schema-org-speakable=\"true\" class=\"css-1eosz7k\">Der Vorsitzende spult n\u00fcchtern sein Pr\u00fcfungsschema ab. Selbst wenn das Verwaltungsgericht zust\u00e4ndig sein sollte, sei die Klage nur zul\u00e4ssig, wenn der Kl\u00e4ger an der begehrten Feststellung ein hinreichendes Interesse hat. F\u00fcr bereits erledigte Ma\u00dfnahmen habe die Rechtsprechung diesbez\u00fcglich Fallgruppen entwickelt, von denen hier keine einschl\u00e4gig sei, so der Richter. Auch wenn durch die Trennw\u00e4nde die Strafverteidigung erschwert worden sei: Daran, dass die W\u00e4nde einen tiefen Grundrechtseingriff bewirkt h\u00e4tten, habe die Verwaltungskammer \u201eerhebliche Bedenken\u201c.<\/p>\n<p><img decoding=\"async\" src=\"https:\/\/www.europesays.com\/de\/wp-content\/uploads\/2026\/03\/51400ecd-dce1-42b2-949e-7af3d3bf7ca5.jpg\"   alt=\"Der Wolfratshauser Rechtsanwalt Josef Hingerl, hier bei einer Veranstaltung zum Lockdown-Ende im M\u00e4rz 2021 in der Loisachhalle, bezeichnet sich selbst als Querdenker.\" loading=\"lazy\" class=\"css-8atqhb\"\/>Der Wolfratshauser Rechtsanwalt Josef Hingerl, hier bei einer Veranstaltung zum Lockdown-Ende im M\u00e4rz 2021 in der Loisachhalle, bezeichnet sich selbst als Querdenker. Manfred Neubauer<\/p>\n<p data-manual=\"paragraph\" data-schema-org-speakable=\"true\" class=\"css-1eosz7k\">Auch ein Rehabilitationsinteresse oder eine Wiederholungsgefahr seien nicht erkennbar. Es k\u00f6nne zwar sein, dass eine pandemische Situation wieder eintritt. Wie diese aber genau aussehe, k\u00f6nne heute niemand sagen, sodass eine \u201epauschale gerichtliche Kl\u00e4rung\u201c nicht m\u00f6glich sei. Auch wenn dies \u201elandauf, landab als gewisser Missstand\u201c gesehen werde: Das Prozessrecht setze der gerichtlichen Aufarbeitung Grenzen, so der Richter. Die von Hingerl geltend gemachte Rechtshygiene begr\u00fcnde jedenfalls kein Feststellungsinteresse.<\/p>\n<p data-manual=\"paragraph\" data-schema-org-speakable=\"true\" class=\"css-1eosz7k\">Um dem Kl\u00e4ger einen weiteren Schriftsatz zu erm\u00f6glichen, bestimmt das Gericht einen zus\u00e4tzlichen Verhandlungstermin f\u00fcr Mitte April. Im Internetauftritt des Anwalts hei\u00dft es: \u201eGerne widmet er sich sehr komplizierten und komplexen sowie scheinbar aussichtslosen Fallgestaltungen\u201c. Dass seiner Klage stattgegeben wird, h\u00e4lt er nach den richterlichen Hinweisen selbst \u201ef\u00fcr einen nicht zu erwartenden Fall\u201c. Anders als sein Namensvetter, der sich nach w\u00fcsten P\u00f6beleien und Beschimpfungen des himmlischen Personals wenig vers\u00f6hnlich zeigte, bedankt sich der promovierte Anwalt bei den f\u00fcnf Richtern f\u00fcr die \u201efaire Verhandlung\u201c und verl\u00e4sst mit seiner Kanzleikollegin den Gerichtssaal.<\/p>\n","protected":false},"excerpt":{"rendered":"Hingerl ist in Bayern ein klangvoller Name. Hie\u00df doch der sp\u00e4ter zum Engel Aloisius bef\u00f6rderte Dienstmann Nummer 172&hellip;\n","protected":false},"author":2,"featured_media":842871,"comment_status":"","ping_status":"","sticky":false,"template":"","format":"standard","meta":{"footnotes":"","_share_on_mastodon":"0"},"categories":[1827],"tags":[84224,772,58769,162,29,2634,30,3233,1268,2339,95149,149],"class_list":["post-842870","post","type-post","status-publish","format-standard","has-post-thumbnail","category-muenchen","tag-bad-toelz-wolfratshausen","tag-bayern","tag-corona-massnahmen","tag-coronavirus","tag-deutschland","tag-gerichtsprozesse-in-muenchen","tag-germany","tag-landkreis-bad-toelz-wolfratshausen","tag-muenchen","tag-oberbayern","tag-stadt-wolfratshausen","tag-sueddeutsche-zeitung"],"share_on_mastodon":{"url":"https:\/\/pubeurope.com\/@de\/116171786812582200","error":""},"_links":{"self":[{"href":"https:\/\/www.europesays.com\/de\/wp-json\/wp\/v2\/posts\/842870","targetHints":{"allow":["GET"]}}],"collection":[{"href":"https:\/\/www.europesays.com\/de\/wp-json\/wp\/v2\/posts"}],"about":[{"href":"https:\/\/www.europesays.com\/de\/wp-json\/wp\/v2\/types\/post"}],"author":[{"embeddable":true,"href":"https:\/\/www.europesays.com\/de\/wp-json\/wp\/v2\/users\/2"}],"replies":[{"embeddable":true,"href":"https:\/\/www.europesays.com\/de\/wp-json\/wp\/v2\/comments?post=842870"}],"version-history":[{"count":0,"href":"https:\/\/www.europesays.com\/de\/wp-json\/wp\/v2\/posts\/842870\/revisions"}],"wp:featuredmedia":[{"embeddable":true,"href":"https:\/\/www.europesays.com\/de\/wp-json\/wp\/v2\/media\/842871"}],"wp:attachment":[{"href":"https:\/\/www.europesays.com\/de\/wp-json\/wp\/v2\/media?parent=842870"}],"wp:term":[{"taxonomy":"category","embeddable":true,"href":"https:\/\/www.europesays.com\/de\/wp-json\/wp\/v2\/categories?post=842870"},{"taxonomy":"post_tag","embeddable":true,"href":"https:\/\/www.europesays.com\/de\/wp-json\/wp\/v2\/tags?post=842870"}],"curies":[{"name":"wp","href":"https:\/\/api.w.org\/{rel}","templated":true}]}}