{"id":842959,"date":"2026-03-04T16:58:21","date_gmt":"2026-03-04T16:58:21","guid":{"rendered":"https:\/\/www.europesays.com\/de\/842959\/"},"modified":"2026-03-04T16:58:21","modified_gmt":"2026-03-04T16:58:21","slug":"frankreich-verstaerkt-militaer-nach-drohnenangriffen-im-nahen-osten","status":"publish","type":"post","link":"https:\/\/www.europesays.com\/de\/842959\/","title":{"rendered":"Frankreich verst\u00e4rkt Milit\u00e4r nach Drohnenangriffen im Nahen Osten"},"content":{"rendered":"<p class=\"mb-4 text-lg md:leading-8 break-words\">In einer Fernsehansprache am Dienstagabend machte der franz\u00f6sische Pr\u00e4sident Emmanuel Macron Teheran f\u00fcr die sich zuspitzende Krise verantwortlich und kritisierte zugleich die US-amerikanischen und israelischen Angriffe, die sie ausgel\u00f6st hatten.<\/p>\n<p class=\"mb-4 text-lg md:leading-8 break-words\">&#8222;Die Islamische Republik Iran tr\u00e4gt die Hauptverantwortung f\u00fcr diese Situation&#8220;, sagte Macron.<\/p>\n<p class=\"mb-4 text-lg md:leading-8 break-words\">Gleichzeitig betonte er, dass die anf\u00e4nglichen israelisch-amerikanischen Milit\u00e4roperationen &#8222;au\u00dferhalb des V\u00f6lkerrechts&#8220; stattfanden, und forderte gemeinsam mit Deutschland und dem Vereinigten K\u00f6nigreich ein sofortiges Ende der K\u00e4mpfe.<\/p>\n<p class=\"mb-4 text-lg md:leading-8 break-words\">Die Rede erfolgte vier Tage nach den Angriffen der USA und Israels <a href=\"https:\/\/de.style.yahoo.com\/iran-krieg-legt-reisen-lahm-143358189.html\" data-ylk=\"slk:auf den Iran;elm:context_link;itc:0;sec:content-canvas;outcm:mb_qualified_link;_E:mb_qualified_link;ct:story;\" class=\"link  yahoo-link\" rel=\"nofollow noopener\" target=\"_blank\"><strong>auf den Iran<\/strong><\/a>, die Vergeltungsaktionen in der gesamten Region nach sich zogen und Bef\u00fcrchtungen einer gr\u00f6\u00dferen Eskalation ausl\u00f6sten.<\/p>\n<p><img alt=\"Eine Rauchwolke steigt nach einem amerikanisch-israelischen Milit\u00e4rschlag in Teheran auf, 3. M\u00e4rz 2026\" loading=\"lazy\" width=\"808\" height=\"539\" decoding=\"async\" data-nimg=\"1\" class=\"rounded-lg\" style=\"color:transparent\" src=\"https:\/\/www.europesays.com\/de\/wp-content\/uploads\/2026\/03\/075f4470ab48c2da71b3cff7ea7b2b86.jpeg\"\/><\/p>\n<p> Eine Rauchwolke steigt nach einem amerikanisch-israelischen Milit\u00e4rschlag in Teheran auf, 3. M\u00e4rz, 2026   &#8211; AP Photo <\/p>\n<p>Drohnenabsch\u00fcsse als &#8222;legitime Verteidigung&#8220;<\/p>\n<p class=\"mb-4 text-lg md:leading-8 break-words\">Macron best\u00e4tigte, dass eine zweite franz\u00f6sische Milit\u00e4reinrichtung Ziel von Angriffen geworden sei. &#8222;Wir haben die Sicherheit unserer Milit\u00e4rbasen in der Region verst\u00e4rkt. Zwei von ihnen wurden bei begrenzten Angriffen besch\u00e4digt&#8220;, erkl\u00e4rte er.<\/p>\n<p class=\"mb-4 text-lg md:leading-8 break-words\">Er f\u00fcgte hinzu: &#8222;Bereits in den ersten Stunden des Konflikts haben wir Drohnen im Rahmen der legitimen Verteidigung abgeschossen.&#8220;<\/p>\n<p class=\"mb-4 text-lg md:leading-8 break-words\">Der Pr\u00e4sident verwies auf Verteidigungsabkommen zwischen Frankreich und Katar, Kuwait sowie den Vereinigten Arabischen Emiraten, zu denen Frankreich Solidarit\u00e4t verpflichte, sowie auf Partnerschaften mit Jordanien, Irak und Syrien.<\/p>\n<p class=\"mb-4 text-lg md:leading-8 break-words\">Frankreich werde in mehreren dieser L\u00e4nder Luftverteidigungskapazit\u00e4ten als Teil einer &#8222;defensiven Truppe&#8220; stationieren. Zugleich warnte Macron vor einer m\u00f6glichen israelischen Bodenoperation im Libanon, die er als &#8222;gef\u00e4hrliche Eskalation und strategischen Fehler&#8220; bezeichnete.<\/p>\n<p class=\"mb-4 text-lg md:leading-8 break-words\">Zuvor hatte Au\u00dfenminister Jean-No\u00ebl Barrot erkl\u00e4rt, franz\u00f6sische Rafale-Kampfjets h\u00e4tten Luftsicherheitsoperationen \u00fcber franz\u00f6sischen Einrichtungen in den Vereinigten Arabischen Emiraten durchgef\u00fchrt, um diese vor weiteren Drohnenangriffen zu sch\u00fctzen.<\/p>\n<p><img alt=\"Rettungskr\u00e4fte versammeln sich vor dem zerst\u00f6rten Zentrum einer libanesischen islamischen Gruppe, die von einem israelischen Angriff in Sidon getroffen wurde, 3. M\u00e4rz 2026\" loading=\"lazy\" width=\"808\" height=\"539\" decoding=\"async\" data-nimg=\"1\" class=\"rounded-lg\" style=\"color:transparent\" src=\"https:\/\/www.europesays.com\/de\/wp-content\/uploads\/2026\/03\/7ffd01e1c38036766e39f953d5cd990f.jpeg\"\/><\/p>\n<p> Rettungskr\u00e4fte versammeln sich vor dem zerst\u00f6rten Zentrum einer libanesischen islamischen Gruppe, das von einem israelischen Angriff in Sidon getroffen wurde, 3. M\u00e4rz 2026   &#8211; AP Photo <\/p>\n<p>Schutz wichtiger Seewege<\/p>\n<p class=\"mb-4 text-lg md:leading-8 break-words\">Macron betonte, dass wichtige Seewege gef\u00e4hrdet seien, und k\u00fcndigte franz\u00f6sische Initiativen zu deren Schutz an. &#8222;Wir f\u00fchren die Bem\u00fchungen an, eine Koalition zu bilden, um Mittel f\u00fcr die Wiederherstellung und Sicherung des Verkehrs in der Stra\u00dfe von Hormuz und im Suezkanal zusammenzuf\u00fchren&#8220;, sagte er. Er bezeichnete beide Seewege als entscheidend f\u00fcr den globalen Handel und die Energieversorgung.<\/p>\n<p class=\"mb-4 text-lg md:leading-8 break-words\">Nach <a href=\"https:\/\/de.nachrichten.yahoo.com\/iran-europa-muss-zeit-sturz-053135677.html\" data-ylk=\"slk:Drohnenangriffen;elm:context_link;itc:0;sec:content-canvas;outcm:mb_qualified_link;_E:mb_qualified_link;ct:story;\" class=\"link  yahoo-link\" rel=\"nofollow noopener\" target=\"_blank\"><strong>Drohnenangriffen<\/strong><\/a> auf britische Einrichtungen auf Zypern k\u00fcndigte Macron zus\u00e4tzliche Verteidigungsmittel an: &#8222;Wir schicken Verteidigungseinheiten nach Zypern, eine franz\u00f6sische Fregatte wird ab heute Abend vor Ort eintreffen.&#8220;<\/p>\n<p class=\"mb-4 text-lg md:leading-8 break-words\"><b class=\"c-widget-related__title__text\">Related<\/b><\/p>\n<p class=\"mb-4 text-lg md:leading-8 break-words\">Die Vorf\u00e4lle auf dem britischen Luftwaffenst\u00fctzpunkt Akrotiri umfassten Drohnen, von denen eine auf der Landebahn abgest\u00fcrzt sein soll, w\u00e4hrend andere abgefangen wurden.<\/p>\n<p class=\"mb-4 text-lg md:leading-8 break-words\">Zudem befindet sich der franz\u00f6sische Flugzeugtr\u00e4ger Charles de Gaulle auf dem Weg ins Mittelmeer \u2013 ein Zeichen der Abschreckung und Bereitschaft.<\/p>\n<p><img alt=\"Ein Transportflugzeug startet vom Luftwaffenst\u00fctzpunkt RAF Akrotiri in der N\u00e4he von Limassol, 3. M\u00e4rz 2026\" loading=\"lazy\" width=\"808\" height=\"539\" decoding=\"async\" data-nimg=\"1\" class=\"rounded-lg\" style=\"color:transparent\" src=\"https:\/\/www.europesays.com\/de\/wp-content\/uploads\/2026\/03\/7ae2b3c0e8c665c64ffc3a9655b6fca9.jpeg\"\/><\/p>\n<p> Ein Transportflugzeug hebt vom RAF-St\u00fctzpunkt Akrotiri bei Limassol ab, 3. M\u00e4rz 2026   &#8211; AP Photo <\/p>\n<p>Evakuierung von 400.000 franz\u00f6sischen Staatsangeh\u00f6rigen<\/p>\n<p class=\"mb-4 text-lg md:leading-8 break-words\">Macron wies darauf hin, dass rund 400.000 Franzosen in der Region leben. &#8222;Wir organisieren geordnet die R\u00fcckf\u00fchrung unserer B\u00fcrger, die ausreisen wollen, beginnend mit den am meisten gef\u00e4hrdeten Personen&#8220;, erkl\u00e4rte er. Die ersten beiden Evakuierungsfl\u00fcge w\u00fcrden noch am Dienstagabend in Paris landen.<\/p>\n","protected":false},"excerpt":{"rendered":"In einer Fernsehansprache am Dienstagabend machte der franz\u00f6sische Pr\u00e4sident Emmanuel Macron Teheran f\u00fcr die sich zuspitzende Krise verantwortlich&hellip;\n","protected":false},"author":2,"featured_media":842960,"comment_status":"","ping_status":"","sticky":false,"template":"","format":"standard","meta":{"footnotes":"","_share_on_mastodon":"0"},"categories":[3974],"tags":[331,332,4441,31631,548,663,3934,3980,156,13,451,14,15,12,89022,4961],"class_list":["post-842959","post","type-post","status-publish","format-standard","has-post-thumbnail","category-frankreich","tag-aktuelle-nachrichten","tag-aktuelle-news","tag-dienstagabend","tag-drohnenangriffen","tag-eu","tag-europa","tag-europe","tag-france","tag-frankreich","tag-headlines","tag-militaer","tag-nachrichten","tag-news","tag-schlagzeilen","tag-vereinigten-arabischen-emiraten","tag-verteidigung"],"share_on_mastodon":{"url":"https:\/\/pubeurope.com\/@de\/116171971557709899","error":""},"_links":{"self":[{"href":"https:\/\/www.europesays.com\/de\/wp-json\/wp\/v2\/posts\/842959","targetHints":{"allow":["GET"]}}],"collection":[{"href":"https:\/\/www.europesays.com\/de\/wp-json\/wp\/v2\/posts"}],"about":[{"href":"https:\/\/www.europesays.com\/de\/wp-json\/wp\/v2\/types\/post"}],"author":[{"embeddable":true,"href":"https:\/\/www.europesays.com\/de\/wp-json\/wp\/v2\/users\/2"}],"replies":[{"embeddable":true,"href":"https:\/\/www.europesays.com\/de\/wp-json\/wp\/v2\/comments?post=842959"}],"version-history":[{"count":0,"href":"https:\/\/www.europesays.com\/de\/wp-json\/wp\/v2\/posts\/842959\/revisions"}],"wp:featuredmedia":[{"embeddable":true,"href":"https:\/\/www.europesays.com\/de\/wp-json\/wp\/v2\/media\/842960"}],"wp:attachment":[{"href":"https:\/\/www.europesays.com\/de\/wp-json\/wp\/v2\/media?parent=842959"}],"wp:term":[{"taxonomy":"category","embeddable":true,"href":"https:\/\/www.europesays.com\/de\/wp-json\/wp\/v2\/categories?post=842959"},{"taxonomy":"post_tag","embeddable":true,"href":"https:\/\/www.europesays.com\/de\/wp-json\/wp\/v2\/tags?post=842959"}],"curies":[{"name":"wp","href":"https:\/\/api.w.org\/{rel}","templated":true}]}}