{"id":843133,"date":"2026-03-04T18:39:15","date_gmt":"2026-03-04T18:39:15","guid":{"rendered":"https:\/\/www.europesays.com\/de\/843133\/"},"modified":"2026-03-04T18:39:15","modified_gmt":"2026-03-04T18:39:15","slug":"huschhalle-in-dresden-bekommt-neuen-song","status":"publish","type":"post","link":"https:\/\/www.europesays.com\/de\/843133\/","title":{"rendered":"&#8222;Huschhalle&#8220; in Dresden bekommt neuen Song"},"content":{"rendered":"<p>Rapper Zander legt nach<\/p>\n<p>&#8222;Huschhalle&#8220; in Dresden bekommt neuen Song &#8211; Videodreh und Ver\u00f6ffentlichung am Sonntag<\/p>\n<p><img decoding=\"async\" alt=\"Sie z\u00e4hlt zu den bekanntesten Kneipen in Dresden. Nun soll ein neuer Song den zwielichtigen Status der \u201eHuschhalle\u201c an der Ecke Tharandter Stra\u00dfe\/Kesselsdorfer Stra\u00dfe untermauern.\" fetchpriority=\"high\"  src=\"https:\/\/www.europesays.com\/de\/wp-content\/uploads\/2026\/03\/WFARB4D74K6QPI3DCSSW2UDWQ4.jpg\" \/><\/p>\n<p>App \u00f6ffnen<\/p>\n<p class=\"Textstyled__Text-sc-1cqv9mi-0 dKgfuR ArticleHeadstyled__ArticleSubHeadline-sc-tdzyy5-11 fXdZot\">Ein neuer Song soll den zwielichtigen Ruf der Dresdner Kneipe \u201eHuschhalle\u201c untermauern. Rapper \u201eZander\u201c plant die Ver\u00f6ffentlichung am 8. M\u00e4rz in der Kneipe selbst &#8211; und hofft auf viel Publikum.<\/p>\n<p class=\"Textstyled__Text-sc-1cqv9mi-0 dKgfuR\">Dresden. Sie z\u00e4hlt zu den bekanntesten Kneipen in Dresden. Nun soll ein neuer Song den zwielichtigen Ruf der \u201eHuschhalle\u201c an der Ecke Tharandter Stra\u00dfe\/Kesselsdorfer Stra\u00dfe untermauern. Der Dresdner Rapper Alexander Zacharias hatte mit Freunden vor fast 15 Jahren eine erste Hommage an das Lokal ver\u00f6ffentlicht. Sie wurde hunderttausendfach gestreamt. Am Sonntag, 8. M\u00e4rz, will Zacharias alias \u201eZander\u201c den Nachfolger ver\u00f6ffentlichen &#8211; nat\u00fcrlich in der Huschhalle. Ab 14 Uhr soll es au\u00dferdem ein Videodreh geben, <a href=\"https:\/\/www.tag24.de\/dresden\/lokales\/huschhalle-im-ausnahmezustand-nach-15-jahren-kommt-endlich-ein-neuer-song-3476653\" target=\"_blank\" rel=\"noreferrer nofollow noopener\" title=\"https:\/\/www.tag24.de\/dresden\/lokales\/huschhalle-im-ausnahmezustand-nach-15-jahren-kommt-endlich-ein-neuer-song-3476653\" data-vars-event-category=\"intext_link\" data-vars-event-action=\"click\" data-vars-event-label=\"https:\/\/www.tag24.de\/dresden\/lokales\/huschhalle-im-ausnahmezustand-nach-15-jahren-kommt-endlich-ein-neuer-song-3476653\">wie Tag24 berichtet<\/a>. <\/p>\n<p>Weiterlesen nach der Anzeige<\/p>\n<p>Weiterlesen nach der Anzeige<\/p>\n<p class=\"Textstyled__Text-sc-1cqv9mi-0 dKgfuR\">In einem Tiktok-Video verk\u00fcndet Zacharias: \u201eHuschhalle 2 ist fertig\u201c. Die Kollegen h\u00e4tten Top-Arbeit geleistet. Am 8. M\u00e4rz sei \u201eRelease\u201c. \u201eIhr d\u00fcrft Euch auf Einiges gefasst machen.\u201c Um 18 Uhr soll der neue Song auf allen Kan\u00e4len verf\u00fcgbar sein.<\/p>\n<p class=\"Textstyled__Text-sc-1cqv9mi-0 dKgfuR\">Das Original war 2012 ver\u00f6ffentlicht worden &#8211; mit dem Refrain: \u201eKomm, M\u00e4dchen, komm, in die Huschhalle\/Komm zu uns, wir sitzen hier alle\/Und wir trinken Chantr\u00e9 bis sich keiner mehr bewegt\/Sag allen Bescheid, die Huschhalle lebt\u201c <\/p>\n<p>Weiterlesen nach der Anzeige<\/p>\n<p>Weiterlesen nach der Anzeige<\/p>\n<p class=\"Textstyled__Text-sc-1cqv9mi-0 dKgfuR\">\u201eKomm, M\u00e4dchen, komm, in die Huschhalle\u201c soll nun auch der Nachfolger hei\u00dfen. Dazu gibt es aber neue Zeilen auf Ballermann-Niveau, wie zum Beispiel \u201eDie Sonne geht auf, ich gehe unter. Meine Freunde nennen mich das Blaue Wunder\u201c oder \u201eWir kennen keinen Halt, versaufen das Gehalt\u201c. Zacharias w\u00fcnscht sich viel Publikum am Sonntag. \u201eIch tr\u00e4ume von einem Flashmob\u201c, sagt er gegen\u00fcber Tag24.<\/p>\n<p class=\"Textstyled__Text-sc-1cqv9mi-0 dKgfuR\">Die \u201eHuschhalle\u201c, deren eigentlicher Name \u201eImbiss Am Dreikaiserhof\u201c ist, hat traditionell 23 Stunden am Tag ge\u00f6ffnet und erfreut sich eines trinkfesten Publikums. Negative Aufmerksamkeit erhielt das Lokal im Jahr 2017, als der 61-j\u00e4hrige Geza L. dort am 1. August auf der Toilette zu Tode gepr\u00fcgelt wurde.<\/p>\n<p class=\"Editorialstyled__Editorial-sc-1bfvh9l-0 cSmjnJ\">SZ<\/p>\n","protected":false},"excerpt":{"rendered":"Rapper Zander legt nach &#8222;Huschhalle&#8220; in Dresden bekommt neuen Song &#8211; Videodreh und Ver\u00f6ffentlichung am Sonntag App \u00f6ffnen&hellip;\n","protected":false},"author":2,"featured_media":843134,"comment_status":"","ping_status":"","sticky":false,"template":"","format":"standard","meta":{"footnotes":"","_share_on_mastodon":"0"},"categories":[1835],"tags":[3364,29,2386,30,859],"class_list":["post-843133","post","type-post","status-publish","format-standard","has-post-thumbnail","category-dresden","tag-de","tag-deutschland","tag-dresden","tag-germany","tag-sachsen"],"share_on_mastodon":{"url":"https:\/\/pubeurope.com\/@de\/116172368724344258","error":""},"_links":{"self":[{"href":"https:\/\/www.europesays.com\/de\/wp-json\/wp\/v2\/posts\/843133","targetHints":{"allow":["GET"]}}],"collection":[{"href":"https:\/\/www.europesays.com\/de\/wp-json\/wp\/v2\/posts"}],"about":[{"href":"https:\/\/www.europesays.com\/de\/wp-json\/wp\/v2\/types\/post"}],"author":[{"embeddable":true,"href":"https:\/\/www.europesays.com\/de\/wp-json\/wp\/v2\/users\/2"}],"replies":[{"embeddable":true,"href":"https:\/\/www.europesays.com\/de\/wp-json\/wp\/v2\/comments?post=843133"}],"version-history":[{"count":0,"href":"https:\/\/www.europesays.com\/de\/wp-json\/wp\/v2\/posts\/843133\/revisions"}],"wp:featuredmedia":[{"embeddable":true,"href":"https:\/\/www.europesays.com\/de\/wp-json\/wp\/v2\/media\/843134"}],"wp:attachment":[{"href":"https:\/\/www.europesays.com\/de\/wp-json\/wp\/v2\/media?parent=843133"}],"wp:term":[{"taxonomy":"category","embeddable":true,"href":"https:\/\/www.europesays.com\/de\/wp-json\/wp\/v2\/categories?post=843133"},{"taxonomy":"post_tag","embeddable":true,"href":"https:\/\/www.europesays.com\/de\/wp-json\/wp\/v2\/tags?post=843133"}],"curies":[{"name":"wp","href":"https:\/\/api.w.org\/{rel}","templated":true}]}}