{"id":843135,"date":"2026-03-04T18:40:14","date_gmt":"2026-03-04T18:40:14","guid":{"rendered":"https:\/\/www.europesays.com\/de\/843135\/"},"modified":"2026-03-04T18:40:14","modified_gmt":"2026-03-04T18:40:14","slug":"zwei-polizistinnen-tauschen-die-seiten","status":"publish","type":"post","link":"https:\/\/www.europesays.com\/de\/843135\/","title":{"rendered":"Zwei Polizistinnen tauschen die Seiten"},"content":{"rendered":"<ol class=\"id-DonaldBreadcrumb lp_west_breadcrumb id-DonaldBreadcrumb--default\" data-k5a-pos=\"west_breadcrumb\">\n<li class=\"id-Breadcrumb-item\"><a href=\"https:\/\/www.kreiszeitung.de\/\" class=\"id-Breadcrumb-link\" data-id-ec=\"{\" shn=\"\" textlink=\"\" data-k5a-pos=\"1_startseite\" rel=\"nofollow noopener\" target=\"_blank\">Startseite<\/a><\/li>\n<li class=\"id-Breadcrumb-item\"><a href=\"https:\/\/www.kreiszeitung.de\/lokales\/\" class=\"id-Breadcrumb-link\" data-id-ec=\"{\" shn=\"\" textlink=\"\" data-k5a-pos=\"2_lokales\" rel=\"nofollow noopener\" target=\"_blank\">Lokales<\/a><\/li>\n<li class=\"id-Breadcrumb-item\"><a href=\"https:\/\/www.kreiszeitung.de\/lokales\/diepholz\/\" class=\"id-Breadcrumb-link\" data-id-ec=\"{\" shn=\"\" textlink=\"\" diepholz=\"\" data-k5a-pos=\"3_landkreisDiepholz\" rel=\"nofollow noopener\" target=\"_blank\">Landkreis Diepholz<\/a><\/li>\n<li class=\"id-Breadcrumb-item\"><a href=\"https:\/\/www.kreiszeitung.de\/lokales\/diepholz\/weyhe-ort54198\/\" class=\"id-Breadcrumb-link\" data-id-ec=\"{\" shn=\"\" textlink=\"\" data-k5a-pos=\"4_weyhe\" rel=\"nofollow noopener\" target=\"_blank\">Weyhe<\/a><\/li>\n<\/ol>\n<p class=\"id-Story-timestamp id-Story-timestamp--default\">Stand: 04.03.2026, 19:00 Uhr<\/p>\n<p class=\"id-Story-authors id-Story-authors--default\">Von: <a class=\"id-Story-authors-link lp_west_author\" href=\"https:\/\/www.kreiszeitung.de\/autor\/dierck-wittenberg-6t32g0f4y.html\" title=\"Zur Autorenseite von Dierck Wittenberg\" data-id-ec=\"{\" shn=\"\" author-link=\"\" wittenberg=\"\" data-k5a-pos=\"west_author\" rel=\"nofollow noopener\" target=\"_blank\">Dierck Wittenberg<\/a><\/p>\n<p class=\"id-Story-interactionBar id-Story-interactionBar--default\">DruckenTeilen<\/p>\n<p><img decoding=\"async\" class=\"id-RatioPlaceholder-element wv_story_el_image\" src=\"https:\/\/www.europesays.com\/de\/wp-content\/uploads\/2026\/03\/41707528-laenderuebergreifende-zusammenarbeit-die-leitenden-beamten-des-weyhe-weyher-kommissariats-a.jpeg\" loading=\"eager\" fetchpriority=\"high\"   height=\"792\" width=\"1408\" alt=\"L&#xE4;nder&#xFC;bergreifende Zusammenarbeit: Die leitenden Beamten des Weyhe Weyher Kommissariats, Andrick Hackmann und Sebastian Landwehr mit Julia Pape und Anke Dehne vom Bremer Einsatzdienst S&#xFC;d und die Weyher Streifenpolizistin Friedrike Hirtreiter. \"\/>F\u00fcr den kurzen Dienstweg: Die leitenden Beamten des Weyher Kommissariats, (v.l.) Andrick Hackmann und Sebastian Landwehr, Julia Pape und Referatsleiterin Anke Dehne vom Bremer Einsatzdienst S\u00fcd sowie die Weyher Streifenpolizistin Friederike Hirtreiter. \u00a9\u00a0Dierck Wittenberg<\/p>\n<p class=\"id-StoryElement-leadText\">Die Polizei in Bremen und in Weyhe hat ihren Austausch fortgesetzt. Zwei Beamtinnen berichten von Gemeinsamkeiten, aber auch von Unterschieden zwischen Stadt und Land.<\/p>\n<p class=\"id-StoryElement-paragraph\">Leeste\/Bremen \u2013 Die L\u00e4ndergrenze zwischen <a href=\"https:\/\/www.kreiszeitung.de\/lokales\/bremen\/\" class=\"id-import-Link\" title=\"Bremen\" data-id-ec=\"{&quot;sht&quot;:&quot;Container&quot;,&quot;shn&quot;:&quot;Story&quot;,&quot;p&quot;:{&quot;containerType&quot;:&quot;Paragraph&quot;,&quot;displayType&quot;:&quot;Paragraph InlineLink&quot;,&quot;type&quot;:&quot;INLINE_LINK&quot;,&quot;value&quot;:&quot;Bremen&quot;,&quot;variant&quot;:&quot;standardLink&quot;,&quot;sponsored&quot;:false,&quot;linkHref&quot;:&quot;https:\/\/www.kreiszeitung.de\/lokales\/bremen\/&quot;,&quot;storyElementPosition&quot;:8,&quot;storyElementCount&quot;:14}}\" rel=\"nofollow noopener\" target=\"_blank\">Bremen<\/a> einerseits und <a href=\"https:\/\/www.kreiszeitung.de\/lokales\/diepholz\/stuhr-ort52271\/\" class=\"id-import-Link\" title=\"Stuhr\" data-id-ec=\"{&quot;sht&quot;:&quot;Container&quot;,&quot;shn&quot;:&quot;Story&quot;,&quot;p&quot;:{&quot;containerType&quot;:&quot;Paragraph&quot;,&quot;displayType&quot;:&quot;Paragraph InlineLink&quot;,&quot;type&quot;:&quot;INLINE_LINK&quot;,&quot;value&quot;:&quot;Stuhr&quot;,&quot;variant&quot;:&quot;standardLink&quot;,&quot;sponsored&quot;:false,&quot;linkHref&quot;:&quot;https:\/\/www.kreiszeitung.de\/lokales\/diepholz\/stuhr-ort52271\/&quot;,&quot;storyElementPosition&quot;:8,&quot;storyElementCount&quot;:14}}\" rel=\"nofollow noopener\" target=\"_blank\">Stuhr<\/a> und <a href=\"https:\/\/www.kreiszeitung.de\/lokales\/diepholz\/weyhe-ort54198\/\" target=\"_blank\" class=\"id-import-Link\" data-id-ec=\"{&quot;sht&quot;:&quot;Container&quot;,&quot;shn&quot;:&quot;Story&quot;,&quot;p&quot;:{&quot;containerType&quot;:&quot;Paragraph&quot;,&quot;displayType&quot;:&quot;Paragraph InlineLink&quot;,&quot;type&quot;:&quot;INLINE_LINK&quot;,&quot;value&quot;:&quot;Weyhe&quot;,&quot;variant&quot;:&quot;standardLink&quot;,&quot;sponsored&quot;:false,&quot;linkHref&quot;:&quot;https:\/\/www.kreiszeitung.de\/lokales\/diepholz\/weyhe-ort54198\/&quot;,&quot;storyElementPosition&quot;:8,&quot;storyElementCount&quot;:14}}\" rel=\"nofollow noopener\">Weyhe<\/a> andererseits ist bekanntlich ziemlich durchl\u00e4ssig, und das gilt auch f\u00fcr Ladendiebe oder \u2013 beispielsweise \u2013 Einbrecher in Bankschlie\u00dffachr\u00e4ume und Juweliergesch\u00e4fte. Umgekehrt ist Polizei in Deutschland L\u00e4ndersache, und das bedeutet: Hinter Brinkum und Dreye \u00e4ndern sich die Zust\u00e4ndigkeiten. Was die Verfolgung und Ermittlung aber nicht behindern soll. \u201eWir arbeiten mit der Polizei in Bremen auf verschiedenen Ebenen zusammen\u201c, sagt Sebastian Landwehr, neuer Leiter des auch f\u00fcr Stuhr zust\u00e4ndigen Kommissariats in Weyhe-Leeste.<\/p>\n<p class=\"id-StoryElement-paragraph\">Vor diesem Hintergrund wurde und wird unter Landwehrs \u00c4gide der <a href=\"https:\/\/www.kreiszeitung.de\/lokales\/diepholz\/weyhe-ort54198\/polizei-austausch-zwischen-streifenbeamten-aus-weyhe-und-bremen-92337282.html\" class=\"id-import-Link\" data-id-ec=\"{&quot;sht&quot;:&quot;Container&quot;,&quot;shn&quot;:&quot;Story&quot;,&quot;p&quot;:{&quot;containerType&quot;:&quot;Paragraph&quot;,&quot;displayType&quot;:&quot;Paragraph InlineLink&quot;,&quot;type&quot;:&quot;INLINE_LINK&quot;,&quot;value&quot;:&quot;Austausch zwischen Weyhe und dem Bremer Polizeikommissariat S&#xFC;d fortgef&#xFC;hrt&quot;,&quot;variant&quot;:&quot;standardLink&quot;,&quot;sponsored&quot;:false,&quot;linkHref&quot;:&quot;https:\/\/www.kreiszeitung.de\/lokales\/diepholz\/weyhe-ort54198\/polizei-austausch-zwischen-streifenbeamten-aus-weyhe-und-bremen-92337282.html&quot;,&quot;storyElementPosition&quot;:10,&quot;storyElementCount&quot;:14}}\" rel=\"nofollow noopener\" target=\"_blank\">Austausch zwischen Weyhe und dem Bremer Polizeikommissariat S\u00fcd fortgef\u00fchrt<\/a>, das f\u00fcr das gesamte Stadtgebiet links der Weser mit den Stadtteilen Huchting, Neustadt, Obervieland und Woltmershausen zust\u00e4ndig ist. Zwei Polizistinnen \u2013 Friederike Hirtreiter vom Weyher Kommissariat und Julia Pape vom Bremer Einsatzdienst \u2013 waren im vergangenen Herbst f\u00fcr zehn Wochen auf der jeweils anderen Seite auf Streife. Der Austausch, der 2023 nach einer Coronapause wieder aufgenommen wurde, soll dem Weyher Polizeichef zufolge das gegenseitige Verst\u00e4ndnis f\u00f6rdern. Allein dadurch, dass man hinterher beim Anruf bei den Kollegen im anderen Bundesland ein Gesicht mit der Stimme am Telefon verbindet. Dabei gehe es auch darum, sich pers\u00f6nlich weiterzuentwickeln und den Horizont zu erweitern, erkl\u00e4rt Landwehr.<\/p>\n<p class=\"id-StoryElement-paragraph\">Ein gro\u00dfer Unterschied, von dem die Beteiligten \u00fcbereinstimmend berichten, besteht in der Planung der Dienste. Aber die Unterschiede sind demnach nicht nur durch die verschiedenen Bundesl\u00e4nder bedingt, sondern auch durch die Unterschiede zwischen Gro\u00dfstadt und eher l\u00e4ndlichem Raum. \u201eIch war erstaunt, wie viel man auf dem Land zu tun hat\u201c, sagt Julia Pape. Sie ist normalerweise im Bremer S\u00fcden im Einsatz, wohnt aber in Weyhe. \u00c4hnlichkeiten zwischen beiden Gebieten bestehen der Polizistin zufolge bei den Verkehrsf\u00e4llen und Ladendiebst\u00e4hlen, aber auch darin, dass es einige Einbr\u00fcche gegeben habe. Mit Gewaltdelikten und K\u00f6rperverletzungen habe sie im Bremer S\u00fcden viel mehr zu tun. In Stuhr und Weyhe dagegen sehr viel h\u00e4ufiger mit Wildunf\u00e4llen.<\/p>\n<p class=\"id-StoryElement-paragraph\">\u201eEs gibt hier keine Drogenszene\u201c, nennt die Weyher Kollegin Friederike Hirtreiter einen Unterschied, der ihr als Gegensatz zu Bremen aufgefallen ist. \u201eBremen hat mehr Straftaten, aber auch mehr Einsatzkr\u00e4fte\u201c, sagt Hirtreiter. Direkt zu Anfang des Austauschs war die Polizistin bei einem T\u00f6tungsdelikt im Einsatz: Ein 32-J\u00e4hriger hatte auf seine Expartnerin und den gemeinsamen Sohn eingestochen, die Frau starb an ihren Verletzungen. \u201eSo viel Personal habe ich noch nie auf einmal gesehen\u201c, sagt die Polizistin aus Niedersachsen \u00fcber den Einsatz in Kattenturm. Sie zeigt sich im Gespr\u00e4ch beeindruckt davon, wie schnell die Bremer Polizei auf solch eine Lage reagieren k\u00f6nne. Wenn man eine Spezialeinheit anfordere, sei die bereits in der Stadt. Im Fl\u00e4chenland Niedersachsen ist das anders. Laut Referatsleiterin Anke Dehne hat sie im Bremer S\u00fcden 90 Mitarbeiterinnen und Mitarbeiter im Einsatz- und Streifendienst. Beim Weyher Kommissariat arbeiten \u00fcber alle T\u00e4tigkeitsfelder hinweg rund 70 Leute.<\/p>\n<p class=\"id-StoryElement-paragraph\">Von F\u00e4llen, die bundesweit Aufsehen erregt h\u00e4tten, kann Julia Pape aus ihrem Streifendienst in Stuhr und Weyhe nicht berichten. Aber davon, dass sie ebenfalls direkt zu Beginn an der Rettung eines jungen Schwans beteiligt war. Den angeschlagenen Vogel habe sie zu einer Nabu-Station in <a href=\"https:\/\/www.kreiszeitung.de\/lokales\/oldenburg\/ganderkesee-ort58756\/\" class=\"id-import-Link\" title=\"Ganderkesee\" data-id-ec=\"{&quot;sht&quot;:&quot;Container&quot;,&quot;shn&quot;:&quot;Story&quot;,&quot;p&quot;:{&quot;containerType&quot;:&quot;Paragraph&quot;,&quot;displayType&quot;:&quot;Paragraph InlineLink&quot;,&quot;type&quot;:&quot;INLINE_LINK&quot;,&quot;value&quot;:&quot;Ganderkesee&quot;,&quot;variant&quot;:&quot;standardLink&quot;,&quot;sponsored&quot;:false,&quot;linkHref&quot;:&quot;https:\/\/www.kreiszeitung.de\/lokales\/oldenburg\/ganderkesee-ort58756\/&quot;,&quot;storyElementPosition&quot;:14,&quot;storyElementCount&quot;:14}}\" rel=\"nofollow noopener\" target=\"_blank\">Ganderkesee<\/a> gebracht. Die Rettung von Wildtieren ist \u00fcbrigens nicht Bestandteil der Polizeiausbildung. Dehne: \u201eMan muss erfinderisch sein, das geh\u00f6rt zu unserem Beruf dazu.\u201c<\/p>\n","protected":false},"excerpt":{"rendered":"Startseite Lokales Landkreis Diepholz Weyhe Stand: 04.03.2026, 19:00 Uhr Von: Dierck Wittenberg DruckenTeilen F\u00fcr den kurzen Dienstweg: Die&hellip;\n","protected":false},"author":2,"featured_media":843136,"comment_status":"","ping_status":"","sticky":false,"template":"","format":"standard","meta":{"footnotes":"","_share_on_mastodon":"0"},"categories":[1824],"tags":[2420,3364,29,30],"class_list":["post-843135","post","type-post","status-publish","format-standard","has-post-thumbnail","category-bremen","tag-bremen","tag-de","tag-deutschland","tag-germany"],"share_on_mastodon":{"url":"https:\/\/pubeurope.com\/@de\/116172372608595794","error":""},"_links":{"self":[{"href":"https:\/\/www.europesays.com\/de\/wp-json\/wp\/v2\/posts\/843135","targetHints":{"allow":["GET"]}}],"collection":[{"href":"https:\/\/www.europesays.com\/de\/wp-json\/wp\/v2\/posts"}],"about":[{"href":"https:\/\/www.europesays.com\/de\/wp-json\/wp\/v2\/types\/post"}],"author":[{"embeddable":true,"href":"https:\/\/www.europesays.com\/de\/wp-json\/wp\/v2\/users\/2"}],"replies":[{"embeddable":true,"href":"https:\/\/www.europesays.com\/de\/wp-json\/wp\/v2\/comments?post=843135"}],"version-history":[{"count":0,"href":"https:\/\/www.europesays.com\/de\/wp-json\/wp\/v2\/posts\/843135\/revisions"}],"wp:featuredmedia":[{"embeddable":true,"href":"https:\/\/www.europesays.com\/de\/wp-json\/wp\/v2\/media\/843136"}],"wp:attachment":[{"href":"https:\/\/www.europesays.com\/de\/wp-json\/wp\/v2\/media?parent=843135"}],"wp:term":[{"taxonomy":"category","embeddable":true,"href":"https:\/\/www.europesays.com\/de\/wp-json\/wp\/v2\/categories?post=843135"},{"taxonomy":"post_tag","embeddable":true,"href":"https:\/\/www.europesays.com\/de\/wp-json\/wp\/v2\/tags?post=843135"}],"curies":[{"name":"wp","href":"https:\/\/api.w.org\/{rel}","templated":true}]}}