{"id":843137,"date":"2026-03-04T18:41:15","date_gmt":"2026-03-04T18:41:15","guid":{"rendered":"https:\/\/www.europesays.com\/de\/843137\/"},"modified":"2026-03-04T18:41:15","modified_gmt":"2026-03-04T18:41:15","slug":"bombendrohungen-in-augsburg-und-bremen","status":"publish","type":"post","link":"https:\/\/www.europesays.com\/de\/843137\/","title":{"rendered":"Bombendrohungen in Augsburg und Bremen"},"content":{"rendered":"<p><img decoding=\"async\" loading=\"lazy\" fetchpriority=\"low\" alt=\"Einsatzkr\u00e4fte der Polizei sperren den Bremer Hauptbahnhof ab. \" class=\"pei0kpe\"\/><\/p>\n<p class=\"c1pbsmr2\">Die wegen einer Bombendrohung vorr\u00fcbergehend gesperrten Bahnh\u00f6fe in Bremen und Augsburg sind wieder freigegeben worden. Laut einer Sprecherin der Polizei, bestehe keine Gefahr.<\/p>\n<p>04.03.2026 | 0:37 min<\/p>\n<p class=\"r1nj4qn5 rvqyqzi\">An zwei Bahnh\u00f6fen in Deutschland galt an diesem Mittwoch Bombenalarm: in Bremen und in Augsburg. <br \/>Zuerst wurde der Bremer Hauptbahnhof wegen einer Bombendrohung ger\u00e4umt und abgesperrt. Inzwischen ist er wieder freigegeben worden. Der Einsatz sei beendet, teilte die <a data-testid=\"richtext-link\" class=\"_nl_\" id=\"0babce19\" href=\"https:\/\/www.zdfheute.de\/thema\/gdp-polizei-gewerkschaft-100.html\" rel=\"nofollow noopener\" target=\"_blank\">Polizei<\/a> mit. Es bestehe keine Gefahr, sagte eine Sprecherin. Das Geb\u00e4ude sei wieder ohne Einschr\u00e4nkungen zug\u00e4nglich.<\/p>\n<p class=\"r1nj4qn5 rvqyqzi\">Zuvor hatte ein spezieller Roboter der Bundespolizei einen Gegenstand auf einem Gleis untersucht und ger\u00f6ntgt. Nun versuchen die Beamten zu kl\u00e4ren, wer f\u00fcr die Bombendrohung verantwortlich ist. <\/p>\n<p>Was ist passiert?<\/p>\n<p class=\"r1nj4qn5 rvqyqzi\">Ein Anrufer hatte zuvor \u00fcber den Zentralruf der Polizei mitgeteilt, Sprengstoff sei im Bremer Hauptbahnhof abgelegt worden. Nach dem Anruf am fr\u00fchen Nachmittag wurde der Hauptbahnhof ger\u00e4umt. Hunderte Menschen mit Gep\u00e4ck warteten vor dem Geb\u00e4ude, wie eine dpa-Reporterin berichtete. Demnach war die Stimmung bei den Reisenden \u00fcberwiegend ruhig und unaufgeregt. Polizei, Bundespolizei und Feuerwehr waren mit Einsatzkr\u00e4ften und Fahrzeugen vor Ort. Mindestens ein Polizeihund war zu sehen. Spezialkr\u00e4fte untersuchten das Geb\u00e4ude, Sprengmittel wurden nicht gefunden.<\/p>\n<p><img decoding=\"async\" loading=\"lazy\" fetchpriority=\"low\" alt=\"Bahn\" class=\"pei0kpe\"\/><\/p>\n<p class=\"c1pbsmr2\">Nach den j\u00fcngsten Angriffen auf Bahnangestellte sollen Bodycams eingesetzt werden. Detlef Neu\u00df vom Fahrgastverband \u201cPro Bahn\u201c sieht das positiv: \u201cEs dient der Dokumentation einer m\u00f6glichen Straftat\u201c.<\/p>\n<p>16.02.2026 | 6:55 min<\/p>\n<p>Versp\u00e4tungen im Zugverkehr<\/p>\n<p class=\"r1nj4qn5 rvqyqzi\">Die Bombendrohung und Sperrung sorgten bei der <a data-testid=\"richtext-link\" class=\"_nl_\" id=\"0bd20613\" href=\"https:\/\/www.zdfheute.de\/thema\/deutsche-bahn-160.html\" rel=\"nofollow noopener\" target=\"_blank\">Bahn<\/a> f\u00fcr Verz\u00f6gerungen und Versp\u00e4tungen. Z\u00fcge konnten den Bremer Bahnhof vor\u00fcbergehend nicht anfahren und verlassen. Auch nach der Freigabe gab es zun\u00e4chst deutliche Versp\u00e4tungen von teilweise rund zwei Stunden.<\/p>\n<p>Drohung am Augsburger Hauptbahnhof<\/p>\n<p class=\"r1nj4qn5 rvqyqzi\">Auch der Augsburger Hauptbahnhof war am fr\u00fchen Nachmittag wegen einer Drohung gesperrt und sp\u00e4ter wieder freigegeben worden. Die Polizei in Bayern teilte auf X mit, der Bahnhof sei ger\u00e4umt und mit Polizeihunden abgesucht worden. Nach etwas mehr als einer Stunde gaben die Beamten Entwarnung: <\/p>\n<p>Ein Klick f\u00fcr den Datenschutz<\/p>\n<p class=\"r1nj4qn5 t1y6ogip rvqyqzi\">Erst wenn Sie hier klicken, werden Bilder und andere Daten von X nachgeladen. Ihre IP-Adresse wird dabei an externe Server von X \u00fcbertragen. \u00dcber den Datenschutz dieses Social Media-Anbieters k\u00f6nnen Sie sich auf der Seite von X informieren. Um Ihre k\u00fcnftigen Besuche zu erleichtern, speichern wir Ihre Zustimmung in den <a data-testid=\"richtext-link\" class=\"_nl_\" id=\"f24a13eb\" href=\"https:\/\/www.zdfheute.de\/einstellungen\/datenschutzeinstellungen\" rel=\"nofollow noopener\" target=\"_blank\">Datenschutzeinstellungen<\/a>. Ihre Zustimmung k\u00f6nnen Sie im Bereich \u201eMeine News\u201c jederzeit widerrufen.<\/p>\n<p class=\"r1nj4qn5 rvqyqzi\">Kurze Zeit sp\u00e4ter wurde der Augsburger Bahnhof wieder freigegeben.<\/p>\n<p class=\"r1nj4qn5 rvqyqzi\">Die Bahn teilte auf ihrem St\u00f6rungsportal mit, Z\u00fcge von und nach Augsburg seien wegen des Einsatzes vorerst zur\u00fcckgehalten worden. Nach dem Ende der Absuche rechnete eine Bahnsprecherin damit, dass sich der Zugverkehr &#8222;zeitnah wieder normalisieren&#8220; werde.<\/p>\n<p>H\u00e4ngen die Bombendrohungen zusammen?<\/p>\n<p class=\"r1nj4qn5 rvqyqzi\">Auf die Frage nach einem m\u00f6glichen Zusammenhang der beiden Vorf\u00e4lle wollte sich ein Polizeisprecher in Augsburg zun\u00e4chst nicht \u00e4u\u00dfern. Die Polizei ermittle zu den Hintergr\u00fcnden, hie\u00df es. Auch die Polizei in Bremen teilte mit, dass gepr\u00fcft werde, ob es einen Zusammenhang gibt.<\/p>\n<p>Quelle: dpa<\/p>\n","protected":false},"excerpt":{"rendered":"Die wegen einer Bombendrohung vorr\u00fcbergehend gesperrten Bahnh\u00f6fe in Bremen und Augsburg sind wieder freigegeben worden. Laut einer Sprecherin&hellip;\n","protected":false},"author":2,"featured_media":843138,"comment_status":"","ping_status":"","sticky":false,"template":"","format":"standard","meta":{"footnotes":"","_share_on_mastodon":"0"},"categories":[1824],"tags":[2420,3364,29,30],"class_list":["post-843137","post","type-post","status-publish","format-standard","has-post-thumbnail","category-bremen","tag-bremen","tag-de","tag-deutschland","tag-germany"],"share_on_mastodon":{"url":"https:\/\/pubeurope.com\/@de\/116172376396561074","error":""},"_links":{"self":[{"href":"https:\/\/www.europesays.com\/de\/wp-json\/wp\/v2\/posts\/843137","targetHints":{"allow":["GET"]}}],"collection":[{"href":"https:\/\/www.europesays.com\/de\/wp-json\/wp\/v2\/posts"}],"about":[{"href":"https:\/\/www.europesays.com\/de\/wp-json\/wp\/v2\/types\/post"}],"author":[{"embeddable":true,"href":"https:\/\/www.europesays.com\/de\/wp-json\/wp\/v2\/users\/2"}],"replies":[{"embeddable":true,"href":"https:\/\/www.europesays.com\/de\/wp-json\/wp\/v2\/comments?post=843137"}],"version-history":[{"count":0,"href":"https:\/\/www.europesays.com\/de\/wp-json\/wp\/v2\/posts\/843137\/revisions"}],"wp:featuredmedia":[{"embeddable":true,"href":"https:\/\/www.europesays.com\/de\/wp-json\/wp\/v2\/media\/843138"}],"wp:attachment":[{"href":"https:\/\/www.europesays.com\/de\/wp-json\/wp\/v2\/media?parent=843137"}],"wp:term":[{"taxonomy":"category","embeddable":true,"href":"https:\/\/www.europesays.com\/de\/wp-json\/wp\/v2\/categories?post=843137"},{"taxonomy":"post_tag","embeddable":true,"href":"https:\/\/www.europesays.com\/de\/wp-json\/wp\/v2\/tags?post=843137"}],"curies":[{"name":"wp","href":"https:\/\/api.w.org\/{rel}","templated":true}]}}