{"id":843369,"date":"2026-03-04T20:49:23","date_gmt":"2026-03-04T20:49:23","guid":{"rendered":"https:\/\/www.europesays.com\/de\/843369\/"},"modified":"2026-03-04T20:49:23","modified_gmt":"2026-03-04T20:49:23","slug":"landtagswahl-acht-bewerber-im-wahlkreis-37-wer-antritt-und-wer-die-besten-chancen-hat-ludwigshafen","status":"publish","type":"post","link":"https:\/\/www.europesays.com\/de\/843369\/","title":{"rendered":"Landtagswahl: Acht Bewerber im Wahlkreis 37 \u2013 wer antritt und wer die besten Chancen hat &#8211; Ludwigshafen"},"content":{"rendered":"<p class=\"rhp-dpa-teaser\"><b>Im Wahlkreis 37 (Ludwigshafen II) treten  am 22. M\u00e4rz acht Kandidaten an. Die besten  Chancen f\u00fcr ein Direktmandat  haben  die Bewerber von SPD,  CDU  und  AfD. Ein \u00dcberblick.<\/b><\/p>\n<p>SPD: Gregory Scholz<img decoding=\"async\" loading=\"lazy\" src=\"https:\/\/www.europesays.com\/de\/wp-content\/uploads\/2026\/03\/6961604_1_articledetail_gregory.webp.webp\" alt=\"Gregory Scholz (SPD)\" title=\"Gregory Scholz (SPD)\" width=\"753\" height=\"502\" class=\"nfy-mobile-first\"\/> Gregory Scholz (SPD)Foto: SPD<\/p>\n<p>F\u00fcr die SPD wirbt <a href=\"https:\/\/www.rheinpfalz.de\/lokal\/ludwigshafen_artikel,-der-neue-spd-chef-scholz-fordert-von-der-partei-mehr-herz-weniger-taschenrechner-_arid,5829863.html\" target=\"_blank\" class=\"external-link-new-window\" title=\"\" rel=\"nofollow noopener\">Parteichef  Gregory Scholz<\/a> (Jahrgang 1981) um die Gunst der W\u00e4hler. Der Gymnasiallehrer \u2013 verheiratet, zwei Kinder \u2013 ist   in <a class=\"rtr-entity\" data-rtr-entity=\"Landau\" data-rtr-id=\"dc4c0b5a6e4250ad76dbb49bbfbb0f5ce3caf12d\" data-rtr-score=\"7.088628112033195\" data-rtr-etype=\"location\" data-rtr-index=\"29\" href=\"https:\/\/www.rheinpfalz.de\/lokal\/landau.html?utm_source=rheinpfalz.de&amp;utm_medium=tms&amp;utm_campaign=intext\" rel=\"nofollow noopener\" target=\"_blank\">Landau<\/a> geboren. Im August 2025 ist der in <a class=\"rtr-entity\" data-rtr-entity=\"Oppau\" data-rtr-id=\"02068ec3bc826c6283260f202d23487b0d42677b\" data-rtr-score=\"14.095565352697095\" data-rtr-etype=\"location\" data-rtr-index=\"35\" href=\"https:\/\/www.rheinpfalz.de\/themen\/ludwigshafen-oppau?utm_source=rheinpfalz.de&amp;utm_medium=tms&amp;utm_campaign=intext\" rel=\"nofollow noopener\" target=\"_blank\">Oppau<\/a> heimische Sozialdemokrat <a href=\"https:\/\/www.rheinpfalz.de\/lokal\/ludwigshafen_artikel,-spd-hoffnungstr%C3%A4ger-aus-lu-scholz-soll-das-ruder-vor-der-landtagswahl-herumrei%C3%9Fen-_arid,5828380.html\" target=\"_blank\" class=\"external-link-new-window\" title=\"\" rel=\"nofollow noopener\">zum Generalsekret\u00e4r der Landes-SPD aufgestiegen<\/a><\/p>\n<p>.<\/p>\n<p class=\"rhp-teaser\"><b>Im Wahlkreis 37 (Ludwigshafen II) treten  am 22. M\u00e4rz acht Kandidaten an. Die besten  Chancen f\u00fcr ein Direktmandat  haben  die Bewerber von SPD,  CDU  und  AfD. Ein \u00dcberblick.<\/b><\/p>\n","protected":false},"excerpt":{"rendered":"Im Wahlkreis 37 (Ludwigshafen II) treten am 22. M\u00e4rz acht Kandidaten an. Die besten Chancen f\u00fcr ein Direktmandat&hellip;\n","protected":false},"author":2,"featured_media":843370,"comment_status":"","ping_status":"","sticky":false,"template":"","format":"standard","meta":{"footnotes":"","_share_on_mastodon":"0"},"categories":[1845],"tags":[186,33027,1634,31,187863,3364,29,548,663,3934,30,82461,13,16535,19399,4060,25476,2096,49495,63765,187862,14,15,58004,187864,91195,12,32413,184,44980],"class_list":["post-843369","post","type-post","status-publish","format-standard","has-post-thumbnail","category-mannheim","tag-afd","tag-alexander-schweitzer","tag-baden-wuerttemberg","tag-cdu","tag-david-helmling","tag-de","tag-deutschland","tag-eu","tag-europa","tag-europe","tag-germany","tag-gregory-scholz","tag-headlines","tag-landau","tag-landtagswahl","tag-lokal","tag-ludwigshafen","tag-mannheim","tag-marion-schneid","tag-maudach","tag-mirijam-mannefeld","tag-nachrichten","tag-news","tag-oppau","tag-patrick-thiel","tag-pfingstweide","tag-schlagzeilen","tag-schmitt","tag-spd","tag-vorderpfalz"],"share_on_mastodon":{"url":"https:\/\/pubeurope.com\/@de\/116172879872787110","error":""},"_links":{"self":[{"href":"https:\/\/www.europesays.com\/de\/wp-json\/wp\/v2\/posts\/843369","targetHints":{"allow":["GET"]}}],"collection":[{"href":"https:\/\/www.europesays.com\/de\/wp-json\/wp\/v2\/posts"}],"about":[{"href":"https:\/\/www.europesays.com\/de\/wp-json\/wp\/v2\/types\/post"}],"author":[{"embeddable":true,"href":"https:\/\/www.europesays.com\/de\/wp-json\/wp\/v2\/users\/2"}],"replies":[{"embeddable":true,"href":"https:\/\/www.europesays.com\/de\/wp-json\/wp\/v2\/comments?post=843369"}],"version-history":[{"count":0,"href":"https:\/\/www.europesays.com\/de\/wp-json\/wp\/v2\/posts\/843369\/revisions"}],"wp:featuredmedia":[{"embeddable":true,"href":"https:\/\/www.europesays.com\/de\/wp-json\/wp\/v2\/media\/843370"}],"wp:attachment":[{"href":"https:\/\/www.europesays.com\/de\/wp-json\/wp\/v2\/media?parent=843369"}],"wp:term":[{"taxonomy":"category","embeddable":true,"href":"https:\/\/www.europesays.com\/de\/wp-json\/wp\/v2\/categories?post=843369"},{"taxonomy":"post_tag","embeddable":true,"href":"https:\/\/www.europesays.com\/de\/wp-json\/wp\/v2\/tags?post=843369"}],"curies":[{"name":"wp","href":"https:\/\/api.w.org\/{rel}","templated":true}]}}