{"id":843426,"date":"2026-03-04T21:22:15","date_gmt":"2026-03-04T21:22:15","guid":{"rendered":"https:\/\/www.europesays.com\/de\/843426\/"},"modified":"2026-03-04T21:22:15","modified_gmt":"2026-03-04T21:22:15","slug":"dank-super-recognizer-polizei-fasst-gesuchten-mann-in-bremen","status":"publish","type":"post","link":"https:\/\/www.europesays.com\/de\/843426\/","title":{"rendered":"Dank Super-Recognizer: Polizei fasst gesuchten Mann in Bremen"},"content":{"rendered":"<p>\n                Stand: 04.03.2026 11:26 Uhr<\/p>\n<p>                    <a href=\"https:\/\/www.europesays.com\/de\/wp-content\/uploads\/2026\/03\/handschellen148.webp.webp\" class=\"zoomimage\" title=\"Bild vergr\u00f6\u00dfern\"><\/p>\n<p>        <img decoding=\"async\" src=\"https:\/\/www.europesays.com\/de\/wp-content\/uploads\/2026\/03\/handschellen148.webp.webp\" alt=\"Ein Mann wird mithilfe von Handschellen festgenommen. (Symbolbild)\" title=\"Der Zivilfahnder erkannte den Tatverd\u00e4chtigen in der Menschenmenge des Bremer Hauptbahnhofs. (Themenbild) | Bundespolizei\" class=\"responsive\" loading=\"lazy\"\/><\/p>\n<p>                    <\/a><\/p>\n<p>                    Der Zivilfahnder erkannte den Tatverd\u00e4chtigen in der Menschenmenge des Bremer Hauptbahnhofs. (Themenbild)<\/p>\n<p class=\"\">Knapp 15 Monate nach einer gef\u00e4hrlichen K\u00f6rperverletzung hat ein sogenannter Super-Recognizer der Bundespolizei Bremen einen mutma\u00dflichen Gewaltt\u00e4ter wiedererkannt. Der Zivilfahnder besitzt die au\u00dfergew\u00f6hnliche F\u00e4higkeit, sich Gesichter zu merken und sie wiederzuerkennen, teilte die Polizei mit. Der 18-J\u00e4hrige fiel dem Super-Recognizer demnach im Hauptbahnhof ins Auge. Im November 2024 soll der junge Mann mit einer anderen Person einen Mann in einem Regionalzug beleidigt haben. Sp\u00e4ter sollen die beiden dem Mann am Kirchweyher Bahnhof mehrfach ins Gesicht geschlagen haben. Anschlie\u00dfend seien sie geflohen. Von den mutma\u00dflichen T\u00e4tern wurden Videoaufzeichnungen gesichert. Diese f\u00fchrten nun dazu, dass der Zivilfahnder einen der M\u00e4nner erkannte. Kollegen nahmen den 18-J\u00e4hrigen am Bahnsteig vorl\u00e4ufig fest.<\/p>\n<p>Dieses Thema im Programm:<\/p>\n<p>                NDR 1 Niedersachsen | Regional Oldenburg | 03.03.2026 | 06:30 Uhr<\/p>\n","protected":false},"excerpt":{"rendered":"Stand: 04.03.2026 11:26 Uhr Der Zivilfahnder erkannte den Tatverd\u00e4chtigen in der Menschenmenge des Bremer Hauptbahnhofs. (Themenbild) Knapp 15&hellip;\n","protected":false},"author":2,"featured_media":839630,"comment_status":"","ping_status":"","sticky":false,"template":"","format":"standard","meta":{"footnotes":"","_share_on_mastodon":"0"},"categories":[1824],"tags":[590,2037,2420,421,3364,29,30,682,14,15,1411,106634],"class_list":["post-843426","post","type-post","status-publish","format-standard","has-post-thumbnail","category-bremen","tag-aktuell","tag-bahnhof","tag-bremen","tag-bundespolizei","tag-de","tag-deutschland","tag-germany","tag-koerperverletzung","tag-nachrichten","tag-news","tag-niedersachsen","tag-super-recognizer"],"share_on_mastodon":{"url":"https:\/\/pubeurope.com\/@de\/116173009550877708","error":""},"_links":{"self":[{"href":"https:\/\/www.europesays.com\/de\/wp-json\/wp\/v2\/posts\/843426","targetHints":{"allow":["GET"]}}],"collection":[{"href":"https:\/\/www.europesays.com\/de\/wp-json\/wp\/v2\/posts"}],"about":[{"href":"https:\/\/www.europesays.com\/de\/wp-json\/wp\/v2\/types\/post"}],"author":[{"embeddable":true,"href":"https:\/\/www.europesays.com\/de\/wp-json\/wp\/v2\/users\/2"}],"replies":[{"embeddable":true,"href":"https:\/\/www.europesays.com\/de\/wp-json\/wp\/v2\/comments?post=843426"}],"version-history":[{"count":0,"href":"https:\/\/www.europesays.com\/de\/wp-json\/wp\/v2\/posts\/843426\/revisions"}],"wp:featuredmedia":[{"embeddable":true,"href":"https:\/\/www.europesays.com\/de\/wp-json\/wp\/v2\/media\/839630"}],"wp:attachment":[{"href":"https:\/\/www.europesays.com\/de\/wp-json\/wp\/v2\/media?parent=843426"}],"wp:term":[{"taxonomy":"category","embeddable":true,"href":"https:\/\/www.europesays.com\/de\/wp-json\/wp\/v2\/categories?post=843426"},{"taxonomy":"post_tag","embeddable":true,"href":"https:\/\/www.europesays.com\/de\/wp-json\/wp\/v2\/tags?post=843426"}],"curies":[{"name":"wp","href":"https:\/\/api.w.org\/{rel}","templated":true}]}}