{"id":843544,"date":"2026-03-04T22:38:18","date_gmt":"2026-03-04T22:38:18","guid":{"rendered":"https:\/\/www.europesays.com\/de\/843544\/"},"modified":"2026-03-04T22:38:18","modified_gmt":"2026-03-04T22:38:18","slug":"kurdische-kaempfer-bringen-sich-offenbar-in-stellung","status":"publish","type":"post","link":"https:\/\/www.europesays.com\/de\/843544\/","title":{"rendered":"Kurdische K\u00e4mpfer bringen sich offenbar in Stellung"},"content":{"rendered":"<p>Newsblog zum Krieg in Nahost <\/p>\n<p>Bericht: Kurdische K\u00e4mpfer bringen sich in Stellung<\/p>\n<p>Aktualisiert am 04.03.2026 &#8211; 22:22 UhrLesedauer: 60 Min.<\/p>\n<p><a href=\"#focus-0\" class=\"transition-colors duration-200 block text-current relative\" data-sctrack=\"FocusGalleryImage.Reference\"><img fetchpriority=\"high\" data-testid=\"Opener.Image\" style=\"--lqipURL:url('https:\/\/images.t-online.de\/2026\/03\/XWJA5k5Xo6AD\/0x417:4000x2250\/fit-in\/150x0\/filters:blur(25)\/irakisch-kurdischer-kaempfer-bei-einer-uebung-nahe-erbil.jpg')\"   loading=\"eager\" src=\"https:\/\/www.europesays.com\/de\/wp-content\/uploads\/2026\/03\/irakisch-kurdischer-kaempfer-bei-einer-uebung-nahe-erbil.jpg\" alt=\"imago images 0845733568\" title=\"imago images 0845733568\" width=\"4000\" height=\"2250\" class=\"bg-[url:var(--lqipURL)] bg-cover bg-center flex h-full w-full max-w-full\" decoding=\"async\"\/><img style=\"--width:32;--height:32\" loading=\"lazy\" src=\"https:\/\/www.t-online.de\/s\/paper\/_next\/static\/media\/zoom-in.f7dae02f.svg\" alt=\"Vergr\u00f6\u00dfern des Bildes\" title=\"Vergr\u00f6\u00dfern des Bildes\" class=\"block h-[calc(var(--height)_\/_16_*_1rem)] w-[calc(var(--width)_\/_16_*_1rem)] max-w-none absolute bottom-8 right-8 rounded-4 bg-snow p-8\" decoding=\"async\"\/><\/a><\/p>\n<p>Irakisch-kurdischer K\u00e4mpfer bei einer \u00dcbung nahe Erbil: Berichten zufolge wollen die USA und Israel das Regime in Teheran mit Hilfe kurdischer Bodentruppen st\u00fcrzen. (Quelle: IMAGO\/Osama Al Maqdoni)<\/p>\n<p class=\"font-bold text-18 leading-17 user-text-lg:text-22 user-text-xl:text-24\">Kurdische Kr\u00e4fte bereiten sich offenbar auf den Kampf gegen Teheran vor. Israel zielt auf den Unterdr\u00fcckungsapparat im Iran. Alle Entwicklungen im Newsblog.<\/p>\n<p class=\"text-18 leading-17 user-text-lg:text-22 user-text-xl:text-24\">Israels Armee hat eigenen Angaben zufolge seit Beginn der Angriffe im <a class=\"transition-colors duration-200 cursor-pointer text-inherit no-underline text-salemsfur md:hover:text-magenta md:hover:border-magenta md:focus:text-magenta border-current border-b border-solid break-words\" href=\"https:\/\/www.t-online.de\/themen\/iran\/\" data-sctrack=\"BodyAnchor\" rel=\"nofollow noopener\" target=\"_blank\">Iran<\/a> rund 300 Raketenwerfer dort zerst\u00f6rt. &#8222;Wir glauben, dass unsere Eins\u00e4tze gegen diese Raketenwerfer und gegen die Raketenbest\u00e4nde wesentlich dazu beigetragen haben, dass die Anzahl der t\u00e4glich abgefeuerten Raketen zur\u00fcckgeht&#8220;, sagte der israelische Milit\u00e4rsprecher Nadav Schoschani am Abend. Im Laufe des Tages hatte es in <a class=\"transition-colors duration-200 cursor-pointer text-inherit no-underline text-salemsfur md:hover:text-magenta md:hover:border-magenta md:focus:text-magenta border-current border-b border-solid break-words\" href=\"https:\/\/www.t-online.de\/themen\/israel\/\" data-sctrack=\"BodyAnchor\" rel=\"nofollow noopener\" target=\"_blank\">Israel<\/a> zwar wieder mehrfach Raketenalarm gegeben. Laut Schoschani schie\u00dft der Iran inzwischen aber mitunter nur noch einzelne Raketen Richtung Israel und nicht mehr mehrere auf einmal.<\/p>\n<p class=\"text-18 leading-17 user-text-lg:text-22 user-text-xl:text-24\">Am Samstag, als Israel und die <a class=\"transition-colors duration-200 cursor-pointer text-inherit no-underline text-salemsfur md:hover:text-magenta md:hover:border-magenta md:focus:text-magenta border-current border-b border-solid break-words\" href=\"https:\/\/www.t-online.de\/themen\/usa\/\" data-sctrack=\"BodyAnchor\" rel=\"nofollow noopener\" target=\"_blank\">USA<\/a> ihre Angriffe auf Ziele im Iran begonnen haben, seien vor dort aus noch &#8222;viele Dutzend&#8220; Raketen Richtung Israel gefeuert worden. Auf die gesamte Region schoss der Iran laut dem Milit\u00e4rsprecher bislang insgesamt &#8222;mehrere Hundert&#8220; Raketen. Bereits am Dienstag hatte Schoschani erkl\u00e4rt, dass Irans Feuerkraft nachlasse. Erstmals nahm Israels Milit\u00e4r den Angaben zufolge im Laufe des Tages auch &#8222;milit\u00e4rische Ziele&#8220;, darunter Raketenlager, in den St\u00e4dten Isfahan und Schiras ins Visier.<\/p>\n<p class=\"text-18 leading-17 user-text-lg:text-22 user-text-xl:text-24\">Das Wei\u00dfe Haus hat Berichte mehrerer US-Medien dementiert, wonach die USA kurdische Milizen mit Waffen unterst\u00fctzen wollen, um einen Aufstand im Iran zu provozieren. &#8222;Artikel, in denen behauptet wird, der Pr\u00e4sident habe einem solchen Plan zugestimmt, sind komplett falsch und h\u00e4tten gar nicht erst geschrieben werden d\u00fcrfen&#8220;, sagte Sprecherin Karoline Leavitt am Mittwoch im Wei\u00dfen Haus.<\/p>\n<p class=\"text-18 leading-17 user-text-lg:text-22 user-text-xl:text-24\">US-Pr\u00e4sident <a class=\"transition-colors duration-200 cursor-pointer text-inherit no-underline text-salemsfur md:hover:text-magenta md:hover:border-magenta md:focus:text-magenta border-current border-b border-solid break-words\" href=\"https:\/\/www.t-online.de\/themen\/donald-trump\/\" data-sctrack=\"BodyAnchor\" rel=\"nofollow noopener\" target=\"_blank\">Donald Trump<\/a> habe &#8222;mit kurdischen F\u00fchrungspers\u00f6nlichkeiten&#8220; \u00fcber den St\u00fctzpunkt gesprochen, \u00fcber den die USA im Nordirak verf\u00fcgten, sagte Leavitt. Der US-Sender <a class=\"transition-colors duration-200 cursor-pointer text-inherit no-underline text-salemsfur md:hover:text-magenta md:hover:border-magenta md:focus:text-magenta border-current border-b border-solid break-words\" href=\"https:\/\/www.t-online.de\/themen\/cnn\/\" data-sctrack=\"BodyAnchor\" rel=\"nofollow noopener\" target=\"_blank\">CNN<\/a> hatte am Dienstag berichtet, dass der US-Geheimdienst <a class=\"transition-colors duration-200 cursor-pointer text-inherit no-underline text-salemsfur md:hover:text-magenta md:hover:border-magenta md:focus:text-magenta border-current border-b border-solid break-words\" href=\"https:\/\/www.t-online.de\/themen\/cia\/\" data-sctrack=\"BodyAnchor\" rel=\"nofollow noopener\" target=\"_blank\">CIA<\/a> mit kurdischen Kr\u00e4ften zusammenarbeite, <a class=\"transition-colors duration-200 cursor-pointer text-inherit no-underline text-salemsfur md:hover:text-magenta md:hover:border-magenta md:focus:text-magenta border-current border-b border-solid break-words\" href=\"https:\/\/www.t-online.de\/nachrichten\/ausland\/internationale-politik\/id_101154198\/krieg-im-iran-cia-erwaegt-wohl-unterstuetzung-kurdischer-gruppen.html\" data-sctrack=\"BodyAnchor\" rel=\"nofollow noopener\" target=\"_blank\">um einen Volksaufstand gegen die Machthaber im Iran zu provozieren<\/a>. NBC News berichtete, Vertreter der Regierung Trump spr\u00e4chen mit kurdischen Anf\u00fchrern im Nordirak und im Nordwesten des Iran, um m\u00f6glicherweise Gruppen zu bewaffnen, die Teheran gegen\u00fcber feindlich eingestellt sind.<\/p>\n<p class=\"text-18 leading-17 user-text-lg:text-22 user-text-xl:text-24\">Der Nordirak nahe der iranischen Grenze dient seit langem mehreren bewaffneten Gruppen der iranisch-kurdischen Opposition als R\u00fcckzugsgebiet und wird regelm\u00e4\u00dfig von iranischen Angriffen ins Visier genommen. Die Kurden sind eine ethnische Gruppe mit sch\u00e4tzungsweise 30 Millionen Mitgliedern, die vor allem im <a class=\"transition-colors duration-200 cursor-pointer text-inherit no-underline text-salemsfur md:hover:text-magenta md:hover:border-magenta md:focus:text-magenta border-current border-b border-solid break-words\" href=\"https:\/\/www.t-online.de\/themen\/irak\/\" data-sctrack=\"BodyAnchor\" rel=\"nofollow noopener\" target=\"_blank\">Irak<\/a>, im Iran sowie in <a class=\"transition-colors duration-200 cursor-pointer text-inherit no-underline text-salemsfur md:hover:text-magenta md:hover:border-magenta md:focus:text-magenta border-current border-b border-solid break-words\" href=\"https:\/\/www.t-online.de\/themen\/syrien\/\" data-sctrack=\"BodyAnchor\" rel=\"nofollow noopener\" target=\"_blank\">Syrien<\/a> und der <a class=\"transition-colors duration-200 cursor-pointer text-inherit no-underline text-salemsfur md:hover:text-magenta md:hover:border-magenta md:focus:text-magenta border-current border-b border-solid break-words\" href=\"https:\/\/www.t-online.de\/themen\/tuerkei\/\" data-sctrack=\"BodyAnchor\" rel=\"nofollow noopener\" target=\"_blank\">T\u00fcrkei<\/a> leben. Sie k\u00e4mpfen seit Jahrzehnten f\u00fcr einen eigenen Staat und wurden lange im Irak wie auch im Iran verfolgt und unterdr\u00fcckt. Die autonome Kurdenregion im Irak entstand nach dem Sturz von Diktator Saddam Hussein im Jahr 2003.<\/p>\n","protected":false},"excerpt":{"rendered":"Newsblog zum Krieg in Nahost Bericht: Kurdische K\u00e4mpfer bringen sich in Stellung Aktualisiert am 04.03.2026 &#8211; 22:22 UhrLesedauer:&hellip;\n","protected":false},"author":2,"featured_media":843545,"comment_status":"","ping_status":"","sticky":false,"template":"","format":"standard","meta":{"footnotes":"","_share_on_mastodon":"0"},"categories":[5],"tags":[1217,326,331,332,2140,227,12796,7373,3364,29,106,325,30,13,18544,57392,1016,345,67736,411,6741,138,7296,4036,451,14,187884,6000,6074,15,3129,32281,2512,1614,67245,187886,12,58,9976,143,187885,64,83550,5504],"class_list":["post-843544","post","type-post","status-publish","format-standard","has-post-thumbnail","category-nachrichten","tag-1217","tag-326","tag-aktuelle-nachrichten","tag-aktuelle-news","tag-angriff","tag-china","tag-cia","tag-cnn","tag-de","tag-deutschland","tag-donald-trump","tag-geheimdienst","tag-germany","tag-headlines","tag-hisbollah","tag-iaeo","tag-irak","tag-iran","tag-isfahan","tag-israel","tag-karoline-leavitt","tag-kurden","tag-libanon","tag-london","tag-militaer","tag-nachrichten","tag-nadav-schoschani","tag-nahost","tag-nbc","tag-news","tag-newsblog","tag-nordirak","tag-opposition","tag-peking","tag-saddam-hussein","tag-schiras","tag-schlagzeilen","tag-syrien","tag-teheran","tag-tuerkei","tag-unterdrueckungsapparat","tag-usa","tag-wang","tag-weisses-haus"],"share_on_mastodon":{"url":"","error":"Validation failed: Text character limit of 500 exceeded"},"_links":{"self":[{"href":"https:\/\/www.europesays.com\/de\/wp-json\/wp\/v2\/posts\/843544","targetHints":{"allow":["GET"]}}],"collection":[{"href":"https:\/\/www.europesays.com\/de\/wp-json\/wp\/v2\/posts"}],"about":[{"href":"https:\/\/www.europesays.com\/de\/wp-json\/wp\/v2\/types\/post"}],"author":[{"embeddable":true,"href":"https:\/\/www.europesays.com\/de\/wp-json\/wp\/v2\/users\/2"}],"replies":[{"embeddable":true,"href":"https:\/\/www.europesays.com\/de\/wp-json\/wp\/v2\/comments?post=843544"}],"version-history":[{"count":0,"href":"https:\/\/www.europesays.com\/de\/wp-json\/wp\/v2\/posts\/843544\/revisions"}],"wp:featuredmedia":[{"embeddable":true,"href":"https:\/\/www.europesays.com\/de\/wp-json\/wp\/v2\/media\/843545"}],"wp:attachment":[{"href":"https:\/\/www.europesays.com\/de\/wp-json\/wp\/v2\/media?parent=843544"}],"wp:term":[{"taxonomy":"category","embeddable":true,"href":"https:\/\/www.europesays.com\/de\/wp-json\/wp\/v2\/categories?post=843544"},{"taxonomy":"post_tag","embeddable":true,"href":"https:\/\/www.europesays.com\/de\/wp-json\/wp\/v2\/tags?post=843544"}],"curies":[{"name":"wp","href":"https:\/\/api.w.org\/{rel}","templated":true}]}}