{"id":843714,"date":"2026-03-05T00:15:22","date_gmt":"2026-03-05T00:15:22","guid":{"rendered":"https:\/\/www.europesays.com\/de\/843714\/"},"modified":"2026-03-05T00:15:22","modified_gmt":"2026-03-05T00:15:22","slug":"leseaktion-fuer-radebeuler-grundschueler-startet","status":"publish","type":"post","link":"https:\/\/www.europesays.com\/de\/843714\/","title":{"rendered":"Leseaktion f\u00fcr Radebeuler Grundsch\u00fcler startet"},"content":{"rendered":"<p>\u201eZiel ist es, dass jedes teilnehmende Kind zwei B\u00fccher im geplanten Zeitraum von zehn Wochen liest\u201c, erkl\u00e4rt Katharina Schmidt, Leiterin der Radebeuler Bibliothek. Wer die Vorgaben erf\u00fcllt, erh\u00e4lt eine Einladung zur Abschlussveranstaltung. Dort sollen neben Urkunden auch Preise und ein gemeinsames Programm f\u00fcr zus\u00e4tzliche Motivation sorgen.<\/p>\n<p>Die Stadtbibliothek rechnet mit regem Zuspruch und bietet Grundschulen Unterst\u00fctzung bei Organisation und Teilnahme an. Im Mittelpunkt der Aktion steht die F\u00f6rderung der Lesefreude sowie die St\u00e4rkung der Bibliothek als Bildungs- und Kulturort. Urspr\u00fcnglich wurde das Projekt 2016 von der Stadtbibliothek Heidenau initiiert; dort schlossen damals etwa 200 von 400 teilnehmenden Kindern das Programm erfolgreich ab. Der Lesefr\u00fchling wird durch den Kulturraum Mei\u00dfen \u2013 S\u00e4chsische Schweiz\u2013Osterzgebirge gef\u00f6rdert.<\/p>\n","protected":false},"excerpt":{"rendered":"\u201eZiel ist es, dass jedes teilnehmende Kind zwei B\u00fccher im geplanten Zeitraum von zehn Wochen liest\u201c, erkl\u00e4rt Katharina&hellip;\n","protected":false},"author":2,"featured_media":843715,"comment_status":"","ping_status":"","sticky":false,"template":"","format":"standard","meta":{"footnotes":"","_share_on_mastodon":"0"},"categories":[1835],"tags":[111328,5344,3364,29,2386,30,61635,187908,6906,859,4947],"class_list":["post-843714","post","type-post","status-publish","format-standard","has-post-thumbnail","category-dresden","tag-grundschler","tag-bcher","tag-de","tag-deutschland","tag-dresden","tag-germany","tag-lesefrderung","tag-lesefrhling","tag-radebeul","tag-sachsen","tag-stadtbibliothek"],"share_on_mastodon":{"url":"https:\/\/pubeurope.com\/@de\/116173689809013600","error":""},"_links":{"self":[{"href":"https:\/\/www.europesays.com\/de\/wp-json\/wp\/v2\/posts\/843714","targetHints":{"allow":["GET"]}}],"collection":[{"href":"https:\/\/www.europesays.com\/de\/wp-json\/wp\/v2\/posts"}],"about":[{"href":"https:\/\/www.europesays.com\/de\/wp-json\/wp\/v2\/types\/post"}],"author":[{"embeddable":true,"href":"https:\/\/www.europesays.com\/de\/wp-json\/wp\/v2\/users\/2"}],"replies":[{"embeddable":true,"href":"https:\/\/www.europesays.com\/de\/wp-json\/wp\/v2\/comments?post=843714"}],"version-history":[{"count":0,"href":"https:\/\/www.europesays.com\/de\/wp-json\/wp\/v2\/posts\/843714\/revisions"}],"wp:featuredmedia":[{"embeddable":true,"href":"https:\/\/www.europesays.com\/de\/wp-json\/wp\/v2\/media\/843715"}],"wp:attachment":[{"href":"https:\/\/www.europesays.com\/de\/wp-json\/wp\/v2\/media?parent=843714"}],"wp:term":[{"taxonomy":"category","embeddable":true,"href":"https:\/\/www.europesays.com\/de\/wp-json\/wp\/v2\/categories?post=843714"},{"taxonomy":"post_tag","embeddable":true,"href":"https:\/\/www.europesays.com\/de\/wp-json\/wp\/v2\/tags?post=843714"}],"curies":[{"name":"wp","href":"https:\/\/api.w.org\/{rel}","templated":true}]}}