{"id":843790,"date":"2026-03-05T00:57:14","date_gmt":"2026-03-05T00:57:14","guid":{"rendered":"https:\/\/www.europesays.com\/de\/843790\/"},"modified":"2026-03-05T00:57:14","modified_gmt":"2026-03-05T00:57:14","slug":"ticker-nachlese-die-besten-sprueche-am-nockherberg-2026","status":"publish","type":"post","link":"https:\/\/www.europesays.com\/de\/843790\/","title":{"rendered":"Ticker-Nachlese: Die besten Spr\u00fcche am Nockherberg 2026"},"content":{"rendered":"<p>20.53 Uhr: Alle haben ein Lied am Nockherberg \u2013 oder doch nicht?<\/p>\n<p>Aiwanger will seine Qualit\u00e4ten unter Beweis stellen und stimmt ein Lied an, als &#8222;ultimativen Machtbeweis&#8220;. Er z\u00e4hlt ein: &#8222;2, 3, 4\u2026&#8220; doch die Musiker r\u00fchren sich nicht. Auch nach &#8222;5, 6, 7, 8!&#8220; spielen sie noch keinen Ton. Aiwanger singt also a cappella: &#8222;Ich sing ein Lied am Nockherberg, zu fetziger Musik\/ Doch wenn jetzt keiner musiziert, ist das vielleicht Kritik&#8220;<\/p>\n<p>S\u00f6der, Kaniber und Schulze reiben es Aiwanger nochmal richtig rein: Sie alle haben ein eigenes Lied am Nockherberg. Auch Dobrindt, Reiter, Bas und Merz kommen hinzu, alle zeigen mit dem Finger auf Aiwanger und singen &#8222;Ich hab ein Lied am Nockherberg \/ und du-hu hast halt keines.&#8220;<\/p>\n<p>20.52 Uhr: Aiwanger mischt sich ein<\/p>\n<p>Der Streit von Schulze und S\u00f6der wird unterbrochen vom Double von Hubert Aiwanger (Stefan Murr). Beim Stichwort &#8222;Maulheld&#8220; f\u00fchlte er sich angesprochen. Schulze geht nun auf die beiden Koalition\u00e4re los: &#8222;Klar, ihr fischt alle beide gerne am d\u00fcmmsten Teil vom Stammtisch.&#8220; Es folgt ein Streit dar\u00fcber, wer der bessere Koalitionspartner f\u00fcr die CSU w\u00e4re \u2013 die Freien W\u00e4hler oder die Gr\u00fcnen.<\/p>\n<p>20.49 Uhr: Ein Schandpfahl f\u00fcr die Gr\u00fcne<\/p>\n<p>Die Szene wird unterbrochen vom Barden S\u00f6der. Er singt \u00fcber gute alte Zeiten, als man \u00dcbelt\u00e4ter noch sehr hart bestraft habe. Das Double von Katharina Schulze (Sina Rei\u00df) kommt hinzu, sie hat einen Schandpfahl dabei, den sie auf die B\u00fchne stellt und sich auch gleich selbst an die Ketten h\u00e4ngt. &#8222;Das, liebe Freundinnen und Freunde, ist also die Fantasy-Welt von Markus S\u00f6der&#8220;, verk\u00fcndet sie. &#8222;Die Gr\u00fcne steht am Schandpfahl und er kann sie verh\u00f6hnen.&#8220;<\/p>\n<p>Es folgt ein Schlagabtausch zwischen S\u00f6der und Schulze, \u00fcber Verbotsparteien, Multi-Kulti, Tofu essen und Veggie-Wurst. Bei Letzterer wirft S\u00f6der ein: <a href=\"https:\/\/www.br.de\/nachrichten\/bayern\/veggie-wurst-darf-nicht-wurst-heissen-so-kommt-das-verbot-in-bayern-an,UyxXibA\" rel=\"nofollow noopener\" target=\"_blank\">&#8222;Das ist aber jetzt verboten.&#8220;<\/a> <\/p>\n<p>20.47 Uhr: Reiter ger\u00e4t in eine Personenkontrolle<\/p>\n<p>Auf seinem Weg nach drau\u00dfen begegnet Reiter einem Sheriff. Es ist das Double von Bundesinnenminister Alexander Dobrindt (Wowo Habdank). Er h\u00e4lt Reiter auf, es folgt eine Personenkontrolle. Denn der Teint des Oberb\u00fcrgermeisters kommt dem Sheriff verd\u00e4chtig vor, er lasse &#8222;R\u00fcckschl\u00fcsse auf ein nordafrikanisches Herkunftsland zu&#8220;. Reiter entgegnet: &#8222;Ich bin M\u00fcnchner! Das ist die Br\u00e4unungscreme.&#8220; Die brauche es jetzt eben, im Wahlkampf, rechtfertigt er sich.<\/p>\n<p>20.45 Uhr: Oberb\u00fcrgermeister klagt singend \u00fcber D\u00e9j\u00e0-Vus<\/p>\n<p>Das Reiter-Double stimmt ein Lied an. Er wolle die Wahl zum Oberb\u00fcrgermeister noch einmal gewinnen. Doch kaum einem sei klar, was f\u00fcr pers\u00f6nliche Einbu\u00dfen das Amt mit sich bringe: &#8222;Mei Leben ist seit zw\u00f6lf Jahr voll mit D\u00e9j\u00e0-Vus. \/ Jedes Jahr wird o\u2018zapft mitm S\u00f6der glei daneben. \/ Jedes Jahr muass i am Prinzenpaar die Schl\u00fcssel \u00fcbergeben&#8220;, singt er. Auch der Kocherlball, der CSD, der Christbaum auf dem Rathausplatz, das Geldbeutelwaschen und &#8222;das saubl\u00f6de Derblecken&#8220; sind Termine, \u00fcber die sich der Oberb\u00fcrgermeister singend beklagt. Und dann ist da noch der Endgegner: &#8222;Jeden Tag vor\u2019m Fenster dieses gschissene Glockenspiel.&#8220;<\/p>\n<p>20.42 Uhr: Reiter bettelt f\u00fcr das arme M\u00fcnchen<\/p>\n<p>Ein Bettelm\u00f6nch mit Klingelbeutel kommt aus dem Zuschauerraum. Es ist das Double von M\u00fcnchens Oberb\u00fcrgermeister Dieter Reiter (Gerhard Wittmann), der um &#8222;eine Spende f\u00fcr eine arme Stadt&#8220; bittet. Im Singsang eines Priesters verk\u00fcndet er: &#8222;Bayern schuldet M\u00fcnchen noch einen Haufen Geld. Ich sag blo\u00df Stammstrecke, Kita-F\u00f6rderung, Sozialkosten.&#8220;<\/p>\n<p>S\u00f6der will davon nichts wissen und versucht es mit einem Konter: &#8222;Ist Ihnen eigentlich schon mal aufgefallen, wie oft Sie vom Geld reden?&#8220; Doch er hat nicht mit einem Seitenhieb von Kaniber gerechnet: &#8222;Ja, das ist wie ein Fetisch. Wie bei dir mit der Wurst.&#8220;<\/p>\n<p>20.40 Uhr: Des Kanzlers Wappenspruch: Einfach mal machen<\/p>\n<p>Merz will sich nicht vom bayerischen Barden belehren lassen. Er wisse schon, was er tue. &#8222;Mein Wappenspruch lautet: Einfach mal machen!&#8220;, erkl\u00e4rt er. und erg\u00e4nzt: &#8222;Drum besiege ich jetzt irgendeinen Drachen!&#8220; Bas stimmt widerwillig zu: &#8222;Wenn\u2019s denn sein muss. Aber nur\u2019n kleinen, damit das klar ist.&#8220; Zudem bef\u00fcrchtet sie bei dem Vorhaben einigen b\u00fcrokratischen Aufwand: &#8222;Dann m\u00fcssen wir vorher noch eine Expertenkommission einrichten.&#8220;<\/p>\n<p>20.39 Uhr: Friedrich Merz k\u00e4mpft gegen Windr\u00e4der<\/p>\n<p>Von rechts betritt das Double von B\u00e4rbel Bas (Nikola Norgauer) die B\u00fchne. Sie ist gekleidet wie eine Knappin und will gleich wissen: &#8222;Friedrich, was machst du da?&#8220;. Der erkl\u00e4rt stolz: &#8222;Ich greife dieses Windrad an.&#8220; Er m\u00fcsse schlie\u00dflich auch einmal in den Kampf ziehen, f\u00fcr Deutschland, so Merz. Bas will davon jedoch nichts wissen und sagt stattdessen forsch: &#8222;Fritz, es ist frisch. Du ziehst dir jetzt noch n\u2018 Pulli \u00fcber deine R\u00fcstung!&#8220;. Barde S\u00f6der unterbricht die beiden. F\u00fcr Deutschland in den Kampf ziehen sei ja sch\u00f6n und gut, aber: &#8222;Bitte Tempo!&#8220;<\/p>\n<p>20.37 Uhr: Das erste Lied: Heldenballade f\u00fcr Friedrich Merz<\/p>\n<p>Die beiden einigen sich, gemeinsam ein Liedchen anzustimmen. Eine Heldenballade. Das S\u00f6der-Double will allerdings ausnahmsweise nicht die eigenen Heldentaten besingen, sondern die eines anderen: Friedrich Merz. Er setzt an: &#8222;Der, der grad im Bund regieret, \/ ist so l\u00e4nglich wie ein Lurch. \/ Er will endlich mal was wuppen, \/ ja er startet jetzt mal durch&#8220;.<\/p>\n<p>Merz (gespielt von David Zimmerschied) betritt in einer gl\u00e4nzenden R\u00fcstung die B\u00fchne. Er geht zu einem Felsbrocken, in dem ein Schwert steckt, und versucht, es herauszuziehen. Ohne Erfolg. Kaniber singt daraufhin: &#8222;Unser Friedrich, er bem\u00fcht sich, \/ doch bezieht er viel Kritik. \/ Und mit Fettn\u00e4pfchen gepflastert \/ ist sein weg zum gro\u00dfen Sieg.&#8220;<\/p>\n","protected":false},"excerpt":{"rendered":"20.53 Uhr: Alle haben ein Lied am Nockherberg \u2013 oder doch nicht? Aiwanger will seine Qualit\u00e4ten unter Beweis&hellip;\n","protected":false},"author":2,"featured_media":843791,"comment_status":"","ping_status":"","sticky":false,"template":"","format":"standard","meta":{"footnotes":"","_share_on_mastodon":"0"},"categories":[5],"tags":[187945,187946,13,14,15,87891,12,187854,187944,45184,10,8,9,11],"class_list":["post-843790","post","type-post","status-publish","format-standard","has-post-thumbnail","category-nachrichten","tag-derblecken","tag-fastenrede","tag-headlines","tag-nachrichten","tag-news","tag-nockherberg","tag-schlagzeilen","tag-singspiel","tag-starkbierprobe","tag-stephan-zinner","tag-top-news","tag-top-meldungen","tag-topmeldungen","tag-topnews"],"share_on_mastodon":{"url":"https:\/\/pubeurope.com\/@de\/116173854938171010","error":""},"_links":{"self":[{"href":"https:\/\/www.europesays.com\/de\/wp-json\/wp\/v2\/posts\/843790","targetHints":{"allow":["GET"]}}],"collection":[{"href":"https:\/\/www.europesays.com\/de\/wp-json\/wp\/v2\/posts"}],"about":[{"href":"https:\/\/www.europesays.com\/de\/wp-json\/wp\/v2\/types\/post"}],"author":[{"embeddable":true,"href":"https:\/\/www.europesays.com\/de\/wp-json\/wp\/v2\/users\/2"}],"replies":[{"embeddable":true,"href":"https:\/\/www.europesays.com\/de\/wp-json\/wp\/v2\/comments?post=843790"}],"version-history":[{"count":0,"href":"https:\/\/www.europesays.com\/de\/wp-json\/wp\/v2\/posts\/843790\/revisions"}],"wp:featuredmedia":[{"embeddable":true,"href":"https:\/\/www.europesays.com\/de\/wp-json\/wp\/v2\/media\/843791"}],"wp:attachment":[{"href":"https:\/\/www.europesays.com\/de\/wp-json\/wp\/v2\/media?parent=843790"}],"wp:term":[{"taxonomy":"category","embeddable":true,"href":"https:\/\/www.europesays.com\/de\/wp-json\/wp\/v2\/categories?post=843790"},{"taxonomy":"post_tag","embeddable":true,"href":"https:\/\/www.europesays.com\/de\/wp-json\/wp\/v2\/tags?post=843790"}],"curies":[{"name":"wp","href":"https:\/\/api.w.org\/{rel}","templated":true}]}}