{"id":843801,"date":"2026-03-05T01:03:22","date_gmt":"2026-03-05T01:03:22","guid":{"rendered":"https:\/\/www.europesays.com\/de\/843801\/"},"modified":"2026-03-05T01:03:22","modified_gmt":"2026-03-05T01:03:22","slug":"ministerpraesident-henrik-wuest-bei-spatenstich-fuer-hockey-leistungszentrum","status":"publish","type":"post","link":"https:\/\/www.europesays.com\/de\/843801\/","title":{"rendered":"Ministerpr\u00e4sident Henrik W\u00fcst bei Spatenstich f\u00fcr Hockey-Leistungszentrum"},"content":{"rendered":"<p class=\"text_ohne_einzug richtext text-em-55 !leading-serif mx-6 desktop:mx-0\">Wie bedeutsam ein \u00f6ffentlicher Termin ist, misst sich auch an der Prominenz, die sich angek\u00fcndigt hat. Im Fall des Spatenstichs f\u00fcr das Hockey-Leistungszentrum reiste NRW-Ministerpr\u00e4sident <a href=\"https:\/\/rp-online.de\/thema\/hendrik-wuest\/\" rel=\"nofollow noopener\" target=\"_blank\">Hendrik W\u00fcst<\/a> (CDU) an, um in <a href=\"https:\/\/rp-online.de\/thema\/moenchengladbach\/\" rel=\"nofollow noopener\" target=\"_blank\">M\u00f6nchengladbach<\/a> dabei zu sein. Wobei: Im Werben f\u00fcr die Olympia-Initiative \u201eK\u00f6lnRheinRuhr\u201c sind solche Ereignisse derzeit Pflichttermine f\u00fcr W\u00fcst. Trotzdem zeigt sich die Strahlkraft des Projekts, das im Nordpark entsteht: eines der modernsten Hockey-Leistungszentren der Welt \u2013 mit Sportschule und einer in <a href=\"https:\/\/rp-online.de\/thema\/europa\/\" rel=\"nofollow noopener\" target=\"_blank\">Europa<\/a> einzigartigen Kaltlufthalle, die ganzj\u00e4hrig bespielbar ist.<\/p>\n","protected":false},"excerpt":{"rendered":"Wie bedeutsam ein \u00f6ffentlicher Termin ist, misst sich auch an der Prominenz, die sich angek\u00fcndigt hat. Im Fall&hellip;\n","protected":false},"author":2,"featured_media":843802,"comment_status":"","ping_status":"","sticky":false,"template":"","format":"standard","meta":{"footnotes":"","_share_on_mastodon":"0"},"categories":[1849],"tags":[16539,3364,29,37585,548,4788,663,3934,30,14337,13,3682,70626,187949,187948,187947,114806,1414,4455,14,15,46120,1209,656,12,13885],"class_list":["post-843801","post","type-post","status-publish","format-standard","has-post-thumbnail","category-moenchengladbach","tag-hockey","tag-de","tag-deutschland","tag-entsteht","tag-eu","tag-euro","tag-europa","tag-europe","tag-germany","tag-gladbach","tag-headlines","tag-hendrik-wuest","tag-hockeypark","tag-hockeyspielort","tag-hockeyzentrum","tag-koelnrheinruhr","tag-leistungszentrum","tag-ministerpraesident","tag-moenchengladbach","tag-nachrichten","tag-news","tag-nordpark","tag-nordrhein-westfalen","tag-olympia","tag-schlagzeilen","tag-zentrum"],"share_on_mastodon":{"url":"https:\/\/pubeurope.com\/@de\/116173878559306832","error":""},"_links":{"self":[{"href":"https:\/\/www.europesays.com\/de\/wp-json\/wp\/v2\/posts\/843801","targetHints":{"allow":["GET"]}}],"collection":[{"href":"https:\/\/www.europesays.com\/de\/wp-json\/wp\/v2\/posts"}],"about":[{"href":"https:\/\/www.europesays.com\/de\/wp-json\/wp\/v2\/types\/post"}],"author":[{"embeddable":true,"href":"https:\/\/www.europesays.com\/de\/wp-json\/wp\/v2\/users\/2"}],"replies":[{"embeddable":true,"href":"https:\/\/www.europesays.com\/de\/wp-json\/wp\/v2\/comments?post=843801"}],"version-history":[{"count":0,"href":"https:\/\/www.europesays.com\/de\/wp-json\/wp\/v2\/posts\/843801\/revisions"}],"wp:featuredmedia":[{"embeddable":true,"href":"https:\/\/www.europesays.com\/de\/wp-json\/wp\/v2\/media\/843802"}],"wp:attachment":[{"href":"https:\/\/www.europesays.com\/de\/wp-json\/wp\/v2\/media?parent=843801"}],"wp:term":[{"taxonomy":"category","embeddable":true,"href":"https:\/\/www.europesays.com\/de\/wp-json\/wp\/v2\/categories?post=843801"},{"taxonomy":"post_tag","embeddable":true,"href":"https:\/\/www.europesays.com\/de\/wp-json\/wp\/v2\/tags?post=843801"}],"curies":[{"name":"wp","href":"https:\/\/api.w.org\/{rel}","templated":true}]}}