{"id":843893,"date":"2026-03-05T01:54:03","date_gmt":"2026-03-05T01:54:03","guid":{"rendered":"https:\/\/www.europesays.com\/de\/843893\/"},"modified":"2026-03-05T01:54:03","modified_gmt":"2026-03-05T01:54:03","slug":"u21-des-1-fc-koeln-kassiert-den-22-ausgleich-in-wiedenbrueck","status":"publish","type":"post","link":"https:\/\/www.europesays.com\/de\/843893\/","title":{"rendered":"U21 des 1. FC K\u00f6ln kassiert den 2:2-Ausgleich in Wiedenbr\u00fcck"},"content":{"rendered":"<p>Zweiter Nackenschlag in der Nachspielzeit innerhalb von elf Tagen f\u00fcr die FC-Reserve: Nach der sp\u00e4ten 0:1-Niederlage vor anderthalb Wochen in Wuppertal kassierte die U21 des 1. FC K\u00f6ln diesmal in der Nachspielzeit noch den 2:2-Ausgleich in Wiedenbr\u00fcck.<\/p>\n<p id=\"h-\">Die K\u00f6lner gingen vor dem Ausgleich in Unterzahl in F\u00fchrung und hatten die drei Punkte bereits vor Augen. Die Sieglos-Serie wuchs damit auf vier Spiele an.<\/p>\n<p><a href=\"https:\/\/www.europesays.com\/de\/wp-content\/uploads\/2026\/03\/Bilder-fuer-die-Website-1600-x-1200-40.jpg\"><img loading=\"lazy\" decoding=\"async\" width=\"1600\" height=\"1200\" data-id=\"71198\" src=\"https:\/\/www.europesays.com\/de\/wp-content\/uploads\/2026\/03\/Bilder-fuer-die-Website-1600-x-1200-40.jpg\" alt=\"Mikolaj Marutzki vom 1. FC K\u00f6ln\" class=\"wp-image-71198\"  \/><\/a>Mikolaj Marutzki vom 1. FC K\u00f6ln<\/p>\n<p>Wir wollen weiter wachsen. Folgt uns auf\u00a0<a href=\"https:\/\/www.instagram.com\/comeonfccom\/\" rel=\"nofollow noopener\" target=\"_blank\">Instagram<\/a>\u00a0und\u00a0<a href=\"http:\/\/www.facebook.com\/comeonfccom\" rel=\"nofollow noopener\" target=\"_blank\">Facebook<\/a>. Unter den ersten 5000 Instagram Followern verlost come-on-fc.com einen Gutschein im Wert von 50 Euro f\u00fcr den FC Fanshop. ** Zu den\u00a0<a href=\"https:\/\/come-on-fc.com\/datenschutzerklaerung\/\" rel=\"nofollow noopener\" target=\"_blank\">Teilnahmebedingungen<\/a> und <a href=\"https:\/\/come-on-fc.com\/\" rel=\"nofollow noopener\" target=\"_blank\">come-on-fc.com<\/a>.<\/p>\n<p><img decoding=\"async\" style=\"width: 15px;\" src=\"https:\/\/www.europesays.com\/de\/wp-content\/uploads\/2025\/04\/whatsapp-logo.webp.webp\" alt=\"\"\/>\u00a0Ihr wollt immer aktuell informiert sein? Folgt dem <a href=\"https:\/\/whatsapp.com\/channel\/0029VaCxFqM8vd1GzNMmCM2w\" rel=\"nofollow noopener\" target=\"_blank\">WhatsApp-Kanal von come-on-fc.com<\/a>.<\/p>\n<p> <img loading=\"lazy\" decoding=\"async\" src=\"https:\/\/www.europesays.com\/de\/wp-content\/uploads\/2026\/03\/0f706175dbba4aec95375375edd1704a.gif\" width=\"1\" height=\"1\" alt=\"\"\/>Teil\u2019 diesen Beitrag mit deinen Freunden:<\/p>\n<p>K\u00f6lns Trainer Evangelos Sbonias \u00e4nderte seine Startelf im Vergleich zur 1:3-Heimpleite gegen Bochums U21 am vergangenen Freitagabend auf drei Positionen: Patrik Kristal, Luis Stapelmann und Safyan Toure ersetzten Mikail \u00d6zkan, Fayssal Harchaoui und Sargis Adamyan. F\u00fcr den 19-j\u00e4hrigen Stapelmann, der aus der U19 aufr\u00fcckte, war es die Premiere in der U21.<\/p>\n<p>Die fr\u00fche F\u00fchrung<\/p>\n<p>Das Spiel begann aufgrund der versp\u00e4teten Anreise der Rheinl\u00e4nder mit einer viertelst\u00fcndigen Versp\u00e4tung. P\u00fcnktlicher war hingegen der lautstarke Anhang aus der Domstadt, der sich hinter einem Tor positionierte und die FC-Talente anfeuerte \u2013 und fr\u00fch jubeln durfte. Der Kapit\u00e4n wurde knapp einen Meter zentral vor dem Strafraum zu Fall gebracht. Marvin Ajani versenkte den f\u00e4lligen Freisto\u00df mit Wucht rechts ins Tor zum 1:0 f\u00fcr den FC (5.). Der fr\u00fche R\u00fcckstand brachte die Gastgeber aber keinesfalls ins Nachdenken. Vielmehr war Wiedenbr\u00fcck in der Folgezeit die aktivere Mannschaft, von der U21 war nach vorne kaum etwas zu sehen.<\/p>\n<p>K\u00f6lns Torwart Mikolaj Marutzki brachte seinen Teamkollegen Ilias Elyazidi schlie\u00dflich mit einem zu kurzen Anspiel in Bedr\u00e4ngnis. Der K\u00f6lner stoppte den in seinem R\u00fccken heranst\u00fcrmenden Moussa Doumbouya per Foul im Sechzehner als letzter Mann, vereitelte damit eine klare Torchance und sah die rote Karte (26.). Der gefoulte Doumbouya behielt genau vor den K\u00f6lner Fans die Nerven und verwandelte den Strafsto\u00df zum 1:1, auch wenn Marutzki die Ecke ahnte (29.).<\/p>\n<p>Nackenschlag in der Nachspielzeit<\/p>\n<p>Nach der Pause musste sich Marutzki zun\u00e4chst bei einem Wiedenbr\u00fccker Torschuss aus der zweiten Reihe strecken (48.). Kurz danach entstand die erneute K\u00f6lner F\u00fchrung eher gl\u00fccklichen Umst\u00e4nden: Yannick Mausehund schlug nach einem Ballgewinn im eigenen Drittel einen hohen Pass auf dem rechten Fl\u00fcgel nach vorne zu Bernie Lennemann. Der St\u00fcrmer zog ins Zentrum, entwischte seinem Gegenspieler Joel Udelhoven, umkurvte Wiedenbr\u00fccks Torwart Marcel H\u00f6lscher und schob zum 1:2 ins leere Tor (51.).<\/p>\n<p>Die K\u00f6lner verteidigten den Vorsprung in Unterzahl danach leidenschaftlich. Doch sp\u00e4t in der Nachspielzeit gab es \u2013 wie schon zuletzt in Wuppertal \u2013 noch den Nackenschlag. Der eingewechselte Nick Zimmermann kl\u00e4rte per Kopf im eigenen Strafraum genau vor die F\u00fc\u00dfe von Wiedenbr\u00fccks Joker Sebastian Mai, der per Direktabnahme zum letztlich verdienten 2:2 traf (90.+4). Danach besa\u00df Doumbouya sogar noch die Chance zum Siegtreffer f\u00fcr die Gastgeber gegen entkr\u00e4ftete K\u00f6lner (90.+5).<\/p>\n<p>F\u00fcr die U21 geht es bereits am Samstagnachmittag (16 Uhr) mit dem rheinischen Derby bei der U23 von Borussia M\u00f6nchengladbach weiter.<\/p>\n<p><strong>1. FC K\u00f6ln U21<\/strong>: Marutzki \u2013 Ajani, Mausehund (64. Zimmermann), Stapelmann, Lechner, Friemel \u2013 Elyazidi, Kristal (64. Yacobi) \u2013 D\u00fcrholtz (85. Harchaoui), Lennemann (85. Labenz), Toure (77. Lippert). Tore: 0:1 Ajani (5.), 1:1 Doumbouya (29., Foulelfmeter), 1:2 Lennemann (51.), 2:2 Mai (90.+4). Besonderes Vorkommnis: Rote Karte gegen Elyazidi (26.).<\/p>\n<p><script async src=\"\/\/www.instagram.com\/embed.js\"><\/script><\/p>\n","protected":false},"excerpt":{"rendered":"Zweiter Nackenschlag in der Nachspielzeit innerhalb von elf Tagen f\u00fcr die FC-Reserve: Nach der sp\u00e4ten 0:1-Niederlage vor anderthalb&hellip;\n","protected":false},"author":2,"featured_media":843894,"comment_status":"","ping_status":"","sticky":false,"template":"","format":"standard","meta":{"footnotes":"","_share_on_mastodon":"0"},"categories":[1828],"tags":[623,30908,30909,86588,187970,187971,29,25655,7579,25656,30,1420,1209,22156],"class_list":["post-843893","post","type-post","status-publish","format-standard","has-post-thumbnail","category-koeln","tag-1-fc-koeln","tag-1-fc-koeln-nachrichten","tag-1-fc-koeln-news","tag-1-fc-koeln-u21","tag-1-fc-koeln-u21-gegen-wiedenbrueck","tag-1-fc-koeln-wiedenbrueck","tag-deutschland","tag-effzeh","tag-fc","tag-fc-koeln","tag-germany","tag-koeln","tag-nordrhein-westfalen","tag-u21"],"share_on_mastodon":{"url":"https:\/\/pubeurope.com\/@de\/116174076957723300","error":""},"_links":{"self":[{"href":"https:\/\/www.europesays.com\/de\/wp-json\/wp\/v2\/posts\/843893","targetHints":{"allow":["GET"]}}],"collection":[{"href":"https:\/\/www.europesays.com\/de\/wp-json\/wp\/v2\/posts"}],"about":[{"href":"https:\/\/www.europesays.com\/de\/wp-json\/wp\/v2\/types\/post"}],"author":[{"embeddable":true,"href":"https:\/\/www.europesays.com\/de\/wp-json\/wp\/v2\/users\/2"}],"replies":[{"embeddable":true,"href":"https:\/\/www.europesays.com\/de\/wp-json\/wp\/v2\/comments?post=843893"}],"version-history":[{"count":0,"href":"https:\/\/www.europesays.com\/de\/wp-json\/wp\/v2\/posts\/843893\/revisions"}],"wp:featuredmedia":[{"embeddable":true,"href":"https:\/\/www.europesays.com\/de\/wp-json\/wp\/v2\/media\/843894"}],"wp:attachment":[{"href":"https:\/\/www.europesays.com\/de\/wp-json\/wp\/v2\/media?parent=843893"}],"wp:term":[{"taxonomy":"category","embeddable":true,"href":"https:\/\/www.europesays.com\/de\/wp-json\/wp\/v2\/categories?post=843893"},{"taxonomy":"post_tag","embeddable":true,"href":"https:\/\/www.europesays.com\/de\/wp-json\/wp\/v2\/tags?post=843893"}],"curies":[{"name":"wp","href":"https:\/\/api.w.org\/{rel}","templated":true}]}}