{"id":844034,"date":"2026-03-05T03:08:23","date_gmt":"2026-03-05T03:08:23","guid":{"rendered":"https:\/\/www.europesays.com\/de\/844034\/"},"modified":"2026-03-05T03:08:23","modified_gmt":"2026-03-05T03:08:23","slug":"ex-torwart-von-fortuna-duesseldorf-tot-mit-54-jahren","status":"publish","type":"post","link":"https:\/\/www.europesays.com\/de\/844034\/","title":{"rendered":"Ex-Torwart von Fortuna D\u00fcsseldorf tot mit 54 Jahren"},"content":{"rendered":"<p>131 Spiele f\u00fcr D\u00fcsseldorf <\/p>\n<p>Mit 54 Jahren: Ex-Fortuna-Torwart Georg Koch ist tot<\/p>\n<p>Aktualisiert am 04.03.2026 &#8211; 19:12 UhrLesedauer: 2 Min.<\/p>\n<p><a href=\"#focus-0\" class=\"transition-colors duration-200 block text-current relative\" data-sctrack=\"FocusGalleryImage.Reference\"><img fetchpriority=\"high\" data-testid=\"Opener.Image\" style=\"--lqipURL:url('https:\/\/images.t-online.de\/2024\/05\/axNcWfPn53-k\/995x37:2227x1253\/fit-in\/150x0\/filters:blur(25)\/georg-koch-er-spielte-in-seiner-aktiven-karriere-unter-anderem-fuer-duesseldorf.jpg')\"   loading=\"eager\" src=\"https:\/\/www.europesays.com\/de\/wp-content\/uploads\/2026\/03\/georg-koch-er-spielte-in-seiner-aktiven-karriere-unter-anderem-fuer-duesseldorf.jpg\" alt=\"Georg Koch: Er spielte in seiner aktiven Karriere unter anderem f\u00fcr D\u00fcsseldorf.\" title=\"Georg Koch: Er spielte in seiner aktiven Karriere unter anderem f\u00fcr D\u00fcsseldorf.\" width=\"2227\" height=\"1253\" class=\"bg-[url:var(--lqipURL)] bg-cover bg-center flex h-full w-full max-w-full\" decoding=\"async\"\/><img style=\"--width:32;--height:32\" loading=\"lazy\" src=\"https:\/\/duesseldorf.t-online.de\/s\/paper\/_next\/static\/media\/zoom-in.f7dae02f.svg\" alt=\"Vergr\u00f6\u00dfern des Bildes\" title=\"Vergr\u00f6\u00dfern des Bildes\" class=\"block h-[calc(var(--height)_\/_16_*_1rem)] w-[calc(var(--width)_\/_16_*_1rem)] max-w-none absolute bottom-8 right-8 rounded-4 bg-snow p-8\" decoding=\"async\"\/><\/a><\/p>\n<p>Georg Koch (Archivbild): Er spielte in seiner aktiven Karriere unter anderem f\u00fcr D\u00fcsseldorf. (Quelle: IMAGO\/pmk)<\/p>\n<p class=\"font-bold text-18 leading-17 user-text-lg:text-22 user-text-xl:text-24\">Der ehemalige Fu\u00dfballtorwart Georg Koch ist tot. Mit Fortuna D\u00fcsseldorf gelang ihm in den 90er-Jahren der Aufstieg in die erste Liga.<\/p>\n<p class=\"text-18 leading-17 user-text-lg:text-22 user-text-xl:text-24\">Georg Koch, ehemaliger Torwart bei <a class=\"transition-colors duration-200 cursor-pointer text-inherit no-underline text-salemsfur md:hover:text-magenta md:hover:border-magenta md:focus:text-magenta border-current border-b border-solid break-words\" href=\"https:\/\/www.t-online.de\/themen\/fortuna-duesseldorf\/\" data-sctrack=\"BodyAnchor\" rel=\"nofollow noopener\" target=\"_blank\">Fortuna D\u00fcsseldorf<\/a>, ist tot. Wie zun\u00e4chst die &#8222;Bild&#8220;-Zeitung berichtete, verstarb Koch am Mittwoch im Alter von 54 Jahren. 2024 hatte der Fu\u00dfballer \u00f6ffentlich gemacht, an Bauchspeicheldr\u00fcsenkrebs erkrankt zu sein. Bei der Diagnose war der Krebs schon nicht mehr behandelbar.<\/p>\n<p class=\"text-18 leading-17 user-text-lg:text-22 user-text-xl:text-24\">&#8222;Ruhe in Frieden, Georg Koch&#8220;, schrieb Fortuna D\u00fcsseldorf in einem Beitrag in den sozialen Medien. &#8222;Unser ehemaliger Torh\u00fcter ist am Mittwoch nach schwerer Krankheit verstorben. Die Fortuna-Familie ist in tiefer Trauer.&#8220; Der Verein wolle Koch nun allzeit ein ehrendes Andenken bewahren. &#8222;Die Anteilnahme und das Mitgef\u00fchl aller Fortunen gelten seiner Familie, seinen Freunden und allen, die Georg Koch kannten und sch\u00e4tzten&#8220;, hie\u00df es vom Verein weiter. &#8222;Mach&#8217;s gut, &#8222;Schorsch&#8220;!<\/p>\n<p class=\"text-18 leading-17 user-text-lg:text-22 user-text-xl:text-24\">Von 1991 bis 1997 stand Koch im Tor bei Fortuna D\u00fcsseldorf, mit dem Verein absolvierte er 131 Spiele. 1993, als Fortuna in die dritte Liga abstieg, blieb er dem Verein treu und k\u00e4mpfte sich mit ihm in die erste Liga. 1997 wechselte er in die Niederlande zum PSV Eindhoven.<\/p>\n<p class=\"text-18 leading-17 user-text-lg:text-22 user-text-xl:text-24\">Seine aktive Karriere beendete der Fu\u00dfballer 2009. Im Jahr zuvor stand er f\u00fcr den \u00f6sterreichischen Verein Rapid Wien auf dem Rasen, als bei einem Spiel ein Knallk\u00f6rper in der unmittelbaren N\u00e4he Kochs explodierte. Der Knallk\u00f6rper war von Fans des FK Austria Wien geworfen worden. Koch erlitt ein Knalltrauma und bekam infolge dessen zunehmend Gleichgewichtsprobleme.<\/p>\n<p class=\"text-18 leading-17 user-text-lg:text-22 user-text-xl:text-24\">Nach seiner aktiven Zeit als Spieler war Koch als Trainer t\u00e4tig. Von 2019 bis 2020 war er Torwarttrainer bei Fortuna K\u00f6ln, von 2022 bis 2023 bei Viktoria K\u00f6ln. Viktoria K\u00f6ln \u00e4u\u00dferte sich am Mittwoch ebenfalls auf Facebook zum Tod des ehemaligen Trainers. &#8222;Die Viktoria-Familie trauert um Georg Koch&#8220;, hei\u00dft es in dem Beitrag. &#8222;Der fr\u00fchere Torwart-Trainer und Teammanager von Viktoria K\u00f6ln ist im Alter von 54 Jahren verstorben. Unsere Gedanken sind bei der Familie und den Angeh\u00f6rigen von Georg Koch.&#8220;<\/p>\n","protected":false},"excerpt":{"rendered":"131 Spiele f\u00fcr D\u00fcsseldorf Mit 54 Jahren: Ex-Fortuna-Torwart Georg Koch ist tot Aktualisiert am 04.03.2026 &#8211; 19:12 UhrLesedauer:&hellip;\n","protected":false},"author":2,"featured_media":844035,"comment_status":"","ping_status":"","sticky":false,"template":"","format":"standard","meta":{"footnotes":"","_share_on_mastodon":"0"},"categories":[1831],"tags":[146025,11427,3364,29,3405,3132,347,17065,30,1420,1209,188040,6921],"class_list":["post-844034","post","type-post","status-publish","format-standard","has-post-thumbnail","category-duesseldorf","tag-146025","tag-andenken","tag-de","tag-deutschland","tag-duesseldorf","tag-fortuna-duesseldorf","tag-fussball","tag-georg-koch","tag-germany","tag-koeln","tag-nordrhein-westfalen","tag-torwartposition","tag-viktoria-koeln"],"share_on_mastodon":{"url":"https:\/\/pubeurope.com\/@de\/116174370063227550","error":""},"_links":{"self":[{"href":"https:\/\/www.europesays.com\/de\/wp-json\/wp\/v2\/posts\/844034","targetHints":{"allow":["GET"]}}],"collection":[{"href":"https:\/\/www.europesays.com\/de\/wp-json\/wp\/v2\/posts"}],"about":[{"href":"https:\/\/www.europesays.com\/de\/wp-json\/wp\/v2\/types\/post"}],"author":[{"embeddable":true,"href":"https:\/\/www.europesays.com\/de\/wp-json\/wp\/v2\/users\/2"}],"replies":[{"embeddable":true,"href":"https:\/\/www.europesays.com\/de\/wp-json\/wp\/v2\/comments?post=844034"}],"version-history":[{"count":0,"href":"https:\/\/www.europesays.com\/de\/wp-json\/wp\/v2\/posts\/844034\/revisions"}],"wp:featuredmedia":[{"embeddable":true,"href":"https:\/\/www.europesays.com\/de\/wp-json\/wp\/v2\/media\/844035"}],"wp:attachment":[{"href":"https:\/\/www.europesays.com\/de\/wp-json\/wp\/v2\/media?parent=844034"}],"wp:term":[{"taxonomy":"category","embeddable":true,"href":"https:\/\/www.europesays.com\/de\/wp-json\/wp\/v2\/categories?post=844034"},{"taxonomy":"post_tag","embeddable":true,"href":"https:\/\/www.europesays.com\/de\/wp-json\/wp\/v2\/tags?post=844034"}],"curies":[{"name":"wp","href":"https:\/\/api.w.org\/{rel}","templated":true}]}}