{"id":844140,"date":"2026-03-05T04:09:13","date_gmt":"2026-03-05T04:09:13","guid":{"rendered":"https:\/\/www.europesays.com\/de\/844140\/"},"modified":"2026-03-05T04:09:13","modified_gmt":"2026-03-05T04:09:13","slug":"ig-metall-verliert-betriebsratswahl-bei-tesla-in-gruenheide","status":"publish","type":"post","link":"https:\/\/www.europesays.com\/de\/844140\/","title":{"rendered":"IG Metall verliert Betriebsratswahl bei Tesla in Gr\u00fcnheide"},"content":{"rendered":"<p>In einer Pressemitteilung betonte die IG Metall, dass sie sich trotz des entt\u00e4uschenden Wahlergebnisses weiterhin f\u00fcr bessere Arbeitsbedingungen im Tesla-Werk einsetzen wolle.<\/p>\n<p>Die Wahlbeteiligung der rund 10.700 Mitarbeitenden lag nach Angabe von Tesla bei 90 Prozent.<\/p>\n<p>Die Betriebsratswahlen hatten am Montag um 0 Uhr begonnen und endeten am Mittwoch um 14 Uhr. Die Ausz\u00e4hlung dauerte mehrere Stunden. Insgesamt 550 Kandidatinnen und Kandidaten standen auf elf Listen zur Wahl.<\/p>\n","protected":false},"excerpt":{"rendered":"In einer Pressemitteilung betonte die IG Metall, dass sie sich trotz des entt\u00e4uschenden Wahlergebnisses weiterhin f\u00fcr bessere Arbeitsbedingungen&hellip;\n","protected":false},"author":2,"featured_media":844141,"comment_status":"","ping_status":"","sticky":false,"template":"","format":"standard","meta":{"footnotes":"","_share_on_mastodon":"0"},"categories":[5],"tags":[331,332,1890,3364,29,30,13,14,15,122047,134296,143522,12],"class_list":["post-844140","post","type-post","status-publish","format-standard","has-post-thumbnail","category-nachrichten","tag-aktuelle-nachrichten","tag-aktuelle-news","tag-brandenburg","tag-de","tag-deutschland","tag-germany","tag-headlines","tag-nachrichten","tag-news","tag-oder-spree","tag-rbb24tagesschau","tag-rbb24tesla","tag-schlagzeilen"],"share_on_mastodon":{"url":"https:\/\/pubeurope.com\/@de\/116174609863168662","error":""},"_links":{"self":[{"href":"https:\/\/www.europesays.com\/de\/wp-json\/wp\/v2\/posts\/844140","targetHints":{"allow":["GET"]}}],"collection":[{"href":"https:\/\/www.europesays.com\/de\/wp-json\/wp\/v2\/posts"}],"about":[{"href":"https:\/\/www.europesays.com\/de\/wp-json\/wp\/v2\/types\/post"}],"author":[{"embeddable":true,"href":"https:\/\/www.europesays.com\/de\/wp-json\/wp\/v2\/users\/2"}],"replies":[{"embeddable":true,"href":"https:\/\/www.europesays.com\/de\/wp-json\/wp\/v2\/comments?post=844140"}],"version-history":[{"count":0,"href":"https:\/\/www.europesays.com\/de\/wp-json\/wp\/v2\/posts\/844140\/revisions"}],"wp:featuredmedia":[{"embeddable":true,"href":"https:\/\/www.europesays.com\/de\/wp-json\/wp\/v2\/media\/844141"}],"wp:attachment":[{"href":"https:\/\/www.europesays.com\/de\/wp-json\/wp\/v2\/media?parent=844140"}],"wp:term":[{"taxonomy":"category","embeddable":true,"href":"https:\/\/www.europesays.com\/de\/wp-json\/wp\/v2\/categories?post=844140"},{"taxonomy":"post_tag","embeddable":true,"href":"https:\/\/www.europesays.com\/de\/wp-json\/wp\/v2\/tags?post=844140"}],"curies":[{"name":"wp","href":"https:\/\/api.w.org\/{rel}","templated":true}]}}