{"id":844229,"date":"2026-03-05T04:57:15","date_gmt":"2026-03-05T04:57:15","guid":{"rendered":"https:\/\/www.europesays.com\/de\/844229\/"},"modified":"2026-03-05T04:57:15","modified_gmt":"2026-03-05T04:57:15","slug":"china-erwartet-nur-45-prozent-wirtschaftswachstum","status":"publish","type":"post","link":"https:\/\/www.europesays.com\/de\/844229\/","title":{"rendered":"China erwartet nur 4,5 Prozent Wirtschaftswachstum"},"content":{"rendered":"<p>Niedrigster Wert seit 1991 <\/p>\n<p>China erwartet nur 4,5 Prozent Wirtschaftswachstum<\/p>\n<p>05.03.2026 &#8211; 03:17 UhrLesedauer: 1 Min.<\/p>\n<p><a href=\"#focus-0\" class=\"transition-colors duration-200 block text-current relative\" data-sctrack=\"FocusGalleryImage.Reference\"><img fetchpriority=\"high\" data-testid=\"Opener.Image\" style=\"--lqipURL:url('https:\/\/images.t-online.de\/2026\/03\/8da4QTW4cqyv\/0x75:800x450\/fit-in\/150x0\/filters:blur(25)\/das-emblem-der-volksrepublik-china-prangt-an-der-grossen-halle-des-volkes-in-der-chinesischen-hauptstadt.jpg')\"   loading=\"eager\" src=\"https:\/\/www.europesays.com\/de\/wp-content\/uploads\/2026\/03\/das-emblem-der-volksrepublik-china-prangt-an-der-grossen-halle-des-volkes-in-der-chinesischen-haupts.jpeg\" alt=\"Das Emblem der Volksrepublik China prangt an der Gro\u00dfen Halle des Volkes in der chinesischen Hauptstadt.\" title=\"Das Emblem der Volksrepublik China prangt an der Gro\u00dfen Halle des Volkes in der chinesischen Hauptstadt.\" width=\"800\" height=\"450\" class=\"bg-[url:var(--lqipURL)] bg-cover bg-center flex h-full w-full max-w-full\" decoding=\"async\"\/><img style=\"--width:32;--height:32\" loading=\"lazy\" src=\"https:\/\/www.t-online.de\/s\/paper\/_next\/static\/media\/zoom-in.f7dae02f.svg\" alt=\"Vergr\u00f6\u00dfern des Bildes\" title=\"Vergr\u00f6\u00dfern des Bildes\" class=\"block h-[calc(var(--height)_\/_16_*_1rem)] w-[calc(var(--width)_\/_16_*_1rem)] max-w-none absolute bottom-8 right-8 rounded-4 bg-snow p-8\" decoding=\"async\"\/><\/a><\/p>\n<p>Das Emblem der Volksrepublik China prangt an der Gro\u00dfen Halle des Volkes in der chinesischen Hauptstadt. (Quelle: Johannes Neudecker\/dpa)<\/p>\n<p class=\"font-bold text-18 leading-17 user-text-lg:text-22 user-text-xl:text-24\">Beim Volkskongress legt Peking ein Wirtschaftsziel von 4,5 bis 5 Prozent vor. Eine Immobilienkrise, schwacher Konsum und globale Konflikte belasten die zweitgr\u00f6\u00dfte Volkswirtschaft der Welt weiterhin.<\/p>\n<p class=\"text-18 leading-17 user-text-lg:text-22 user-text-xl:text-24\"><a class=\"transition-colors duration-200 cursor-pointer text-inherit no-underline text-salemsfur md:hover:text-magenta md:hover:border-magenta md:focus:text-magenta border-current border-b border-solid break-words\" href=\"https:\/\/www.t-online.de\/themen\/china\/\" data-sctrack=\"BodyAnchor\" rel=\"nofollow noopener\" target=\"_blank\">China<\/a> hat zum Beginn des Nationalen Volkskongresses das niedrigste Wachstumsziel f\u00fcr seine Wirtschaft seit Jahrzehnten ausgegeben. Das Bruttoinlandsprodukt (BIP) soll 2026 um 4,5 bis 5 Prozent wachsen, hie\u00df es im Arbeitsbericht der Regierung, den Ministerpr\u00e4sident Li Qiang in der Gro\u00dfen Halle des Volkes in <a class=\"transition-colors duration-200 cursor-pointer text-inherit no-underline text-salemsfur md:hover:text-magenta md:hover:border-magenta md:focus:text-magenta border-current border-b border-solid break-words\" href=\"https:\/\/www.t-online.de\/themen\/peking\/\" data-sctrack=\"BodyAnchor\" rel=\"nofollow noopener\" target=\"_blank\">Peking<\/a> vorstellte. In den vergangenen Jahren hatte die kommunistische F\u00fchrung das Wachstum stets mit rund f\u00fcnf Prozent angesetzt. Ein Wert von 4,5 Prozent war zuletzt im Jahr 1991 angestrebt worden.<\/p>\n<p class=\"text-18 leading-17 user-text-lg:text-22 user-text-xl:text-24\">Die neue Untergrenze deutet darauf hin, dass China sich langfristig auf moderateres Wachstum einstellen k\u00f6nnte und seine Erwartungen st\u00e4rker an Prognosen internationaler Organisationen wie dem Internationalen W\u00e4hrungsfonds (IWF) anpasst. Peking senkt damit auch den Erfolgsdruck in global unsicheren Zeiten mit Kriegen etwa in der <a class=\"transition-colors duration-200 cursor-pointer text-inherit no-underline text-salemsfur md:hover:text-magenta md:hover:border-magenta md:focus:text-magenta border-current border-b border-solid break-words\" href=\"https:\/\/www.t-online.de\/themen\/ukraine\/\" data-sctrack=\"BodyAnchor\" rel=\"nofollow noopener\" target=\"_blank\">Ukraine<\/a> und im <a class=\"transition-colors duration-200 cursor-pointer text-inherit no-underline text-salemsfur md:hover:text-magenta md:hover:border-magenta md:focus:text-magenta border-current border-b border-solid break-words\" href=\"https:\/\/www.t-online.de\/themen\/iran\/\" data-sctrack=\"BodyAnchor\" rel=\"nofollow noopener\" target=\"_blank\">Iran<\/a> sowie dem <a class=\"transition-colors duration-200 cursor-pointer text-inherit no-underline text-salemsfur md:hover:text-magenta md:hover:border-magenta md:focus:text-magenta border-current border-b border-solid break-words\" href=\"https:\/\/www.t-online.de\/themen\/handelsstreit\/\" data-sctrack=\"BodyAnchor\" rel=\"nofollow noopener\" target=\"_blank\">Handelsstreit<\/a> mit den <a class=\"transition-colors duration-200 cursor-pointer text-inherit no-underline text-salemsfur md:hover:text-magenta md:hover:border-magenta md:focus:text-magenta border-current border-b border-solid break-words\" href=\"https:\/\/www.t-online.de\/themen\/usa\/\" data-sctrack=\"BodyAnchor\" rel=\"nofollow noopener\" target=\"_blank\">USA<\/a> unter Pr\u00e4sident <a class=\"transition-colors duration-200 cursor-pointer text-inherit no-underline text-salemsfur md:hover:text-magenta md:hover:border-magenta md:focus:text-magenta border-current border-b border-solid break-words\" href=\"https:\/\/www.t-online.de\/themen\/donald-trump\/\" data-sctrack=\"BodyAnchor\" rel=\"nofollow noopener\" target=\"_blank\">Donald Trump<\/a>.<\/p>\n<p class=\"text-18 leading-17 user-text-lg:text-22 user-text-xl:text-24\">Experten zweifeln schon l\u00e4nger daran, dass Chinas Wirtschaftsdaten die Realit\u00e4t in der zweitgr\u00f6\u00dften <a class=\"transition-colors duration-200 cursor-pointer text-inherit no-underline text-salemsfur md:hover:text-magenta md:hover:border-magenta md:focus:text-magenta border-current border-b border-solid break-words\" href=\"https:\/\/www.t-online.de\/themen\/volkswirtschaft\/\" data-sctrack=\"BodyAnchor\" rel=\"nofollow noopener\" target=\"_blank\">Volkswirtschaft<\/a> der Welt vollst\u00e4ndig widerspiegeln.<\/p>\n<p class=\"text-18 leading-17 user-text-lg:text-22 user-text-xl:text-24\">Chinas Wirtschaft k\u00e4mpft seit Jahren mit den Nachwirkungen einer Immobilienkrise und einer schwachen Nachfrage im Inland. Als Folge der sinkenden Wohnungspreise halten Immobilienbesitzer ihr Geld zusammen und kaufen weniger. Parallel produzieren von Peking gef\u00f6rderte Sektoren deutlich mehr Waren als der Markt aufnehmen kann. Die Folgen sind ein harter Preiskampf wie in der Elektroauto-Branche oder Billigexporte in andere M\u00e4rkte, die sich dagegen teils mit Handelsbarrieren sch\u00fctzen.<\/p>\n","protected":false},"excerpt":{"rendered":"Niedrigster Wert seit 1991 China erwartet nur 4,5 Prozent Wirtschaftswachstum 05.03.2026 &#8211; 03:17 UhrLesedauer: 1 Min. Das Emblem&hellip;\n","protected":false},"author":2,"featured_media":844230,"comment_status":"","ping_status":"","sticky":false,"template":"","format":"standard","meta":{"footnotes":"","_share_on_mastodon":"0"},"categories":[134],"tags":[1217,175,227,170,169,29,30,13543,133899,171,174,188088,1614,173,172,188087,3945,188086],"class_list":["post-844229","post","type-post","status-publish","format-standard","has-post-thumbnail","category-unternehmen-maerkte","tag-1217","tag-business","tag-china","tag-companies","tag-companies-markets","tag-deutschland","tag-germany","tag-iwf","tag-li-qiang","tag-markets","tag-maerkte","tag-nationaler-volkskongress","tag-peking","tag-unternehmen","tag-unternehmen-maerkte","tag-volkskongress","tag-wirtschaftswachstum","tag-wirtschaftsziel"],"share_on_mastodon":{"url":"https:\/\/pubeurope.com\/@de\/116174798835691901","error":""},"_links":{"self":[{"href":"https:\/\/www.europesays.com\/de\/wp-json\/wp\/v2\/posts\/844229","targetHints":{"allow":["GET"]}}],"collection":[{"href":"https:\/\/www.europesays.com\/de\/wp-json\/wp\/v2\/posts"}],"about":[{"href":"https:\/\/www.europesays.com\/de\/wp-json\/wp\/v2\/types\/post"}],"author":[{"embeddable":true,"href":"https:\/\/www.europesays.com\/de\/wp-json\/wp\/v2\/users\/2"}],"replies":[{"embeddable":true,"href":"https:\/\/www.europesays.com\/de\/wp-json\/wp\/v2\/comments?post=844229"}],"version-history":[{"count":0,"href":"https:\/\/www.europesays.com\/de\/wp-json\/wp\/v2\/posts\/844229\/revisions"}],"wp:featuredmedia":[{"embeddable":true,"href":"https:\/\/www.europesays.com\/de\/wp-json\/wp\/v2\/media\/844230"}],"wp:attachment":[{"href":"https:\/\/www.europesays.com\/de\/wp-json\/wp\/v2\/media?parent=844229"}],"wp:term":[{"taxonomy":"category","embeddable":true,"href":"https:\/\/www.europesays.com\/de\/wp-json\/wp\/v2\/categories?post=844229"},{"taxonomy":"post_tag","embeddable":true,"href":"https:\/\/www.europesays.com\/de\/wp-json\/wp\/v2\/tags?post=844229"}],"curies":[{"name":"wp","href":"https:\/\/api.w.org\/{rel}","templated":true}]}}