{"id":844349,"date":"2026-03-05T06:01:15","date_gmt":"2026-03-05T06:01:15","guid":{"rendered":"https:\/\/www.europesays.com\/de\/844349\/"},"modified":"2026-03-05T06:01:15","modified_gmt":"2026-03-05T06:01:15","slug":"bis-zu-18-grad-und-sonne-norddeutschland-bleibt-freundlich","status":"publish","type":"post","link":"https:\/\/www.europesays.com\/de\/844349\/","title":{"rendered":"Bis zu 18 Grad und Sonne: Norddeutschland bleibt freundlich"},"content":{"rendered":"<p _ngcontent-sc113=\"\"> 05. M\u00e4rz 2026 \u2013 Isabell W\u00fcppenhorst <\/p>\n<p _ngcontent-sc113=\"\">Sonne, milde Temperaturen und nur vereinzelt leichter Frost: So gestaltet sich das Wetter in Norddeutschland in den kommenden Tagen.<\/p>\n<p _ngcontent-sc85=\"\" align=\"false\">Die n\u00e4chsten Tage werden im Norden freundlich und mild. Am Donnerstag werden Maximalwerte von neun Grad auf den Inseln und an der K\u00fcste, sowie bis zu 16 Grad in Hamburg erwartet, wie der Deutsche Wetterdienst (DWD) mitteilt. In Mecklenburg-Vorpommern steigen die Werte auf bis zu 15 Grad. In allen Gebieten scheint meist die Sonne und es bleibt trocken. <\/p>\n<p _ngcontent-sc85=\"\" align=\"false\">Die Nacht auf Freitag bleibt \u00fcberwiegend klar bei Tiefsttemperaturen zwischen einem und f\u00fcnf Grad in Hamburg und Schleswig-Holstein. Im S\u00fcdosten kann es bei minus einem Grad zu leichtem Frost kommen. In Mecklenburg-Vorpommern wird es bei Temperaturen zwischen drei und minus drei Grad etwas k\u00e4lter. In Bodenn\u00e4he wird leichter bis m\u00e4\u00dfiger Frost erwartet.<\/p>\n<p>Fr\u00fchlingshafte Temperaturen<\/p>\n<p _ngcontent-sc85=\"\" align=\"false\">Auch der Freitag zeigt sich gr\u00f6\u00dftenteils sonnig mit einzelnen Wolken aus S\u00fcdwesten. Die H\u00f6chsttemperaturen liegen zwischen neun und 18 Grad. In der Nacht zum Samstag bew\u00f6lkt es sich vermehrt, gebietsweise zieht Nebel auf. Die Minimalwerte liegen bei rund f\u00fcnf Grad in Hamburg und Schleswig-Holstein und zwischen vier und minus drei Grad in Mecklenburg-Vorpommern. Stellenweise kann sich erneut Frost bilden.<\/p>\n<p _ngcontent-sc85=\"\" align=\"false\">Am Samstag wird es etwas bedeckter, stellenweise verdichten sich die Wolken und es kann leicht regnen. Dennoch lockert es auch h\u00e4ufiger auf. Die H\u00f6chsttemperaturen liegen zwischen neun und 16 Grad.<\/p>\n<p>Das beste Wetter f\u00fcr den Norden <\/p>\n<p _ngcontent-sc85=\"\" align=\"false\">Wie das Wetter genau in der Nacht und am Morgen wird, h\u00f6rt ihr nat\u00fcrlich immer ganz aktuell um Halb und Voll im Radio Hamburg Wetterservice. H\u00f6rt doch unbedingt mal rein, um genau zu wissen, wie das Wetter bei euch vor der T\u00fcr wird. Geht am einfachsten mit dem Webplayer hier auf der Seite oder aber <a _ngcontent-sc132=\"\" target=\"_blank\" href=\"https:\/\/www.radiohamburg.de\/programm\/frequenzen\/Streamen-%C3%BCber-die-App-id388032.html\" rel=\"nofollow noopener\">\u00fcber die Radio Hamburg App.<\/a><\/p>\n<p><img decoding=\"async\" _ngcontent-sc129=\"\" class=\"\" src=\"https:\/\/www.europesays.com\/de\/wp-content\/uploads\/2025\/04\/app.jpg\" alt=\"App, App Store, iOS, Play Store, Google\" title=\"App, App Store, iOS, Play Store, Google\"\/><\/p>\n<p>Foto: Bloomicon \/ Shutterstock.com<\/p>\n<p> F\u00fcr iOS &amp; Android <\/p>\n<p>Holt euch die kostenlose Radio Hamburg App<\/p>\n<p _ngcontent-sc85=\"\" align=\"false\">H\u00f6rt uns an jedem Ort auf der Welt in bester Qualit\u00e4t &amp; st\u00f6rungsfrei \u00fcber unsere kostenlose App. Holt sie euch jetzt f\u00fcr Android oder iOS.<\/p>\n","protected":false},"excerpt":{"rendered":"05. M\u00e4rz 2026 \u2013 Isabell W\u00fcppenhorst Sonne, milde Temperaturen und nur vereinzelt leichter Frost: So gestaltet sich das&hellip;\n","protected":false},"author":2,"featured_media":256727,"comment_status":"","ping_status":"","sticky":false,"template":"","format":"standard","meta":{"footnotes":"","_share_on_mastodon":"0"},"categories":[1826],"tags":[950,29,30,692,440,4747,1973,26455],"class_list":["post-844349","post","type-post","status-publish","format-standard","has-post-thumbnail","category-hamburg","tag-deutscher-wetterdienst","tag-deutschland","tag-germany","tag-hamburg","tag-norddeutschland","tag-sonne","tag-wetter","tag-wolken"],"share_on_mastodon":{"url":"https:\/\/pubeurope.com\/@de\/116175050410441527","error":""},"_links":{"self":[{"href":"https:\/\/www.europesays.com\/de\/wp-json\/wp\/v2\/posts\/844349","targetHints":{"allow":["GET"]}}],"collection":[{"href":"https:\/\/www.europesays.com\/de\/wp-json\/wp\/v2\/posts"}],"about":[{"href":"https:\/\/www.europesays.com\/de\/wp-json\/wp\/v2\/types\/post"}],"author":[{"embeddable":true,"href":"https:\/\/www.europesays.com\/de\/wp-json\/wp\/v2\/users\/2"}],"replies":[{"embeddable":true,"href":"https:\/\/www.europesays.com\/de\/wp-json\/wp\/v2\/comments?post=844349"}],"version-history":[{"count":0,"href":"https:\/\/www.europesays.com\/de\/wp-json\/wp\/v2\/posts\/844349\/revisions"}],"wp:featuredmedia":[{"embeddable":true,"href":"https:\/\/www.europesays.com\/de\/wp-json\/wp\/v2\/media\/256727"}],"wp:attachment":[{"href":"https:\/\/www.europesays.com\/de\/wp-json\/wp\/v2\/media?parent=844349"}],"wp:term":[{"taxonomy":"category","embeddable":true,"href":"https:\/\/www.europesays.com\/de\/wp-json\/wp\/v2\/categories?post=844349"},{"taxonomy":"post_tag","embeddable":true,"href":"https:\/\/www.europesays.com\/de\/wp-json\/wp\/v2\/tags?post=844349"}],"curies":[{"name":"wp","href":"https:\/\/api.w.org\/{rel}","templated":true}]}}