{"id":844490,"date":"2026-03-05T07:21:25","date_gmt":"2026-03-05T07:21:25","guid":{"rendered":"https:\/\/www.europesays.com\/de\/844490\/"},"modified":"2026-03-05T07:21:25","modified_gmt":"2026-03-05T07:21:25","slug":"tatort-star-ab-mai-auf-der-musical-buehne-in-hamburg","status":"publish","type":"post","link":"https:\/\/www.europesays.com\/de\/844490\/","title":{"rendered":"&#8222;Tatort&#8220;-Star ab Mai auf der Musical-B\u00fchne in Hamburg"},"content":{"rendered":"<p _ngcontent-sc113=\"\"> 05. M\u00e4rz 2026 \u2013 Isabell W\u00fcppenhorst <\/p>\n<p _ngcontent-sc113=\"\">Richy M\u00fcller ist bekannt als Kommissar Lannert im Stuttgarter &#8222;Tatort&#8220;. Nun \u00fcbernimmt er wieder die Rolle des Wildj\u00e4gers Clayton bei &#8222;Tarzan&#8220;- in\u00a0Hamburg.<\/p>\n<p _ngcontent-sc85=\"\" align=\"false\">Schauspieler Richy M\u00fcller (70) steht wieder beim Musical &#8222;Tarzan&#8220; auf der B\u00fchne. Er schl\u00fcpft vom 8. Mai an in Hamburg f\u00fcr zehn Termine erneut in die Rolle des Wildj\u00e4gers Clayton, wie Stage Entertainment mitteilte. M\u00fcller, der unter anderem als ARD-&#8222;Tatort&#8220;-Kommissar bekannt ist, war bereits im Stuttgarter &#8222;Tarzan&#8220;-Musical zu sehen.<\/p>\n<p>&#8222;Figur ist komplex, fordernd und \u00fcberraschend&#8220;<\/p>\n<p _ngcontent-sc85=\"\" align=\"false\">Er sei sofort Feuer und Flamme gewesen, sagte M\u00fcller laut Mitteilung. &#8222;Diese Figur ist komplex, fordernd und \u00fcberraschend \u2013 sie verlangt nicht nur K\u00f6rpersprache, Energie und Pr\u00e4senz, sondern auch eine tiefe Auseinandersetzung mit ihrem Charakter.&#8220; Genau diese Mischung mache sie f\u00fcr ihn so spannend, sagte der Schauspieler.<\/p>\n<p>Weitere News On Air<\/p>\n<p _ngcontent-sc85=\"\" align=\"false\">Weitere Nachrichten aus Hamburg, Deutschland und der Welt h\u00f6rt ihr immer zur vollen Stunde bei uns im Programm. Holt euch einfach unsere <a _ngcontent-sc132=\"\" href=\"https:\/\/www.radiohamburg.de\/programm\/frequenzen\/Streamen-%C3%BCber-die-App-id388032.html\" rel=\"nofollow noopener\" target=\"_blank\">kostenlose App<\/a>, h\u00f6rt uns \u00fcber euren <a _ngcontent-sc132=\"\" href=\"https:\/\/www.radiohamburg.de\/programm\/frequenzen\/Alexa-spiele-Radio-Hamburg-id387722.html\" rel=\"nofollow noopener\" target=\"_blank\">Smartspeaker<\/a> oder schaltet mit einem Klick unten auf den Playbutton das Webradio ein. Zum Nachh\u00f6ren gibt&#8217;s das Ganze nat\u00fcrlich auch noch mal als <a _ngcontent-sc132=\"\" href=\"https:\/\/www.radiohamburg.de\/hoeren\/podcasts\/Radio-Hamburg-Nachrichten-id388455.html\" rel=\"nofollow noopener\" target=\"_blank\">Podcastangebot<\/a>.<\/p>\n<p><img decoding=\"async\" _ngcontent-sc129=\"\" class=\"\" src=\"https:\/\/www.europesays.com\/de\/wp-content\/uploads\/2025\/04\/app.jpg\" alt=\"App, App Store, iOS, Play Store, Google\" title=\"App, App Store, iOS, Play Store, Google\"\/><\/p>\n<p>Foto: Bloomicon \/ Shutterstock.com<\/p>\n<p> F\u00fcr iOS &amp; Android <\/p>\n<p>Holt euch die kostenlose Radio Hamburg App<\/p>\n<p _ngcontent-sc85=\"\" align=\"false\">H\u00f6rt uns an jedem Ort auf der Welt in bester Qualit\u00e4t &amp; st\u00f6rungsfrei \u00fcber unsere kostenlose App. Holt sie euch jetzt f\u00fcr Android oder iOS.<\/p>\n","protected":false},"excerpt":{"rendered":"05. M\u00e4rz 2026 \u2013 Isabell W\u00fcppenhorst Richy M\u00fcller ist bekannt als Kommissar Lannert im Stuttgarter &#8222;Tatort&#8220;. Nun \u00fcbernimmt&hellip;\n","protected":false},"author":2,"featured_media":844491,"comment_status":"","ping_status":"","sticky":false,"template":"","format":"standard","meta":{"footnotes":"","_share_on_mastodon":"0"},"categories":[1826],"tags":[29,30,692,128482,188125,188124,39794,218,188126],"class_list":["post-844490","post","type-post","status-publish","format-standard","has-post-thumbnail","category-hamburg","tag-deutschland","tag-germany","tag-hamburg","tag-hamburg-musicals","tag-kommissar-lannert","tag-stuttgart-tatort","tag-tarzan","tag-tatort","tag-wildjaeger-clayton"],"share_on_mastodon":{"url":"https:\/\/pubeurope.com\/@de\/116175365009454451","error":""},"_links":{"self":[{"href":"https:\/\/www.europesays.com\/de\/wp-json\/wp\/v2\/posts\/844490","targetHints":{"allow":["GET"]}}],"collection":[{"href":"https:\/\/www.europesays.com\/de\/wp-json\/wp\/v2\/posts"}],"about":[{"href":"https:\/\/www.europesays.com\/de\/wp-json\/wp\/v2\/types\/post"}],"author":[{"embeddable":true,"href":"https:\/\/www.europesays.com\/de\/wp-json\/wp\/v2\/users\/2"}],"replies":[{"embeddable":true,"href":"https:\/\/www.europesays.com\/de\/wp-json\/wp\/v2\/comments?post=844490"}],"version-history":[{"count":0,"href":"https:\/\/www.europesays.com\/de\/wp-json\/wp\/v2\/posts\/844490\/revisions"}],"wp:featuredmedia":[{"embeddable":true,"href":"https:\/\/www.europesays.com\/de\/wp-json\/wp\/v2\/media\/844491"}],"wp:attachment":[{"href":"https:\/\/www.europesays.com\/de\/wp-json\/wp\/v2\/media?parent=844490"}],"wp:term":[{"taxonomy":"category","embeddable":true,"href":"https:\/\/www.europesays.com\/de\/wp-json\/wp\/v2\/categories?post=844490"},{"taxonomy":"post_tag","embeddable":true,"href":"https:\/\/www.europesays.com\/de\/wp-json\/wp\/v2\/tags?post=844490"}],"curies":[{"name":"wp","href":"https:\/\/api.w.org\/{rel}","templated":true}]}}