{"id":844785,"date":"2026-03-05T10:06:18","date_gmt":"2026-03-05T10:06:18","guid":{"rendered":"https:\/\/www.europesays.com\/de\/844785\/"},"modified":"2026-03-05T10:06:18","modified_gmt":"2026-03-05T10:06:18","slug":"an-berliner-holocaust-mahnmal-13-jahre-haft-fuer-syrer-nach-messer-angriff-regional","status":"publish","type":"post","link":"https:\/\/www.europesays.com\/de\/844785\/","title":{"rendered":"An Berliner Holocaust-Mahnmal: 13 Jahre Haft f\u00fcr Syrer nach Messer-Angriff | Regional"},"content":{"rendered":"<p><a class=\"skip-content skip-content--link\" href=\"#in-content-skip-link-target-v-0-0\">TTS-Player \u00fcberspringen\u21b5<\/a><a id=\"in-content-skip-link-target-v-0-0\" class=\"skip-content--target-link-hidden skip-content skip-content--target-link\" href=\"#in-content-skip-link-target-v-0-0\">Artikel weiterlesen<\/a><\/p>\n<p>Berlin \u2013 <b>Rund ein Jahr nach einem Messerangriff auf einen spanischen Touristen am Berliner Holocaust-Mahnmal ist ein IS-Anh\u00e4nger f\u00fcr die Tat zu 13 Jahren Haft verurteilt worden. Das Berliner Kammergericht verurteilte den 20-J\u00e4hrigen am Donnerstag unter anderem wegen versuchten Mordes. Er hatte den Touristen im Februar 2025 mit einem Messer schwer am Hals verletzt. Der Mann \u00fcberlebte nur dank sofortiger not\u00e4rztlicher Hilfe.<\/b><\/p>\n<p>Am 21. Februar 2025 gegen 18 Uhr griff Wassim Al M. (damals 19, Syrer) einen spanischen Touristen (30) zwischen dem Mahnmal und der amerikanischen Botschaft in <a href=\"https:\/\/www.bild.de\/regional\/berlin\/berlin-regional\/home-15823246.bild.html\" class=\"text-link\" rel=\"nofollow noopener\" target=\"_blank\">Berlin<\/a> hinterr\u00fccks mit einem Messer an, verletzte ihn lebensgef\u00e4hrlich. Das Opfer Iker K. (30, Ern\u00e4hrungswissenschaftler) musste notoperiert und ins k\u00fcnstliche Koma versetzt werden.<\/p>\n<p><img decoding=\"async\" width=\"992\" height=\"558\" alt=\"Polizisten nach der Messerattacke des Islamisten am Holocaust-Mahnmal am 21. Februar 2025\" src=\"https:\/\/www.europesays.com\/de\/wp-content\/uploads\/2026\/03\/eebf483d36debcccc19d81126a4bff8b,456d631.jpeg\"   class=\"landscape\" loading=\"lazy\"\/><\/p>\n<p class=\"fig__caption__text\">Polizisten nach der Messerattacke des Islamisten am Holocaust-Mahnmal am 21. Februar 2025<\/p>\n<p>Foto: ODD ANDERSEN\/AFP<\/p>\n<p>Syrer schrie bei der Tat \u201eAllahu Akbar\u201c<\/p>\n<p>Der abgelehnte Asylbewerber lebte vor der Tat in Leipzig, fuhr mit einem Messer mit 14 Zentimeter langer Klinge nach Berlin. Dort lauerte er laut Anklage inmitten des Stelenfeldes des Denkmals f\u00fcr die ermordeten <a href=\"https:\/\/www.bild.de\/themen\/organisationen\/judentum\/weltreligion-news-fotos-videos-22942006.bild.html\" class=\"text-link\" rel=\"nofollow noopener\" target=\"_blank\">Juden<\/a> Europas in Berlin j\u00fcdischen Zufallsopfern auf. In dem Moment tauchte der spanische Tourist auf.<b>  <\/b>Als der zustach, schrie Al M. laut Zeugen \u201eAllahu Akbar\u201c \u2013 \u201eAllah ist gro\u00df!\u201c Polizisten \u00fcberw\u00e4ltigten ihn noch am Tatort.<\/p>\n<p><img decoding=\"async\" width=\"992\" height=\"558\" alt=\"Polizisten \u00fcberw\u00e4ltigen Wassim Al M. noch am Tatort\" src=\"https:\/\/www.europesays.com\/de\/wp-content\/uploads\/2026\/03\/a877d979a8ae24986726e84987e195b3,2add3dbc.jpeg\"   class=\"landscape\" loading=\"lazy\"\/><\/p>\n<p class=\"fig__caption__text\">Polizisten \u00fcberw\u00e4ltigen Wassim Al M. noch am Tatort<\/p>\n<p>Foto: ODD ANDERSEN\/AFP<\/p>\n<p>Weil der Syrer versucht hatte, \u00fcber Messengerdienste Kontakt zur Terrororganisation <a href=\"https:\/\/www.bild.de\/politik\/ausland\/thema-is-alle-infos-eAbyhSneKmqQAyZBxJdY\" class=\"text-link\" rel=\"nofollow noopener\" target=\"_blank\">IS<\/a> aufzunehmen und offenbar aus antisemitischen Motiven handelte, hatte die Bundesanwaltschaft das Verfahren \u00fcbernommen. Sie klagte Wassim Al M. wegen versuchten <a href=\"https:\/\/www.bild.de\/themen\/ereignisse\/mord\/nachrichten-news-fotos-videos-21394242.bild.html\" class=\"text-link\" rel=\"nofollow noopener\" target=\"_blank\">Mordes<\/a>, gef\u00e4hrlicher K\u00f6rperverletzung und versuchter Mitgliedschaft in einer ausl\u00e4ndischen terroristischen Vereinigung an. Seit dem 20. November 2025 <a href=\"https:\/\/www.bild.de\/regional\/berlin\/islamist-sticht-touristen-in-berlin-am-holocaust-mahnmal-nieder-691f0e0ae6c27f8e6b4f55d1\" class=\"text-link\" rel=\"nofollow noopener\" target=\"_blank\">stand er vor dem Kammergericht<\/a>. Iker M. trat als Nebenkl\u00e4ger auf.<\/p>\n<p>T\u00e4ter: \u201eEine Sekunde nach der Tat bereute ich\u201c<\/p>\n<p>Im <a href=\"https:\/\/www.bild.de\/themen\/ereignisse\/prozess\/news-fotos-videos-17024714.bild.html\" class=\"text-link\" rel=\"nofollow noopener\" target=\"_blank\">Prozess<\/a> legte Wassim Al M. ein Gest\u00e4ndnis ab, behauptete, er sei auf Druck eines Chatpartners, den er \u00fcber IS-Propagandavideos kennengelernt habe, nach Berlin gefahren. Er bat um Verzeihung:  \u201eSchon eine Sekunde nach der Tat bereute ich.\u201c<\/p>\n<p>\u00dcber sein Opfer sagte die Vorsitzende Richterin Doris Husch bei der Urteilsverk\u00fcndung: \u201eMan muss es als Wunder bezeichnen, dass er den Schnitt an der Kehle \u00fcberlebte.\u201c Geblieben seien aber \u201eseelische Narben\u201c. Iker K. ist bis heute arbeitsunf\u00e4hig und in psychologischer Behandlung.<\/p>\n","protected":false},"excerpt":{"rendered":"TTS-Player \u00fcberspringen\u21b5Artikel weiterlesen Berlin \u2013 Rund ein Jahr nach einem Messerangriff auf einen spanischen Touristen am Berliner Holocaust-Mahnmal&hellip;\n","protected":false},"author":2,"featured_media":844786,"comment_status":"","ping_status":"","sticky":false,"template":"","format":"standard","meta":{"footnotes":"","_share_on_mastodon":"0"},"categories":[1825],"tags":[712,296,1737,1738,29,1736,17931,30,21709,188230,1269,5758,138370,45],"class_list":["post-844785","post","type-post","status-publish","format-standard","has-post-thumbnail","category-berlin","tag-antisemitismus","tag-berlin","tag-breaking-news","tag-desk-delta","tag-deutschland","tag-fb-instantarticles","tag-generalbundesanwalt","tag-germany","tag-is","tag-kammergericht-berlin","tag-prozess","tag-schuldspruch","tag-team-first","tag-texttospeech"],"share_on_mastodon":{"url":"https:\/\/pubeurope.com\/@de\/116176013870198999","error":""},"_links":{"self":[{"href":"https:\/\/www.europesays.com\/de\/wp-json\/wp\/v2\/posts\/844785","targetHints":{"allow":["GET"]}}],"collection":[{"href":"https:\/\/www.europesays.com\/de\/wp-json\/wp\/v2\/posts"}],"about":[{"href":"https:\/\/www.europesays.com\/de\/wp-json\/wp\/v2\/types\/post"}],"author":[{"embeddable":true,"href":"https:\/\/www.europesays.com\/de\/wp-json\/wp\/v2\/users\/2"}],"replies":[{"embeddable":true,"href":"https:\/\/www.europesays.com\/de\/wp-json\/wp\/v2\/comments?post=844785"}],"version-history":[{"count":0,"href":"https:\/\/www.europesays.com\/de\/wp-json\/wp\/v2\/posts\/844785\/revisions"}],"wp:featuredmedia":[{"embeddable":true,"href":"https:\/\/www.europesays.com\/de\/wp-json\/wp\/v2\/media\/844786"}],"wp:attachment":[{"href":"https:\/\/www.europesays.com\/de\/wp-json\/wp\/v2\/media?parent=844785"}],"wp:term":[{"taxonomy":"category","embeddable":true,"href":"https:\/\/www.europesays.com\/de\/wp-json\/wp\/v2\/categories?post=844785"},{"taxonomy":"post_tag","embeddable":true,"href":"https:\/\/www.europesays.com\/de\/wp-json\/wp\/v2\/tags?post=844785"}],"curies":[{"name":"wp","href":"https:\/\/api.w.org\/{rel}","templated":true}]}}