{"id":844804,"date":"2026-03-05T10:17:18","date_gmt":"2026-03-05T10:17:18","guid":{"rendered":"https:\/\/www.europesays.com\/de\/844804\/"},"modified":"2026-03-05T10:17:18","modified_gmt":"2026-03-05T10:17:18","slug":"harry-kane-faellt-gegen-gladbach-verletzt-aus-neuer-wieder-fit","status":"publish","type":"post","link":"https:\/\/www.europesays.com\/de\/844804\/","title":{"rendered":"Harry Kane f\u00e4llt gegen Gladbach verletzt aus \u2013 Neuer wieder fit"},"content":{"rendered":"<p>Schlechte Nachricht f\u00fcr Kompany <\/p>\n<p>Bayern-Superstar f\u00e4llt verletzt aus<\/p>\n<ul class=\"grid grid-flow-col gap-4\" aria-label=\"Autorenbilder\">\n<li class=\"leading-0\"><img data-tb-author-image=\"\"  loading=\"lazy\" src=\"https:\/\/www.europesays.com\/de\/wp-content\/uploads\/2025\/10\/1760810658_251_image.jpg\" alt=\"\" title=\"\" width=\"40\" height=\"40\" class=\"\" decoding=\"async\"\/><\/li>\n<\/ul>\n<p>Aktualisiert am 05.03.2026 &#8211; 10:54 UhrLesedauer: 2 Min.<\/p>\n<p><a href=\"#focus-0\" class=\"transition-colors duration-200 block text-current relative\" data-sctrack=\"FocusGalleryImage.Reference\"><img fetchpriority=\"high\" data-testid=\"Opener.Image\" style=\"--lqipURL:url('https:\/\/images.t-online.de\/2026\/02\/Gq1zhApsLetL\/445x145:3134x1763\/fit-in\/150x0\/filters:blur(25)\/schlussjubel-jubelnd-jubel-begeisterung-freude-emotion-harry-kane-m-und-joshua-kimmich-m-fussball-1-bundesliga-24-spieltag-matchday24-borussia-dortmund-do-fc-bayern-muenchen-m-2-3-am-28-022026-in-dortmund-deutschland-dfl-regulations-prohibit-any-use-of-photographs-as-image-sequences-and-or-quasi-video-a-final-cheer-cheering-jubilation-enthusiasm-joy-emotion-harry-kane-m-and-joshua-kimmich-m-football-1-bundesliga-24-matchday-matchday24-borussia-dortmund-do-fc-bayern-muenchen.jpg')\"   loading=\"eager\" src=\"https:\/\/www.europesays.com\/de\/wp-content\/uploads\/2026\/03\/schlussjubel-jubelnd-jubel-begeisterung-freude-emotion-harry-kane-m-und-joshua-kimmich-m-fussball-1-.jpeg\" alt=\"imago images 1073432292\" title=\"imago images 1073432292\" width=\"3134\" height=\"1763\" class=\"bg-[url:var(--lqipURL)] bg-cover bg-center flex h-full w-full max-w-full\" decoding=\"async\"\/><img style=\"--width:32;--height:32\" loading=\"lazy\" src=\"https:\/\/www.t-online.de\/s\/paper\/_next\/static\/media\/zoom-in.f7dae02f.svg\" alt=\"Vergr\u00f6\u00dfern des Bildes\" title=\"Vergr\u00f6\u00dfern des Bildes\" class=\"block h-[calc(var(--height)_\/_16_*_1rem)] w-[calc(var(--width)_\/_16_*_1rem)] max-w-none absolute bottom-8 right-8 rounded-4 bg-snow p-8\" decoding=\"async\"\/><\/a><\/p>\n<p>Harry Kane (l.) und Joshua Kimmich: Auf einen seiner beiden Stars muss der FC Bayern im Heimspiel gegen Gladbach verzichten. (Quelle: IMAGO\/Malte Ossowski\/SVEN SIMON\/imago)<\/p>\n<p class=\"font-bold text-18 leading-17 user-text-lg:text-22 user-text-xl:text-24\">Ausgerechnet vor dem Start in die wichtigen Englischen Wochen verk\u00fcndet Bayern-Coach Kompany den Ausfall eines Topstars. Wie lange er fehlen wird, ist noch unklar.<\/p>\n<p class=\"text-18 leading-17 user-text-lg:text-22 user-text-xl:text-24\">&#8222;Hiroki It\u014d ist nicht dabei, <a class=\"transition-colors duration-200 cursor-pointer text-inherit no-underline text-salemsfur md:hover:text-magenta md:hover:border-magenta md:focus:text-magenta border-current border-b border-solid break-words\" href=\"https:\/\/www.t-online.de\/themen\/alphonso-davies\/\" data-sctrack=\"BodyAnchor\" rel=\"nofollow noopener\" target=\"_blank\">Alphonso Davies<\/a> ist nicht dabei&#8220;, sagte Kompany \u00fcber die bereits bekannten Ausf\u00e4lle beim Rekordmeister und f\u00fcgte dann hinzu: &#8222;Und Harry Kane ist nicht dabei.&#8220; Kane habe &#8222;einen Schlag auf seine Wade bekommen und hat sich noch nicht erholt&#8220;, so der Bayern-Coach weiter. Mit Blick auf den komfortablen Elf-Punkte-Vorsprung der Bayern auf <a class=\"transition-colors duration-200 cursor-pointer text-inherit no-underline text-salemsfur md:hover:text-magenta md:hover:border-magenta md:focus:text-magenta border-current border-b border-solid break-words\" href=\"https:\/\/www.t-online.de\/themen\/borussia-dortmund\/\" data-sctrack=\"BodyAnchor\" rel=\"nofollow noopener\" target=\"_blank\">Borussia Dortmund<\/a> in der <a class=\"transition-colors duration-200 cursor-pointer text-inherit no-underline text-salemsfur md:hover:text-magenta md:hover:border-magenta md:focus:text-magenta border-current border-b border-solid break-words\" href=\"https:\/\/www.t-online.de\/sport\/fussball\/bundesliga\/\" data-sctrack=\"BodyAnchor\" rel=\"nofollow noopener\" target=\"_blank\">Bundesliga<\/a> kann Kompany den Ausfall gegen Gladbach wohl verschmerzen.<\/p>\n<p class=\"text-18 leading-17 user-text-lg:text-22 user-text-xl:text-24\">Deutlich h\u00e4rter w\u00fcrde es ihn und die Bayern aber treffen, wenn Kane auch am Dienstag (21 Uhr, im <a class=\"transition-colors duration-200 cursor-pointer text-inherit no-underline text-salemsfur md:hover:text-magenta md:hover:border-magenta md:focus:text-magenta border-current border-b border-solid break-words\" href=\"https:\/\/www.t-online.de\/sport\/live-ticker\/heute\/\" data-sctrack=\"BodyAnchor\" rel=\"nofollow noopener\" target=\"_blank\">Liveticker<\/a> bei t-online) in dem wichtigen Achtelfinalhinspiel der <a class=\"transition-colors duration-200 cursor-pointer text-inherit no-underline text-salemsfur md:hover:text-magenta md:hover:border-magenta md:focus:text-magenta border-current border-b border-solid break-words\" href=\"https:\/\/www.t-online.de\/sport\/ergebnisse-tabelle\/fussball\/champions-league-m\/ergebnisse\/sdc_fmdo-5\/champions-league-m-aktueller-spieltag.html\" data-sctrack=\"BodyAnchor\" rel=\"nofollow noopener\" target=\"_blank\">Champions League<\/a> bei <a class=\"transition-colors duration-200 cursor-pointer text-inherit no-underline text-salemsfur md:hover:text-magenta md:hover:border-magenta md:focus:text-magenta border-current border-b border-solid break-words\" href=\"https:\/\/www.t-online.de\/themen\/atalanta-bergamo\/\" data-sctrack=\"BodyAnchor\" rel=\"nofollow noopener\" target=\"_blank\">Atalanta Bergamo<\/a> ausfallen sollte.<\/p>\n<p class=\"text-18 leading-17 user-text-lg:text-22 user-text-xl:text-24\">&#8222;Es ist nur ein Schlag, das ist nichts Ernsthaftes f\u00fcr die n\u00e4chste Zeit, aber uns fehlt ein Tag vielleicht, dass er mitmachen kann&#8220;, sagte Kompany in Bezug auf die Gladbach-Partie. Auf Nachfrage zu einem m\u00f6glichen Kane-Einsatz in der Champions League erg\u00e4nzte der Trainer, davon auszugehen, dass der Topst\u00fcrmer bis dahin wieder zur Verf\u00fcgung stehen werde: &#8222;Sie sehen meine K\u00f6rpersprache, ich bin ziemlich entspannt \u2013 wir sind ziemlich entspannt. Nat\u00fcrlich h\u00e4tten wir uns Harry jetzt dabei gew\u00fcnscht. Aber das kann passieren.&#8220;<\/p>\n<p class=\"text-18 leading-17 user-text-lg:text-22 user-text-xl:text-24\">Kapit\u00e4n <a class=\"transition-colors duration-200 cursor-pointer text-inherit no-underline text-salemsfur md:hover:text-magenta md:hover:border-magenta md:focus:text-magenta border-current border-b border-solid break-words\" href=\"https:\/\/www.t-online.de\/themen\/manuel-neuer\/\" data-sctrack=\"BodyAnchor\" rel=\"nofollow noopener\" target=\"_blank\">Manuel Neuer<\/a> kehrt gegen Gladbach dagegen in den Kader zur\u00fcck. &#8222;Manu ist fit&#8220;, sagte Kompany. Neuer hatte sich im Spiel bei <a class=\"transition-colors duration-200 cursor-pointer text-inherit no-underline text-salemsfur md:hover:text-magenta md:hover:border-magenta md:focus:text-magenta border-current border-b border-solid break-words\" href=\"https:\/\/www.t-online.de\/themen\/sv-werder-bremen\/\" data-sctrack=\"BodyAnchor\" rel=\"nofollow noopener\" target=\"_blank\">Werder Bremen<\/a> am 14. Februar (3:0) einen Faserriss in der linken Wade zugezogen und war zur Halbzeit ausgewechselt worden. Wegen der Verletzung verpasste er zuletzt das Duell mit <a class=\"transition-colors duration-200 cursor-pointer text-inherit no-underline text-salemsfur md:hover:text-magenta md:hover:border-magenta md:focus:text-magenta border-current border-b border-solid break-words\" href=\"https:\/\/www.t-online.de\/themen\/eintracht-frankfurt\/\" data-sctrack=\"BodyAnchor\" rel=\"nofollow noopener\" target=\"_blank\">Eintracht Frankfurt<\/a> (3:2) sowie den Klassiker bei Borussia Dortmund (3:2).<\/p>\n","protected":false},"excerpt":{"rendered":"Schlechte Nachricht f\u00fcr Kompany Bayern-Superstar f\u00e4llt verletzt aus Aktualisiert am 05.03.2026 &#8211; 10:54 UhrLesedauer: 2 Min. Harry Kane&hellip;\n","protected":false},"author":2,"featured_media":844805,"comment_status":"","ping_status":"","sticky":false,"template":"","format":"standard","meta":{"footnotes":"","_share_on_mastodon":"0"},"categories":[136],"tags":[1534,772,815,403,468,29,217,458,30,14337,11709,35855,265,1086],"class_list":["post-844804","post","type-post","status-publish","format-standard","has-post-thumbnail","category-sport","tag-alphonso-davies","tag-bayern","tag-borussia-moenchengladbach","tag-bvb","tag-champions-league","tag-deutschland","tag-dortmund","tag-fc-bayern-muenchen","tag-germany","tag-gladbach","tag-harry-kane","tag-joshua-kimmich","tag-sport","tag-vincent-kompany"],"share_on_mastodon":{"url":"https:\/\/pubeurope.com\/@de\/116176057108057834","error":""},"_links":{"self":[{"href":"https:\/\/www.europesays.com\/de\/wp-json\/wp\/v2\/posts\/844804","targetHints":{"allow":["GET"]}}],"collection":[{"href":"https:\/\/www.europesays.com\/de\/wp-json\/wp\/v2\/posts"}],"about":[{"href":"https:\/\/www.europesays.com\/de\/wp-json\/wp\/v2\/types\/post"}],"author":[{"embeddable":true,"href":"https:\/\/www.europesays.com\/de\/wp-json\/wp\/v2\/users\/2"}],"replies":[{"embeddable":true,"href":"https:\/\/www.europesays.com\/de\/wp-json\/wp\/v2\/comments?post=844804"}],"version-history":[{"count":0,"href":"https:\/\/www.europesays.com\/de\/wp-json\/wp\/v2\/posts\/844804\/revisions"}],"wp:featuredmedia":[{"embeddable":true,"href":"https:\/\/www.europesays.com\/de\/wp-json\/wp\/v2\/media\/844805"}],"wp:attachment":[{"href":"https:\/\/www.europesays.com\/de\/wp-json\/wp\/v2\/media?parent=844804"}],"wp:term":[{"taxonomy":"category","embeddable":true,"href":"https:\/\/www.europesays.com\/de\/wp-json\/wp\/v2\/categories?post=844804"},{"taxonomy":"post_tag","embeddable":true,"href":"https:\/\/www.europesays.com\/de\/wp-json\/wp\/v2\/tags?post=844804"}],"curies":[{"name":"wp","href":"https:\/\/api.w.org\/{rel}","templated":true}]}}