{"id":844817,"date":"2026-03-05T10:24:31","date_gmt":"2026-03-05T10:24:31","guid":{"rendered":"https:\/\/www.europesays.com\/de\/844817\/"},"modified":"2026-03-05T10:24:31","modified_gmt":"2026-03-05T10:24:31","slug":"urauffuehrung-am-neuen-theater-halle-mutter-vater-rind-von-kathrin-vieregg-hallespektrum-de","status":"publish","type":"post","link":"https:\/\/www.europesays.com\/de\/844817\/","title":{"rendered":"Urauff\u00fchrung am neuen theater Halle: \u201eMutter Vater Rind\u201c von Kathrin Vieregg &#8211; HalleSpektrum.de"},"content":{"rendered":"<p>\n\t\t\t5. M\u00e4rz 2026\t\t<\/p>\n<p><strong>Premiere am 20. M\u00e4rz 2026<\/strong><\/p>\n<p>Das neue theater Halle bringt am <strong>20. M\u00e4rz 2026<\/strong> die Urauff\u00fchrung von <strong>\u201eMutter Vater Rind\u201c<\/strong>, dem 2024 mit dem Preis der jungen Dramatik ausgezeichneten Deb\u00fctst\u00fcck von <strong>Kathrin Vieregg<\/strong>, auf die B\u00fchne. Die Produktion entsteht in Kooperation mit dem <strong>Staatstheater Braunschweig<\/strong>, das den Preis gemeinsam mit dem nt verleiht.<\/p>\n<p><strong>Inhalt und Themen<\/strong><\/p>\n<p>Das St\u00fcck f\u00fchrt auf einen Hof im Spannungsfeld von Tradition und Wandel. Eine Familie versucht, Vertrautes zu bewahren \u2013 Arbeit, Zusammenhalt, Lebensentw\u00fcrfe.<br \/>Im Zentrum steht <strong>Shrimp<\/strong>, ein Kind auf der Suche nach der eigenen Zukunft zwischen Herkunft und Ver\u00e4nderung.<br \/>Viereggs Text verbindet Familiengeschichte und Strukturwandel, erz\u00e4hlt von N\u00e4he und Distanz, Verl\u00e4sslichkeit und \u00dcberforderung. Die Tragikom\u00f6die greift Motive zwischen Heimatfilm und Dystopie auf und stellt Fragen nach Identit\u00e4t, Verantwortung und Aufbruch.<\/p>\n<p><strong>Regiekonzept<\/strong><\/p>\n<p>Regisseurin <strong>Evy Schubert<\/strong> entwickelt gemeinsam mit <strong>Konstanze Grotkopp<\/strong> einen B\u00fchnenraum zwischen Labor\u00e4sthetik und Sehnsuchtsort.<br \/>Der Soundtrack von <strong>Carl-John Hoffmann<\/strong> mischt volksmusikalische Elemente mit verfremdeten Kl\u00e4ngen.<br \/>Das Kost\u00fcmbild kontrastiert typisierte Figuren und famili\u00e4re Einheit.<\/p>\n<p>Der Text ist formal besonders angelegt: tabellarisch strukturiert, mit parallelen Sprachspuren, chorischen Passagen und intimen Monologen. Zeit und Erinnerung \u00fcberlagern sich zu einem mehrstimmigen Geflecht.<\/p>\n<p><strong>Termine<\/strong><\/p>\n<ul class=\"wp-block-list\">\n<li><strong>Fr, 20.03.2026 | 20:00 | nt-Kammer | Premiere<\/strong><\/li>\n<li><strong>So, 22.03.2026 | 18:00 | nt-Kammer<\/strong><\/li>\n<li><strong>So, 05.04.2026 | 20:00 | nt-Kammer<\/strong><\/li>\n<li><strong>Sa, 18.04.2026 | 20:00 | nt-Kammer | 19:30 St\u00fcckeinf\u00fchrung<\/strong><\/li>\n<li><strong>So, 19.04.2026 | 18:00 | nt-Kammer<\/strong><\/li>\n<\/ul>\n<p><strong>Besetzung<\/strong><\/p>\n<ul class=\"wp-block-list\">\n<li><strong>Regie:<\/strong> Evy Schubert<\/li>\n<li><strong>B\u00fchne &amp; Kost\u00fcme:<\/strong> Konstanze Grotkopp<\/li>\n<li><strong>Musik:<\/strong> Carl-John Hoffmann<\/li>\n<li><strong>Dramaturgie:<\/strong> Zafer Tursun<\/li>\n<li><strong>Shrimp:<\/strong> Franz Blumstock<\/li>\n<li><strong>Vater:<\/strong> Lukas Coleselli<\/li>\n<li><strong>Mutter:<\/strong> Kinga Schmidt<\/li>\n<li><strong>Opa:<\/strong> Till Schmidt<\/li>\n<\/ul>\n<p><strong>Hintergrund zur Regisseurin<\/strong><\/p>\n<p>Evy Schubert ist Theaterautorin, Regisseurin und Multimediak\u00fcnstlerin mit Schwerpunkt neue Dramatik. Urauff\u00fchrungen u. a. am Schauspielhaus Wien, Divadlo X10 Prag und Ballhaus Ost Berlin. Engagements f\u00fchrten sie u. a. ans Burgtheater Wien, Schauspielhaus Z\u00fcrich und an das Landestheater Nieder\u00f6sterreich.<br \/>Ihre Arbeit \u201eBEAUTY\u201c wurde 2023 von Theater heute als bestes St\u00fcck nominiert. Weitere Stationen: Philosopher in Residence am Kolleg Friedrich Nietzsche, Stipendiatin beim Internationalen Forum des Berliner Theatertreffens, Einladungen zu internationalen Theaterfestivals.<br \/>Schubert studierte u. a. an der Universit\u00e4t Sorbonne Paris, der Universit\u00e4t Erfurt und der Freien Universit\u00e4t Berlin. Ihre Regieausbildung absolvierte sie an der Volksb\u00fchne am Rosa-Luxemburg-Platz.<\/p>\n","protected":false},"excerpt":{"rendered":"5. M\u00e4rz 2026 Premiere am 20. M\u00e4rz 2026 Das neue theater Halle bringt am 20. M\u00e4rz 2026 die&hellip;\n","protected":false},"author":2,"featured_media":844818,"comment_status":"","ping_status":"","sticky":false,"template":"","format":"standard","meta":{"footnotes":"","_share_on_mastodon":"0"},"categories":[1860],"tags":[50993,3364,29,548,663,3934,65408,30,4062,17332,13,188233,188234,188235,14,19880,15,188236,6003,17331,860,12,52890],"class_list":["post-844817","post","type-post","status-publish","format-standard","has-post-thumbnail","category-halle-saale","tag-strukturwandel","tag-de","tag-deutschland","tag-eu","tag-europa","tag-europe","tag-familienstueck","tag-germany","tag-halle","tag-halle-saale","tag-headlines","tag-kathrin-vieregg","tag-kooperation-staatstheater-braunschweig","tag-mutter-vater-rind","tag-nachrichten","tag-neues-theater-halle","tag-news","tag-preis-der-jungen-dramatik","tag-premiere","tag-saale","tag-sachsen-anhalt","tag-schlagzeilen","tag-urauffuehrung"],"share_on_mastodon":{"url":"https:\/\/pubeurope.com\/@de\/116176084524547692","error":""},"_links":{"self":[{"href":"https:\/\/www.europesays.com\/de\/wp-json\/wp\/v2\/posts\/844817","targetHints":{"allow":["GET"]}}],"collection":[{"href":"https:\/\/www.europesays.com\/de\/wp-json\/wp\/v2\/posts"}],"about":[{"href":"https:\/\/www.europesays.com\/de\/wp-json\/wp\/v2\/types\/post"}],"author":[{"embeddable":true,"href":"https:\/\/www.europesays.com\/de\/wp-json\/wp\/v2\/users\/2"}],"replies":[{"embeddable":true,"href":"https:\/\/www.europesays.com\/de\/wp-json\/wp\/v2\/comments?post=844817"}],"version-history":[{"count":0,"href":"https:\/\/www.europesays.com\/de\/wp-json\/wp\/v2\/posts\/844817\/revisions"}],"wp:featuredmedia":[{"embeddable":true,"href":"https:\/\/www.europesays.com\/de\/wp-json\/wp\/v2\/media\/844818"}],"wp:attachment":[{"href":"https:\/\/www.europesays.com\/de\/wp-json\/wp\/v2\/media?parent=844817"}],"wp:term":[{"taxonomy":"category","embeddable":true,"href":"https:\/\/www.europesays.com\/de\/wp-json\/wp\/v2\/categories?post=844817"},{"taxonomy":"post_tag","embeddable":true,"href":"https:\/\/www.europesays.com\/de\/wp-json\/wp\/v2\/tags?post=844817"}],"curies":[{"name":"wp","href":"https:\/\/api.w.org\/{rel}","templated":true}]}}