{"id":844964,"date":"2026-03-05T11:45:14","date_gmt":"2026-03-05T11:45:14","guid":{"rendered":"https:\/\/www.europesays.com\/de\/844964\/"},"modified":"2026-03-05T11:45:14","modified_gmt":"2026-03-05T11:45:14","slug":"union-halle-neustadt-krautmeyer-beerbt-seidler-auf-der-trainerbank","status":"publish","type":"post","link":"https:\/\/www.europesays.com\/de\/844964\/","title":{"rendered":"Union Halle-Neustadt: Krautmeyer beerbt Seidler auf der Trainerbank"},"content":{"rendered":"<p>Krautmeyer unterschreibt bis 2028<\/p>\n<p class=\"text\">\nKrautmeyer erh\u00e4lt in der Saalestadt einen bis 2028 g\u00fcltigen Zweijahresvertrag und hatte sich bereits zu Wochenbeginn seiner neuen Mannschaft vorgestellt. &#8222;Meine Version des Handballs ist sehr klar in dem Punkt, dass es die Qualit\u00e4ten der Spielerinnen sind, die bestimmen, wie der Spielstil gestaltet wird. Ich freue mich sehr auf die Aufgabe in Halle und darauf, gemeinsam mit dem Team und dem Verein den n\u00e4chsten Entwicklungsschritt zu gehen&#8220;, lie\u00df Krautmeyer mitteilen.\n<\/p>\n<p class=\"text\">\nWildcats-Vizepr\u00e4sident Thomas Wagner lobte: &#8222;Mit Pether Krautmeyer konnten wir einen Trainer gewinnen, der \u00fcber enorme internationale Erfahrung verf\u00fcgt und in seiner bisherigen Laufbahn gezeigt hat, dass er Teams entwickeln und Spielerinnen auf ein h\u00f6heres Leistungsniveau f\u00fchren kann. Besonders \u00fcberzeugt hat uns seine klare Spielphilosophie und seine F\u00e4higkeit, sowohl sportliche Qualit\u00e4t als auch menschliche Werte miteinander zu verbinden.&#8220;\n<\/p>\n<p>Halle-Neustadt k\u00e4mpft um direkten Klassenerhalt<\/p>\n<p class=\"text\">\nKrautmeyer arbeitete zuletzt als Co-Trainer der US-amerikanischen Frauen-Nationalmannschaft und bei Skara HF in seiner schwedischen Heimat. Zuvor verantwortete er das Team des polnischen Erstligisten MKS Kalisz. Seine erfolgreichste Zeit hatte Krautmeyer bei TTH Holstebro in D\u00e4nemark. Dar\u00fcber hinaus war er in der zweiten H\u00e4lfte der 2010er Jahre auch im Trainerstab der d\u00e4nischen Nationalmannschaft.<\/p>\n","protected":false},"excerpt":{"rendered":"Krautmeyer unterschreibt bis 2028 Krautmeyer erh\u00e4lt in der Saalestadt einen bis 2028 g\u00fcltigen Zweijahresvertrag und hatte sich bereits&hellip;\n","protected":false},"author":2,"featured_media":844965,"comment_status":"","ping_status":"","sticky":false,"template":"","format":"standard","meta":{"footnotes":"","_share_on_mastodon":"0"},"categories":[1860],"tags":[299,3364,29,548,663,3934,30,4062,17332,1391,10270,13,28867,81,14,15,188244,17331,860,12,3499,3498,188245,5843,101178,28865],"class_list":["post-844964","post","type-post","status-publish","format-standard","has-post-thumbnail","category-halle-saale","tag-bundesliga","tag-de","tag-deutschland","tag-eu","tag-europa","tag-europe","tag-germany","tag-halle","tag-halle-saale","tag-handball","tag-hbf","tag-headlines","tag-ines-seidler","tag-mdr","tag-nachrichten","tag-news","tag-pether-krautmeyer","tag-saale","tag-sachsen-anhalt","tag-schlagzeilen","tag-spio","tag-sport-im-osten","tag-thomas-wagner","tag-trainer","tag-union-halle-neustadt","tag-wildcats"],"share_on_mastodon":{"url":"https:\/\/pubeurope.com\/@de\/116176403231842726","error":""},"_links":{"self":[{"href":"https:\/\/www.europesays.com\/de\/wp-json\/wp\/v2\/posts\/844964","targetHints":{"allow":["GET"]}}],"collection":[{"href":"https:\/\/www.europesays.com\/de\/wp-json\/wp\/v2\/posts"}],"about":[{"href":"https:\/\/www.europesays.com\/de\/wp-json\/wp\/v2\/types\/post"}],"author":[{"embeddable":true,"href":"https:\/\/www.europesays.com\/de\/wp-json\/wp\/v2\/users\/2"}],"replies":[{"embeddable":true,"href":"https:\/\/www.europesays.com\/de\/wp-json\/wp\/v2\/comments?post=844964"}],"version-history":[{"count":0,"href":"https:\/\/www.europesays.com\/de\/wp-json\/wp\/v2\/posts\/844964\/revisions"}],"wp:featuredmedia":[{"embeddable":true,"href":"https:\/\/www.europesays.com\/de\/wp-json\/wp\/v2\/media\/844965"}],"wp:attachment":[{"href":"https:\/\/www.europesays.com\/de\/wp-json\/wp\/v2\/media?parent=844964"}],"wp:term":[{"taxonomy":"category","embeddable":true,"href":"https:\/\/www.europesays.com\/de\/wp-json\/wp\/v2\/categories?post=844964"},{"taxonomy":"post_tag","embeddable":true,"href":"https:\/\/www.europesays.com\/de\/wp-json\/wp\/v2\/tags?post=844964"}],"curies":[{"name":"wp","href":"https:\/\/api.w.org\/{rel}","templated":true}]}}